{"id":11276,"date":"2013-07-05T14:49:03","date_gmt":"2013-07-05T12:49:03","guid":{"rendered":"http:\/\/stockportal.hu\/?p=11276"},"modified":"2013-07-05T14:49:03","modified_gmt":"2013-07-05T12:49:03","slug":"nott-a-foglalkoztatottak-szama-az-egyesult-allamokban-juniusban","status":"publish","type":"post","link":"https:\/\/gazdasagportal.hu\/index.php\/nott-a-foglalkoztatottak-szama-az-egyesult-allamokban-juniusban\/","title":{"rendered":"N\u0151tt a foglalkoztatottak sz\u00e1ma az Egyes\u00fclt \u00c1llamokban j\u00faniusban"},"content":{"rendered":"<p><strong>Az Egyes\u00fclt \u00c1llamokban v\u00e1ratlanul nagy m\u00e9rt\u00e9kben n\u0151tt j\u00faniusban a nem mez\u0151gazdas\u00e1gi \u00e1gazatokban foglalkoztatottak sz\u00e1ma, ugyanakkor a munkan\u00e9lk\u00fclis\u00e9gi r\u00e1ta nem cs\u00f6kkent &#8211; k\u00f6z\u00f6lte az Egyes\u00fclt \u00c1llamok munka\u00fcgyi miniszt\u00e9rium\u00e1nak statisztikai hivatala a BLS (U.S. Bureau of Labor Statistics) p\u00e9nteken.<!--more--><\/strong><\/p>\n<p>A nem mez\u0151gazdas\u00e1gi \u00e1gazatokban foglalkoztatottak sz\u00e1ma j\u00faniusban 195 ezerrel n\u0151tt, szemben a 165 ezres elemz\u0151i v\u00e1rakoz\u00e1sokkal.<br \/>\nA BLS az el\u0151z\u0151 havi, m\u00e1jusi n\u00f6veked\u00e9si adatot 175 ezerr\u0151l 195 ezerre m\u00f3dos\u00edtotta.<br \/>\nJ\u00faniusban 11,8 milli\u00f3 regisztr\u00e1lt munkan\u00e9lk\u00fclit tartottak nyilv\u00e1n, ami &#8211; ugyan\u00fagy mint az el\u0151z\u0151 h\u00f3napban &#8211; 7,6 sz\u00e1zal\u00e9kos munkan\u00e9lk\u00fclis\u00e9gi r\u00e1t\u00e1nak felel meg. Elemz\u0151k 7,5 sz\u00e1zal\u00e9kos munkan\u00e9lk\u00fclis\u00e9gi r\u00e1t\u00e1t v\u00e1rtak.(MTI)<\/p>\n","protected":false},"excerpt":{"rendered":"<p>Az Egyes\u00fclt \u00c1llamokban v\u00e1ratlanul nagy m\u00e9rt\u00e9kben n\u0151tt j\u00faniusban a nem mez\u0151gazdas\u00e1gi \u00e1gazatokban foglalkoztatottak sz\u00e1ma, ugyanakkor a munkan\u00e9lk\u00fclis\u00e9gi r\u00e1ta nem cs\u00f6kkent &#8211; k\u00f6z\u00f6lte az Egyes\u00fclt \u00c1llamok munka\u00fcgyi miniszt\u00e9rium\u00e1nak statisztikai hivatala a BLS (U.S. Bureau of Labor Statistics) p\u00e9nteken.<\/p>\n","protected":false},"author":1,"featured_media":518,"comment_status":"open","ping_status":"closed","sticky":false,"template":"","format":"standard","meta":[],"categories":[13,1,8],"tags":[],"_links":{"self":[{"href":"https:\/\/gazdasagportal.hu\/index.php\/wp-json\/wp\/v2\/posts\/11276"}],"collection":[{"href":"https:\/\/gazdasagportal.hu\/index.php\/wp-json\/wp\/v2\/posts"}],"about":[{"href":"https:\/\/gazdasagportal.hu\/index.php\/wp-json\/wp\/v2\/types\/post"}],"author":[{"embeddable":true,"href":"https:\/\/gazdasagportal.hu\/index.php\/wp-json\/wp\/v2\/users\/1"}],"replies":[{"embeddable":true,"href":"https:\/\/gazdasagportal.hu\/index.php\/wp-json\/wp\/v2\/comments?post=11276"}],"version-history":[{"count":2,"href":"https:\/\/gazdasagportal.hu\/index.php\/wp-json\/wp\/v2\/posts\/11276\/revisions"}],"predecessor-version":[{"id":11278,"href":"https:\/\/gazdasagportal.hu\/index.php\/wp-json\/wp\/v2\/posts\/11276\/revisions\/11278"}],"wp:featuredmedia":[{"embeddable":true,"href":"https:\/\/gazdasagportal.hu\/index.php\/wp-json\/wp\/v2\/media\/518"}],"wp:attachment":[{"href":"https:\/\/gazdasagportal.hu\/index.php\/wp-json\/wp\/v2\/media?parent=11276"}],"wp:term":[{"taxonomy":"category","embeddable":true,"href":"https:\/\/gazdasagportal.hu\/index.php\/wp-json\/wp\/v2\/categories?post=11276"},{"taxonomy":"post_tag","embeddable":true,"href":"https:\/\/gazdasagportal.hu\/index.php\/wp-json\/wp\/v2\/tags?post=11276"}],"curies":[{"name":"wp","href":"https:\/\/api.w.org\/{rel}","templated":true}]}}