{"id":112721,"date":"2019-01-14T12:50:02","date_gmt":"2019-01-14T11:50:02","guid":{"rendered":"http:\/\/gazdasagportal.hu\/?p=112721"},"modified":"2019-01-14T12:50:02","modified_gmt":"2019-01-14T11:50:02","slug":"a-vartnal-erosebben-csokkent-az-euroovezet-ipari-termelese-novemberben","status":"publish","type":"post","link":"https:\/\/gazdasagportal.hu\/index.php\/a-vartnal-erosebben-csokkent-az-euroovezet-ipari-termelese-novemberben\/","title":{"rendered":"A v\u00e1rtn\u00e1l er\u0151sebben cs\u00f6kkent az eur\u00f3\u00f6vezet ipari termel\u00e9se novemberben"},"content":{"rendered":"<p><strong>A v\u00e1rtn\u00e1l er\u0151sebben cs\u00f6kkent az eur\u00f3\u00f6vezet ipari termel\u00e9se novemberben, ami v\u00e9gk\u00e9pp szertefoszlatja azokat a rem\u00e9nyeket, hogy felpattan a n\u00f6veked\u00e9s a gyenge harmadik negyed\u00e9ves teljes\u00edtm\u00e9ny ut\u00e1n. <\/strong><!--more--><\/p>\n<div class=\"ads-in-post1\"><div id=\"gazdasagportal.hu_fullbanner_wideboard\"><\/div>\r\n<\/div>\n<p>    Az Eur\u00f3pai Uni\u00f3 statisztikai hivatala (Eurostat) \u00e1ltal h\u00e9tf\u0151n kiadott jelent\u00e9s szerint, napt\u00e1ri kiigaz\u00edt\u00e1ssal sz\u00e1molva, \u00e9ves \u00f6sszevet\u00e9sben 3,3 sz\u00e1zal\u00e9kkal esett vissza az eur\u00f3\u00f6vezet 19 tag\u00e1llam\u00e1nak ipari termel\u00e9se, havi szinten pedig napt\u00e1rhat\u00e1ssal \u00e9s szezon\u00e1lis kiigaz\u00edt\u00e1ssal sz\u00e1molva 1,7 sz\u00e1zal\u00e9kos cs\u00f6kken\u00e9st m\u00e9rtek novemberben. Enn\u00e9l nagyobb havi szint\u0171 visszaes\u00e9st legut\u00f3bb 2016 febru\u00e1rj\u00e1ban m\u00e9rtek, akkor 2,1 sz\u00e1zal\u00e9kosat.<br \/>\n    Elemz\u0151k \u00e9ves \u00f6sszevet\u00e9sben 1,5 sz\u00e1zal\u00e9kos cs\u00f6kken\u00e9sre sz\u00e1m\u00edtottak az el\u0151z\u0151 havi 0,1 sz\u00e1zal\u00e9kos n\u00f6veked\u00e9s ut\u00e1n. Havi szinten 2,3 sz\u00e1zal\u00e9kos visszaes\u00e9st v\u00e1rtak az okt\u00f3berben m\u00e9rt 1,2 sz\u00e1zal\u00e9kos emelked\u00e9s ut\u00e1n.<br \/>\n<div class=\"ads-in-post2\"><script async src=\"https:\/\/pagead2.googlesyndication.com\/pagead\/js\/adsbygoogle.js\"><\/script>\r\n<ins class=\"adsbygoogle\"\r\n     style=\"display:block\"\r\n     data-ad-format=\"fluid\"\r\n     data-ad-layout-key=\"-6t+ed+2i-1n-4w\"\r\n     data-ad-client=\"ca-pub-1959107119989764\"\r\n     data-ad-slot=\"4008251320\"><\/ins>\r\n<script>\r\n     (adsbygoogle = window.adsbygoogle || []).push({});\r\n<\/script><\/div>\n    Az ipari termel\u00e9s jelent\u0151s cs\u00f6kken\u00e9se feler\u0151s\u00edtette azokat az aggodalmakat, hogy t\u00f6bb nagy eur\u00f3\u00f6vezeti gazdas\u00e1g, \u00edgy N\u00e9metorsz\u00e1g \u00e9s Olaszorsz\u00e1g is technikai recesszi\u00f3ba ker\u00fclhetett a negyedik negyed\u00e9vben.<br \/>\n    Az Eur\u00f3pai Uni\u00f3 28 tag\u00e1llam\u00e1ban okt\u00f3berhez k\u00e9pest szint\u00e9n 1,2 sz\u00e1zal\u00e9kkal, tavaly novemberhez k\u00e9pest pedig 2,2 sz\u00e1zal\u00e9kkal cs\u00f6kkent az ipari termel\u00e9s. Okt\u00f3berben az uni\u00f3ban 1,3 sz\u00e1zal\u00e9kkal b\u0151v\u00fclt az ipari termel\u00e9s \u00e9ves \u00f6sszevet\u00e9sben, m\u00edg havi szinten 0,1 sz\u00e1zal\u00e9kos volt a n\u00f6veked\u00e9s.<br \/>\n    Novemberben havi \u00f6sszevet\u00e9sben a legnagyobb m\u00e9rt\u00e9kben \u00c9sztorsz\u00e1gban n\u0151tt az ipari termel\u00e9s, 4,5 sz\u00e1zal\u00e9kkal, G\u00f6r\u00f6gorsz\u00e1gban 3,1 sz\u00e1zal\u00e9kkal, M\u00e1lt\u00e1n pedig 2,6 sz\u00e1zal\u00e9kkal. A legnagyobb cs\u00f6kken\u00e9st \u00cdrorsz\u00e1gban m\u00e9rt\u00e9k, 7,5 sz\u00e1zal\u00e9kosat, majd Portug\u00e1lia k\u00f6vetkezik 2,5 sz\u00e1zal\u00e9kkal, valamint N\u00e9metorsz\u00e1g \u00e9s Litv\u00e1nia 1,9-1,9 sz\u00e1zal\u00e9kkal.<br \/>\n    Az egy \u00e9vvel kor\u00e1bbihoz k\u00e9pest a legnagyobb m\u00e9rt\u00e9kben \u00c9sztorsz\u00e1g ipari termel\u00e9se n\u0151tt, 7,9 sz\u00e1zal\u00e9kkal, a sorban k\u00f6vetkez\u0151 Lengyelorsz\u00e1gban 5,3 sz\u00e1zal\u00e9k, Magyarorsz\u00e1gon pedig 3,5 sz\u00e1zal\u00e9k volt a n\u00f6veked\u00e9s. A leger\u0151sebb visszaes\u00e9st \u00cdrorsz\u00e1gban m\u00e9rt\u00e9k, 9,1 sz\u00e1zal\u00e9kot, N\u00e9metorsz\u00e1gban 5,1 sz\u00e1zal\u00e9kot, Portug\u00e1li\u00e1ban pedig 2,9 sz\u00e1zal\u00e9kot.(MTI)<\/p>\n","protected":false},"excerpt":{"rendered":"<p>A v\u00e1rtn\u00e1l er\u0151sebben cs\u00f6kkent az eur\u00f3\u00f6vezet ipari termel\u00e9se novemberben, ami v\u00e9gk\u00e9pp szertefoszlatja azokat a rem\u00e9nyeket, hogy felpattan a n\u00f6veked\u00e9s a gyenge harmadik negyed\u00e9ves teljes\u00edtm\u00e9ny ut\u00e1n.<\/p>\n","protected":false},"author":1,"featured_media":0,"comment_status":"closed","ping_status":"open","sticky":false,"template":"","format":"standard","meta":[],"categories":[246],"tags":[],"_links":{"self":[{"href":"https:\/\/gazdasagportal.hu\/index.php\/wp-json\/wp\/v2\/posts\/112721"}],"collection":[{"href":"https:\/\/gazdasagportal.hu\/index.php\/wp-json\/wp\/v2\/posts"}],"about":[{"href":"https:\/\/gazdasagportal.hu\/index.php\/wp-json\/wp\/v2\/types\/post"}],"author":[{"embeddable":true,"href":"https:\/\/gazdasagportal.hu\/index.php\/wp-json\/wp\/v2\/users\/1"}],"replies":[{"embeddable":true,"href":"https:\/\/gazdasagportal.hu\/index.php\/wp-json\/wp\/v2\/comments?post=112721"}],"version-history":[{"count":1,"href":"https:\/\/gazdasagportal.hu\/index.php\/wp-json\/wp\/v2\/posts\/112721\/revisions"}],"predecessor-version":[{"id":112722,"href":"https:\/\/gazdasagportal.hu\/index.php\/wp-json\/wp\/v2\/posts\/112721\/revisions\/112722"}],"wp:attachment":[{"href":"https:\/\/gazdasagportal.hu\/index.php\/wp-json\/wp\/v2\/media?parent=112721"}],"wp:term":[{"taxonomy":"category","embeddable":true,"href":"https:\/\/gazdasagportal.hu\/index.php\/wp-json\/wp\/v2\/categories?post=112721"},{"taxonomy":"post_tag","embeddable":true,"href":"https:\/\/gazdasagportal.hu\/index.php\/wp-json\/wp\/v2\/tags?post=112721"}],"curies":[{"name":"wp","href":"https:\/\/api.w.org\/{rel}","templated":true}]}}