{"id":11269,"date":"2013-07-05T14:01:20","date_gmt":"2013-07-05T12:01:20","guid":{"rendered":"http:\/\/stockportal.hu\/?p=11269"},"modified":"2013-07-05T14:01:20","modified_gmt":"2013-07-05T12:01:20","slug":"az-akk-zrt-eddig-harom-letelepedesi-magyar-allamkotvenyt-ertekesitett","status":"publish","type":"post","link":"https:\/\/gazdasagportal.hu\/index.php\/az-akk-zrt-eddig-harom-letelepedesi-magyar-allamkotvenyt-ertekesitett\/","title":{"rendered":"Az \u00c1KK Zrt. eddig h\u00e1rom Leteleped\u00e9si Magyar \u00c1llamk\u00f6tv\u00e9nyt \u00e9rt\u00e9kes\u00edtett"},"content":{"rendered":"<p><strong>Az \u00c1llamad\u00f3ss\u00e1g Kezel\u0151 K\u00f6zpont Zrt. (\u00c1KK) eddig h\u00e1rom, egyenk\u00e9nt 250 ezer eur\u00f3 n\u00e9v\u00e9rt\u00e9k\u0171 Leteleped\u00e9si Magyar \u00c1llamk\u00f6tv\u00e9nyt \u00e9rt\u00e9kes\u00edtett &#8211; k\u00f6z\u00f6lte a t\u00e1rsas\u00e1g p\u00e9nteken az MTI-vel.<!--more--><\/strong><\/p>\n<p>A k\u00f6zlem\u00e9nyben az \u00c1KK kiemeli, hogy h\u00e9tre n\u0151tt az ilyen \u00e1llamk\u00f6tv\u00e9nyek v\u00e1s\u00e1rl\u00e1s\u00e1ra felhatalmazott v\u00e1llalkoz\u00e1sok sz\u00e1ma, amelyek k\u00f6z\u00fcl h\u00e1rom k\u00f6zvet\u00edt\u0151vel az \u00c1KK keretszerz\u0151d\u00e9st is al\u00e1\u00edrt.<br \/>\nA t\u00e1rsas\u00e1g eml\u00e9keztet arra, hogy a Leteleped\u00e9si Magyar \u00c1llamk\u00f6tv\u00e9nyt nem k\u00f6zvetlen\u00fcl a letelep\u00fcl\u00e9st k\u00e9relmez\u0151 harmadik orsz\u00e1gbeli \u00e1llampolg\u00e1rok, hanem csak azok, az Orsz\u00e1ggy\u0171l\u00e9s Gazdas\u00e1gi \u00e9s informatikai bizotts\u00e1ga \u00e1ltal j\u00f3v\u00e1hagyott v\u00e1llalkoz\u00e1sok v\u00e1s\u00e1rolhatj\u00e1k meg, amelyek az \u00c1KK-val erre ir\u00e1nyul\u00f3 szerz\u0151d\u00e9st k\u00f6t\u00f6ttek.<br \/>\nA v\u00e1llalkoz\u00e1s legal\u00e1bb \u00f6t\u00e9ves futamidej\u0171 saj\u00e1t \u00e9rt\u00e9kpap\u00edrt bocs\u00e1t ki, amelyb\u0151l a Magyarorsz\u00e1gon tart\u00f3zkod\u00e1si enged\u00e9lyt k\u00e9relmez\u0151knek legal\u00e1bb 250 ezer eur\u00f3 n\u00e9v\u00e9rt\u00e9knek megfelel\u0151t kell birtokolniuk legal\u00e1bb 5 \u00e9vig.<br \/>\nA v\u00e1llalkoz\u00e1s teh\u00e1t nem a Leteleped\u00e9si Magyar \u00c1llamk\u00f6tv\u00e9nyt \u00e9rt\u00e9kes\u00edti tov\u00e1bb, hanem a saj\u00e1t \u00e9rt\u00e9kpap\u00edrj\u00e1t (p\u00e9ld\u00e1ul befektet\u00e9si jegy) adja el. Ezen \u00e9rt\u00e9kpap\u00edr egyes konkr\u00e9t jellemz\u0151ir\u0151l (k\u00fcl\u00f6n\u00f6sen p\u00e9ld\u00e1ul a kamatoz\u00e1sr\u00f3l vagy a hozamr\u00f3l) a magyar jogszab\u00e1lyok nem rendelkeznek.<br \/>\nA v\u00e1llalkoz\u00e1s a saj\u00e1t \u00e9rt\u00e9kpap\u00edr \u00e9rt\u00e9kes\u00edt\u00e9s\u00e9b\u0151l befolyt \u00f6sszegb\u0151l jegyzi le a 250 ezer eur\u00f3 n\u00e9v\u00e9rt\u00e9k\u0171, n\u00e9v\u00e9rt\u00e9k alatt, \u00fagynevezett diszkont \u00e1ron kibocs\u00e1tott Leteleped\u00e9si Magyar \u00c1llamk\u00f6tv\u00e9nyt.<br \/>\nA jogszab\u00e1lyi rendelkez\u00e9sek szerint az \u00c1KK Zrt. kiz\u00e1r\u00f3lag a Leteleped\u00e9si Magyar \u00c1llamk\u00f6tv\u00e9ny z\u00e1rtk\u00f6r\u0171 forgalomba hozatal\u00e1ban r\u00e9szt vev\u0151 v\u00e1llalkoz\u00e1s adatait ismeri, \u00edgy arra vonatkoz\u00f3an nem rendelkezik inform\u00e1ci\u00f3val, hogy az \u00e9rintett v\u00e1llalkoz\u00e1s \u00e1ltal kibocs\u00e1tott \u00e9rt\u00e9kpap\u00edrt milyen nemzetis\u00e9g\u0171 mag\u00e1nszem\u00e9lyek jegyezt\u00e9k, v\u00e1s\u00e1rolt\u00e1k &#8211; olvashat\u00f3 a k\u00f6zlem\u00e9nyben.(MTI)<\/p>\n","protected":false},"excerpt":{"rendered":"<p>Az \u00c1llamad\u00f3ss\u00e1g Kezel\u0151 K\u00f6zpont Zrt. (\u00c1KK) eddig h\u00e1rom, egyenk\u00e9nt 250 ezer eur\u00f3 n\u00e9v\u00e9rt\u00e9k\u0171 Leteleped\u00e9si Magyar \u00c1llamk\u00f6tv\u00e9nyt \u00e9rt\u00e9kes\u00edtett &#8211; k\u00f6z\u00f6lte a t\u00e1rsas\u00e1g p\u00e9nteken az MTI-vel.<\/p>\n","protected":false},"author":1,"featured_media":0,"comment_status":"open","ping_status":"closed","sticky":false,"template":"","format":"standard","meta":[],"categories":[19,31],"tags":[],"_links":{"self":[{"href":"https:\/\/gazdasagportal.hu\/index.php\/wp-json\/wp\/v2\/posts\/11269"}],"collection":[{"href":"https:\/\/gazdasagportal.hu\/index.php\/wp-json\/wp\/v2\/posts"}],"about":[{"href":"https:\/\/gazdasagportal.hu\/index.php\/wp-json\/wp\/v2\/types\/post"}],"author":[{"embeddable":true,"href":"https:\/\/gazdasagportal.hu\/index.php\/wp-json\/wp\/v2\/users\/1"}],"replies":[{"embeddable":true,"href":"https:\/\/gazdasagportal.hu\/index.php\/wp-json\/wp\/v2\/comments?post=11269"}],"version-history":[{"count":2,"href":"https:\/\/gazdasagportal.hu\/index.php\/wp-json\/wp\/v2\/posts\/11269\/revisions"}],"predecessor-version":[{"id":11271,"href":"https:\/\/gazdasagportal.hu\/index.php\/wp-json\/wp\/v2\/posts\/11269\/revisions\/11271"}],"wp:attachment":[{"href":"https:\/\/gazdasagportal.hu\/index.php\/wp-json\/wp\/v2\/media?parent=11269"}],"wp:term":[{"taxonomy":"category","embeddable":true,"href":"https:\/\/gazdasagportal.hu\/index.php\/wp-json\/wp\/v2\/categories?post=11269"},{"taxonomy":"post_tag","embeddable":true,"href":"https:\/\/gazdasagportal.hu\/index.php\/wp-json\/wp\/v2\/tags?post=11269"}],"curies":[{"name":"wp","href":"https:\/\/api.w.org\/{rel}","templated":true}]}}