{"id":112677,"date":"2019-01-12T12:12:53","date_gmt":"2019-01-12T11:12:53","guid":{"rendered":"http:\/\/gazdasagportal.hu\/?p=112677"},"modified":"2019-01-12T12:12:53","modified_gmt":"2019-01-12T11:12:53","slug":"szallo-por-tovabb-romlott-a-levegominoseg","status":"publish","type":"post","link":"https:\/\/gazdasagportal.hu\/index.php\/szallo-por-tovabb-romlott-a-levegominoseg\/","title":{"rendered":"Sz\u00e1ll\u00f3 por &#8211; Tov\u00e1bb romlott a leveg\u0151min\u0151s\u00e9g"},"content":{"rendered":"<p><strong>Az \u00e9szaki \u00e9s az \u00e9szakkeleti orsz\u00e1gr\u00e9szben t\u00f6bb helyen is romlott a leveg\u0151 min\u0151s\u00e9ge a magas sz\u00e1ll\u00f3 por (PM10) tartalom miatt &#8211; k\u00f6z\u00f6lte a Nemzeti N\u00e9peg\u00e9szs\u00e9g\u00fcgyi K\u00f6zpont szombaton az MTI-vel.<\/strong><!--more--><\/p>\n<div class=\"ads-in-post1\"><div id=\"gazdasagportal.hu_fullbanner_wideboard\"><\/div>\r\n<\/div>\n<p>    Tov\u00e1bbra is vesz\u00e9lyes a leveg\u0151 min\u0151s\u00e9ge Putnokon. Kazincbarcika, Miskolc, Saj\u00f3szentp\u00e9ter \u00e9s Salg\u00f3tarj\u00e1n t\u00e9rs\u00e9g\u00e9ben a leveg\u0151 eg\u00e9szs\u00e9gtelen min\u0151s\u00edt\u00e9st kapott. A Leveg\u0151higi\u00e9n\u00e9s Index alapj\u00e1n tov\u00e1bbi n\u00e9gy telep\u00fcl\u00e9sen &#8211; Eger, Oszl\u00e1r, Ny\u00edregyh\u00e1za, Szolnok &#8211; kifog\u00e1solt volt a leveg\u0151 min\u0151s\u00e9ge.<br \/>\n<div class=\"ads-in-post2\"><script async src=\"https:\/\/pagead2.googlesyndication.com\/pagead\/js\/adsbygoogle.js\"><\/script>\r\n<ins class=\"adsbygoogle\"\r\n     style=\"display:block\"\r\n     data-ad-format=\"fluid\"\r\n     data-ad-layout-key=\"-6t+ed+2i-1n-4w\"\r\n     data-ad-client=\"ca-pub-1959107119989764\"\r\n     data-ad-slot=\"4008251320\"><\/ins>\r\n<script>\r\n     (adsbygoogle = window.adsbygoogle || []).push({});\r\n<\/script><\/div>\n    Kiemelt\u00e9k: a l\u00e9g\u00fati megbeteged\u00e9sben szenved\u0151k sz\u00e1m\u00edthatnak t\u00fcneteik feler\u0151s\u00f6d\u00e9s\u00e9re. A Nemzeti N\u00e9peg\u00e9szs\u00e9g\u00fcgyi K\u00f6zpont az eg\u00e9szs\u00e9gtelen \u00e9s vesz\u00e9lyes leveg\u0151min\u0151s\u00e9g\u0171 helyeken nem javasolja a hosszabb ideig szabadban tart\u00f3zkod\u00e1st, tov\u00e1bb\u00e1 k\u00e9ri az \u00e9rintett ter\u00fcleteken a szil\u00e1rd t\u00fczel\u0151anyagok haszn\u00e1lat\u00e1nak mell\u0151z\u00e9s\u00e9t.(MTI)<\/p>\n","protected":false},"excerpt":{"rendered":"<p>Az \u00e9szaki \u00e9s az \u00e9szakkeleti orsz\u00e1gr\u00e9szben t\u00f6bb helyen is romlott a leveg\u0151 min\u0151s\u00e9ge a magas sz\u00e1ll\u00f3 por (PM10) tartalom miatt &#8211; k\u00f6z\u00f6lte a Nemzeti N\u00e9peg\u00e9szs\u00e9g\u00fcgyi K\u00f6zpont szombaton az MTI-vel.<\/p>\n","protected":false},"author":1001003,"featured_media":0,"comment_status":"closed","ping_status":"open","sticky":false,"template":"","format":"standard","meta":[],"categories":[4],"tags":[],"_links":{"self":[{"href":"https:\/\/gazdasagportal.hu\/index.php\/wp-json\/wp\/v2\/posts\/112677"}],"collection":[{"href":"https:\/\/gazdasagportal.hu\/index.php\/wp-json\/wp\/v2\/posts"}],"about":[{"href":"https:\/\/gazdasagportal.hu\/index.php\/wp-json\/wp\/v2\/types\/post"}],"author":[{"embeddable":true,"href":"https:\/\/gazdasagportal.hu\/index.php\/wp-json\/wp\/v2\/users\/1001003"}],"replies":[{"embeddable":true,"href":"https:\/\/gazdasagportal.hu\/index.php\/wp-json\/wp\/v2\/comments?post=112677"}],"version-history":[{"count":1,"href":"https:\/\/gazdasagportal.hu\/index.php\/wp-json\/wp\/v2\/posts\/112677\/revisions"}],"predecessor-version":[{"id":112678,"href":"https:\/\/gazdasagportal.hu\/index.php\/wp-json\/wp\/v2\/posts\/112677\/revisions\/112678"}],"wp:attachment":[{"href":"https:\/\/gazdasagportal.hu\/index.php\/wp-json\/wp\/v2\/media?parent=112677"}],"wp:term":[{"taxonomy":"category","embeddable":true,"href":"https:\/\/gazdasagportal.hu\/index.php\/wp-json\/wp\/v2\/categories?post=112677"},{"taxonomy":"post_tag","embeddable":true,"href":"https:\/\/gazdasagportal.hu\/index.php\/wp-json\/wp\/v2\/tags?post=112677"}],"curies":[{"name":"wp","href":"https:\/\/api.w.org\/{rel}","templated":true}]}}