{"id":112667,"date":"2019-01-11T16:33:56","date_gmt":"2019-01-11T15:33:56","guid":{"rendered":"http:\/\/gazdasagportal.hu\/?p=112667"},"modified":"2019-01-11T16:33:56","modified_gmt":"2019-01-11T15:33:56","slug":"bombafenyegetes-miatt-kiuritettek-tobb-birosagi-epuletet-nemetorszagban","status":"publish","type":"post","link":"https:\/\/gazdasagportal.hu\/index.php\/bombafenyegetes-miatt-kiuritettek-tobb-birosagi-epuletet-nemetorszagban\/","title":{"rendered":"Bombafenyeget\u00e9s miatt ki\u00fcr\u00edtettek t\u00f6bb b\u00edr\u00f3s\u00e1gi \u00e9p\u00fcletet N\u00e9metorsz\u00e1gban"},"content":{"rendered":"<p><strong>Bombafenyeget\u00e9s miatt ki\u00fcr\u00edtettek t\u00f6bb b\u00edr\u00f3s\u00e1gi \u00e9p\u00fcletet p\u00e9nteken N\u00e9metorsz\u00e1gban, a riaszt\u00e1s v\u00e9g\u00fcl vakl\u00e1rm\u00e1nak bizonyult.<\/strong><!--more--><\/p>\n<div class=\"ads-in-post1\"><div id=\"gazdasagportal.hu_fullbanner_wideboard\"><\/div>\r\n<\/div>\n<p>    Az e-mailben \u00e9rkezett fenyeget\u00e9sek miatt ki\u00fcr\u00edtett\u00e9k a potsdami, a magdeburgi, az erfurti, a wiesbadeni, a saarbr\u00fcckeni \u00e9s a kieli tartom\u00e1nyi b\u00edr\u00f3s\u00e1g \u00e9p\u00fclet\u00e9t.<br \/>\n    A legt\u00f6bb lev\u00e9l n\u00e9vtelen volt, kiv\u00e9ve a kieli b\u00edr\u00f3s\u00e1gra vonatkoz\u00f3t, amelyben egy bizonyos &#8222;nemzetiszocialista offenz\u00edva&#8221; fenyegetett robbant\u00e1ssal &#8211; sz\u00e1molt be r\u00f3la a helyi rend\u0151rs\u00e9gre hivatkozva az ARD orsz\u00e1gos k\u00f6ztelev\u00edzi\u00f3.<br \/>\n    Fenyeget\u00e9s \u00e9rte a hamburgi tartom\u00e1nyi b\u00edr\u00f3s\u00e1got is, de ott a hat\u00f3s\u00e1gok nem rendelt\u00e9k el az \u00e9p\u00fclet ki\u00fcr\u00edt\u00e9s\u00e9t.<br \/>\n<div class=\"ads-in-post2\"><script async src=\"https:\/\/pagead2.googlesyndication.com\/pagead\/js\/adsbygoogle.js\"><\/script>\r\n<ins class=\"adsbygoogle\"\r\n     style=\"display:block\"\r\n     data-ad-format=\"fluid\"\r\n     data-ad-layout-key=\"-6t+ed+2i-1n-4w\"\r\n     data-ad-client=\"ca-pub-1959107119989764\"\r\n     data-ad-slot=\"4008251320\"><\/ins>\r\n<script>\r\n     (adsbygoogle = window.adsbygoogle || []).push({});\r\n<\/script><\/div>\n    Potsdamban &#8211; Brandenburg tartom\u00e1ny f\u0151v\u00e1ros\u00e1ban &#8211; viszont ki\u00fcr\u00edtettek egy eg\u00e9sz \u00e9p\u00fcletegy\u00fcttes, amelyben a tartom\u00e1nyi b\u00edr\u00f3s\u00e1g mellett t\u00f6bb tov\u00e1bbi igazs\u00e1gszolg\u00e1ltat\u00e1si szerv m\u0171k\u00f6dik t\u00f6bb sz\u00e1z dolgoz\u00f3val. A helysz\u00ednt robban\u00f3szer keres\u00e9s\u00e9re kik\u00e9pzett kuty\u00e1kkal kutatt\u00e1k \u00e1t a t\u0171zszer\u00e9szek. A Rundfunk Berlin-Brandenburg (RBB) region\u00e1lis k\u00f6zszolg\u00e1lati m\u00e9diat\u00e1rsas\u00e1g jelent\u00e9se szerint robban\u00f3szert vagy gyan\u00fas t\u00e1rgyat nem tal\u00e1ltak<br \/>\n    D\u00e9lut\u00e1nra az \u00f6sszes t\u00f6bbi helysz\u00ednen is befejezt\u00e9k a vizsg\u00e1latot, vesz\u00e9lyes vagy gyan\u00fas anyagot vagy t\u00e1rgyat nem tal\u00e1ltak. Katarina Barley sz\u00f6vets\u00e9gi igazs\u00e1g\u00fcgyi miniszter el\u00edt\u00e9lte a bombafenyeget\u00e9seket, k\u00f6zlem\u00e9ny\u00e9ben hangs\u00falyozta, hogy &#8222;a f\u00fcggetlen igazs\u00e1gszolg\u00e1ltat\u00e1s \u00e9s demokratikus k\u00f6z\u00f6ss\u00e9g\u00fcnk ellen int\u00e9z t\u00e1mad\u00e1st, aki b\u00edr\u00f3s\u00e1gokat fenyeget&#8221;.<br \/>\n    Az ut\u00f3bbi hetekben m\u00e1s n\u00e9metorsz\u00e1gi b\u00edr\u00f3s\u00e1gokat is megfenyegettek robbant\u00e1ssal, ezek az esetek is rendre vakl\u00e1rm\u00e1nak bizonyultak.(MTI)<\/p>\n","protected":false},"excerpt":{"rendered":"<p>Bombafenyeget\u00e9s miatt ki\u00fcr\u00edtettek t\u00f6bb b\u00edr\u00f3s\u00e1gi \u00e9p\u00fcletet p\u00e9nteken N\u00e9metorsz\u00e1gban, a riaszt\u00e1s v\u00e9g\u00fcl vakl\u00e1rm\u00e1nak bizonyult.<\/p>\n","protected":false},"author":1,"featured_media":0,"comment_status":"closed","ping_status":"open","sticky":false,"template":"","format":"standard","meta":[],"categories":[12],"tags":[],"_links":{"self":[{"href":"https:\/\/gazdasagportal.hu\/index.php\/wp-json\/wp\/v2\/posts\/112667"}],"collection":[{"href":"https:\/\/gazdasagportal.hu\/index.php\/wp-json\/wp\/v2\/posts"}],"about":[{"href":"https:\/\/gazdasagportal.hu\/index.php\/wp-json\/wp\/v2\/types\/post"}],"author":[{"embeddable":true,"href":"https:\/\/gazdasagportal.hu\/index.php\/wp-json\/wp\/v2\/users\/1"}],"replies":[{"embeddable":true,"href":"https:\/\/gazdasagportal.hu\/index.php\/wp-json\/wp\/v2\/comments?post=112667"}],"version-history":[{"count":1,"href":"https:\/\/gazdasagportal.hu\/index.php\/wp-json\/wp\/v2\/posts\/112667\/revisions"}],"predecessor-version":[{"id":112668,"href":"https:\/\/gazdasagportal.hu\/index.php\/wp-json\/wp\/v2\/posts\/112667\/revisions\/112668"}],"wp:attachment":[{"href":"https:\/\/gazdasagportal.hu\/index.php\/wp-json\/wp\/v2\/media?parent=112667"}],"wp:term":[{"taxonomy":"category","embeddable":true,"href":"https:\/\/gazdasagportal.hu\/index.php\/wp-json\/wp\/v2\/categories?post=112667"},{"taxonomy":"post_tag","embeddable":true,"href":"https:\/\/gazdasagportal.hu\/index.php\/wp-json\/wp\/v2\/tags?post=112667"}],"curies":[{"name":"wp","href":"https:\/\/api.w.org\/{rel}","templated":true}]}}