{"id":11265,"date":"2013-07-05T12:49:45","date_gmt":"2013-07-05T10:49:45","guid":{"rendered":"http:\/\/stockportal.hu\/?p=11265"},"modified":"2013-07-05T13:01:32","modified_gmt":"2013-07-05T11:01:32","slug":"piaci-kommentar-stabilizalodhat-az-olaj-ara","status":"publish","type":"post","link":"https:\/\/gazdasagportal.hu\/index.php\/piaci-kommentar-stabilizalodhat-az-olaj-ara\/","title":{"rendered":"Piaci komment\u00e1r: Stabiliz\u00e1l\u00f3dhat az olaj \u00e1ra"},"content":{"rendered":"<p><strong>A katonai hatalom\u00e1tv\u00e9telt k\u00f6vet\u0151en rendez\u0151dni l\u00e1tszik az egyiptomi belpolitikai helyzet, ami az olaj \u00e1r\u00e1t is stabiliz\u00e1lhatja. \u00dagy t\u0171nik, hogy a portug\u00e1l korm\u00e1nyv\u00e1ls\u00e1gon hamar t\u00fal tudt\u00e1k tenni magukat a befektet\u0151k; Mario Draghi nyilatkozata lend\u00fcletet adott a piacoknak.<!--more--><\/strong><\/p>\n<p>&nbsp;<br \/>\n<object width=\"480\" height=\"270\" data=\"http:\/\/gazdasagtv.hu\/embed\/?id=5286\" type=\"application\/x-shockwave-flash\"><param value=\"http:\/\/gazdasagtv.hu\/embed\/?id=5286\" name=\"data\"><param value=\"http:\/\/gazdasagtv.hu\/embed\/?id=5286\" name=\"src\"><param value=\"false\" name=\"menu\"><param value=\"high\" name=\"quality\"><param value=\"#000000\" name=\"bgcolor\"><param value=\"transparent\" name=\"wmode\"><param value=\"file=http:\/\/88.151.99.192\/video\/2013-07-05\/gtv-tozsdelive-erste-2013-07-05-hd.mp4&#038;image=http:\/\/88.151.99.192\/image\/gen\/2013-07-05\/5286.jpg&#038;showdigits=true&#038;autostart=false&#038;repeat=false&#038;dock=true&#038;controlbar=over&#038;plugins=http:\/\/plugins.longtailvideo.com\/yourlytics-1.swf,timeslidertooltipplugin-2&#038;skin=http:\/\/gazdasagtv.hu\/swf\/skin.zip\" name=\"flashvars\"><\/object><\/p>\n","protected":false},"excerpt":{"rendered":"<p>A katonai hatalom\u00e1tv\u00e9telt k\u00f6vet\u0151en rendez\u0151dni l\u00e1tszik az egyiptomi belpolitikai helyzet, ami az olaj \u00e1r\u00e1t is stabiliz\u00e1lhatja. \u00dagy t\u0171nik, hogy a portug\u00e1l korm\u00e1nyv\u00e1ls\u00e1gon hamar t\u00fal tudt\u00e1k tenni magukat a befektet\u0151k; Mario Draghi nyilatkozata lend\u00fcletet adott a piacoknak.<\/p>\n","protected":false},"author":1,"featured_media":0,"comment_status":"open","ping_status":"closed","sticky":false,"template":"","format":"standard","meta":[],"categories":[9],"tags":[],"_links":{"self":[{"href":"https:\/\/gazdasagportal.hu\/index.php\/wp-json\/wp\/v2\/posts\/11265"}],"collection":[{"href":"https:\/\/gazdasagportal.hu\/index.php\/wp-json\/wp\/v2\/posts"}],"about":[{"href":"https:\/\/gazdasagportal.hu\/index.php\/wp-json\/wp\/v2\/types\/post"}],"author":[{"embeddable":true,"href":"https:\/\/gazdasagportal.hu\/index.php\/wp-json\/wp\/v2\/users\/1"}],"replies":[{"embeddable":true,"href":"https:\/\/gazdasagportal.hu\/index.php\/wp-json\/wp\/v2\/comments?post=11265"}],"version-history":[{"count":1,"href":"https:\/\/gazdasagportal.hu\/index.php\/wp-json\/wp\/v2\/posts\/11265\/revisions"}],"predecessor-version":[{"id":11266,"href":"https:\/\/gazdasagportal.hu\/index.php\/wp-json\/wp\/v2\/posts\/11265\/revisions\/11266"}],"wp:attachment":[{"href":"https:\/\/gazdasagportal.hu\/index.php\/wp-json\/wp\/v2\/media?parent=11265"}],"wp:term":[{"taxonomy":"category","embeddable":true,"href":"https:\/\/gazdasagportal.hu\/index.php\/wp-json\/wp\/v2\/categories?post=11265"},{"taxonomy":"post_tag","embeddable":true,"href":"https:\/\/gazdasagportal.hu\/index.php\/wp-json\/wp\/v2\/tags?post=11265"}],"curies":[{"name":"wp","href":"https:\/\/api.w.org\/{rel}","templated":true}]}}