{"id":112645,"date":"2019-01-11T08:50:28","date_gmt":"2019-01-11T07:50:28","guid":{"rendered":"http:\/\/gazdasagportal.hu\/?p=112645"},"modified":"2019-01-11T08:50:28","modified_gmt":"2019-01-11T07:50:28","slug":"tozsdenyitas-elott-indexemelkedes-varhato-az-europai-tozsdeken-nyitaskor-2","status":"publish","type":"post","link":"https:\/\/gazdasagportal.hu\/index.php\/tozsdenyitas-elott-indexemelkedes-varhato-az-europai-tozsdeken-nyitaskor-2\/","title":{"rendered":"T\u0151zsdenyit\u00e1s el\u0151tt &#8211; Indexemelked\u00e9s v\u00e1rhat\u00f3 az eur\u00f3pai t\u0151zsd\u00e9ken nyit\u00e1skor"},"content":{"rendered":"<p><strong>Pozit\u00edv kezd\u00e9sre lehet sz\u00e1m\u00edtani p\u00e9nteken az eur\u00f3pai t\u0151zsd\u00e9ken az el\u0151z\u0151 napi vegyes z\u00e1r\u00e1s ut\u00e1n.<\/strong><!--more--><\/p>\n<div class=\"ads-in-post1\"><div id=\"gazdasagportal.hu_fullbanner_wideboard\"><\/div>\r\n<\/div>\n<p>    A hat\u00e1rid\u0151s indexjegyz\u00e9sek alapj\u00e1n a f\u0151bb indexek, a londoni FTSE-100, a frankfurti DAX \u00e9s a p\u00e1rizsi CAC-40 0,1-0,2 sz\u00e1zal\u00e9kos er\u0151s\u00f6d\u00e9ssel kezdhetik a p\u00e9nteki keresked\u00e9st.<br \/>\n    Cs\u00fct\u00f6rt\u00f6k\u00f6n f\u00e9l sz\u00e1zal\u00e9k k\u00f6r\u00fcli pluszban z\u00e1rtak a New York-i t\u0151zsde ir\u00e1nyad\u00f3 mutat\u00f3i \u00e9s der\u0171l\u00e1t\u00f3ak voltak a befektet\u0151k p\u00e9nteken \u00c1zsi\u00e1ban.<br \/>\n    A j\u00f3kedvet r\u00e9szben Jerome Powell, az amerikai jegybank szerep\u00e9t bet\u00f6lt\u0151 Fed vezet\u0151j\u00e9nek az a cs\u00fct\u00f6rt\u00f6ki kijelent\u00e9se alapozta meg, hogy &#8222;t\u00fcrelmesek&#8221; a kamatemel\u00e9ssel  kapcsolatban.<br \/>\n<div class=\"ads-in-post2\"><script async src=\"https:\/\/pagead2.googlesyndication.com\/pagead\/js\/adsbygoogle.js\"><\/script>\r\n<ins class=\"adsbygoogle\"\r\n     style=\"display:block\"\r\n     data-ad-format=\"fluid\"\r\n     data-ad-layout-key=\"-6t+ed+2i-1n-4w\"\r\n     data-ad-client=\"ca-pub-1959107119989764\"\r\n     data-ad-slot=\"4008251320\"><\/ins>\r\n<script>\r\n     (adsbygoogle = window.adsbygoogle || []).push({});\r\n<\/script><\/div>\n Szak\u00e9rt\u0151k szerint ez azt jelenti, hogy a Fed tov\u00e1bbra is lehet\u0151s\u00e9get l\u00e1t kamatemel\u00e9sre az amerikai gazdas\u00e1g teljes\u00edtm\u00e9nye alapj\u00e1n, de erre majd csak egy k\u00e9s\u0151bbi id\u0151pontban ker\u00fclhet sor. V\u00e1s\u00e1rl\u00e1sra \u00f6szt\u00f6k\u00e9lte a befektet\u0151ket az amerikai p\u00e9nz\u00fcgyminiszternek az a bejelent\u00e9se is, hogy magasabb szintre emelkednek az amerikai-k\u00ednai kereskedelmi t\u00e1rgyal\u00e1sok, janu\u00e1rban Washingtonba v\u00e1rj\u00e1k Liu He k\u00ednai minisztereln\u00f6k-helyettest.(MTI)<\/p>\n","protected":false},"excerpt":{"rendered":"<p>Pozit\u00edv kezd\u00e9sre lehet sz\u00e1m\u00edtani p\u00e9nteken az eur\u00f3pai t\u0151zsd\u00e9ken az el\u0151z\u0151 napi vegyes z\u00e1r\u00e1s ut\u00e1n.<\/p>\n","protected":false},"author":1,"featured_media":0,"comment_status":"closed","ping_status":"open","sticky":false,"template":"","format":"standard","meta":[],"categories":[8],"tags":[],"_links":{"self":[{"href":"https:\/\/gazdasagportal.hu\/index.php\/wp-json\/wp\/v2\/posts\/112645"}],"collection":[{"href":"https:\/\/gazdasagportal.hu\/index.php\/wp-json\/wp\/v2\/posts"}],"about":[{"href":"https:\/\/gazdasagportal.hu\/index.php\/wp-json\/wp\/v2\/types\/post"}],"author":[{"embeddable":true,"href":"https:\/\/gazdasagportal.hu\/index.php\/wp-json\/wp\/v2\/users\/1"}],"replies":[{"embeddable":true,"href":"https:\/\/gazdasagportal.hu\/index.php\/wp-json\/wp\/v2\/comments?post=112645"}],"version-history":[{"count":1,"href":"https:\/\/gazdasagportal.hu\/index.php\/wp-json\/wp\/v2\/posts\/112645\/revisions"}],"predecessor-version":[{"id":112646,"href":"https:\/\/gazdasagportal.hu\/index.php\/wp-json\/wp\/v2\/posts\/112645\/revisions\/112646"}],"wp:attachment":[{"href":"https:\/\/gazdasagportal.hu\/index.php\/wp-json\/wp\/v2\/media?parent=112645"}],"wp:term":[{"taxonomy":"category","embeddable":true,"href":"https:\/\/gazdasagportal.hu\/index.php\/wp-json\/wp\/v2\/categories?post=112645"},{"taxonomy":"post_tag","embeddable":true,"href":"https:\/\/gazdasagportal.hu\/index.php\/wp-json\/wp\/v2\/tags?post=112645"}],"curies":[{"name":"wp","href":"https:\/\/api.w.org\/{rel}","templated":true}]}}