{"id":112635,"date":"2019-01-10T17:08:44","date_gmt":"2019-01-10T16:08:44","guid":{"rendered":"http:\/\/gazdasagportal.hu\/?p=112635"},"modified":"2019-01-10T17:08:44","modified_gmt":"2019-01-10T16:08:44","slug":"moodys-stabil-hitelkepessegi-allapotban-kezdi-2019-et-kozep-es-kelet-europa","status":"publish","type":"post","link":"https:\/\/gazdasagportal.hu\/index.php\/moodys-stabil-hitelkepessegi-allapotban-kezdi-2019-et-kozep-es-kelet-europa\/","title":{"rendered":"Moody&#8217;s: stabil hitelk\u00e9pess\u00e9gi \u00e1llapotban kezdi 2019-et K\u00f6z\u00e9p- \u00e9s Kelet-Eur\u00f3pa"},"content":{"rendered":"<p><strong>Stabil hitelk\u00e9pess\u00e9gi helyzetben kezdik a 2019-es \u00e9vet K\u00f6z\u00e9p- \u00e9s Kelet-Eur\u00f3pa EU-gazdas\u00e1gai, de sz\u00e1molniuk kell azzal is, hogy a k\u00fcls\u0151 k\u00f6rnyezet az id\u00e9n kedvez\u0151tlenebb lesz a tavalyin\u00e1l &#8211; \u00e1ll a Moody&#8217;s Investors Service cs\u00fct\u00f6rt\u00f6k\u00f6n Londonban ismertetett \u00e1tfog\u00f3 t\u00e9rs\u00e9gi helyzet\u00e9rt\u00e9kel\u00e9s\u00e9ben.<\/strong><!--more--><\/p>\n<div class=\"ads-in-post1\"><div id=\"gazdasagportal.hu_fullbanner_wideboard\"><\/div>\r\n<\/div>\n<p>    A 11 oldalas tanulm\u00e1ny szerint a c\u00e9g \u00e1ltal vizsg\u00e1lt nyolc keleti EU-tag\u00e1llam, k\u00f6zt\u00fck Magyarorsz\u00e1g gazdas\u00e1ga a v\u00e1rhat\u00f3 lassul\u00e1s ellen\u00e9re az id\u00e9n is az Eur\u00f3pai Uni\u00f3 \u00e1tlag\u00e1t meghalad\u00f3 \u00fctemben n\u00f6vekszik. A nemzetk\u00f6zi hitelmin\u0151s\u00edt\u0151 el\u0151rejelz\u00e9se szerint a leglassabban, 2,5 sz\u00e1zal\u00e9kkal a horv\u00e1t gazdas\u00e1g, a leggyorsabban, 4,3 sz\u00e1zal\u00e9kkal Szlov\u00e1kia hazai \u00f6sszterm\u00e9ke (GDP) b\u0151v\u00fcl 2019-ben.<br \/>\n    A Moody&#8217;s a magyar gazdas\u00e1gban 3,4 sz\u00e1zal\u00e9kos n\u00f6veked\u00e9st v\u00e1r az id\u00e9n a 2018 eg\u00e9sz\u00e9re \u00e1ltala becs\u00fclt 4,3 sz\u00e1zal\u00e9kos GDP-b\u0151v\u00fcl\u00e9s ut\u00e1n.<br \/>\n    A c\u00e9g hangs\u00falyozta, hogy az eur\u00f3\u00f6vezetben a tavalyi 2,1 sz\u00e1zal\u00e9kr\u00f3l 1,9 sz\u00e1zal\u00e9kra lassul\u00f3 idei n\u00f6veked\u00e9ssel sz\u00e1mol, \u00e9s v\u00e1rakoz\u00e1sa szerint ezt a keleti EU-gazdas\u00e1gok is meg\u00e9rzik. A k\u00f6z\u00e9p- \u00e9s kelet-eur\u00f3pai gazdas\u00e1gok exportj\u00e1nak csaknem 80 sz\u00e1zal\u00e9ka ugyanis a t\u00f6bbi EU-piacra ir\u00e1nyul, \u00e9s a legnagyobb egyedi felvev\u0151 N\u00e9metorsz\u00e1g.<br \/>\n    A Moody&#8217;s sz\u00e1m\u00edt\u00e1sai szerint a n\u00e9met gazdas\u00e1g teljes\u00edtm\u00e9ny\u00e9t\u0151l a keleti EU-t\u00e9rs\u00e9gb\u0151l Csehorsz\u00e1g, Lengyelorsz\u00e1g \u00e9s Magyarorsz\u00e1g n\u00f6veked\u00e9se f\u00fcgg a legnagyobb m\u00e9rt\u00e9kben: a cseh export 32,5 sz\u00e1zal\u00e9ka, a lengyel \u00e9s a magyar kivitel teljes \u00e9rt\u00e9k\u00e9nek 28, illetve 27,9 sz\u00e1zal\u00e9ka ir\u00e1nyult a n\u00e9met piacra tavaly.<br \/>\n<div class=\"ads-in-post2\"><script async src=\"https:\/\/pagead2.googlesyndication.com\/pagead\/js\/adsbygoogle.js\"><\/script>\r\n<ins class=\"adsbygoogle\"\r\n     style=\"display:block\"\r\n     data-ad-format=\"fluid\"\r\n     data-ad-layout-key=\"-6t+ed+2i-1n-4w\"\r\n     data-ad-client=\"ca-pub-1959107119989764\"\r\n     data-ad-slot=\"4008251320\"><\/ins>\r\n<script>\r\n     (adsbygoogle = window.adsbygoogle || []).push({});\r\n<\/script><\/div>\n    Az idei eur\u00f3\u00f6vezeti n\u00f6veked\u00e9sre sokkal gyeng\u00e9bb el\u0151rejelz\u00e9sek is vannak a londoni elemz\u0151i k\u00f6z\u00f6ss\u00e9gben.<br \/>\n    Az egyik legnagyobb londoni k\u00f6zpont\u00fa glob\u00e1lis p\u00e9nz\u00fcgyi-gazdas\u00e1gi elemz\u0151h\u00e1z, a Capital Economics fel\u00fclvizsg\u00e1lt \u00faj progn\u00f3zis\u00e1ban k\u00f6z\u00f6lte: 2019-ben mind\u00f6ssze 1 sz\u00e1zal\u00e9kos, j\u00f6v\u0151re valamivel enn\u00e9l is lassabb, 0,8 sz\u00e1zal\u00e9kos \u00e1tlagos GDP-n\u00f6veked\u00e9st v\u00e1r a valutauni\u00f3ban.<br \/>\n    A c\u00e9g azzal is sz\u00e1mol, hogy az olasz gazdas\u00e1g 2020-ban recesszi\u00f3ba ker\u00fcl: a Capital Economics el\u0151rejelz\u00e9se szerint az olasz hazai \u00f6sszterm\u00e9k a j\u00f6v\u0151 \u00e9v eg\u00e9sz\u00e9ben 0,5 sz\u00e1zal\u00e9kkal cs\u00f6kken.<br \/>\n    A h\u00e1z szerint a lefel\u00e9 korrig\u00e1lt el\u0151rejelz\u00e9st t\u00f6bb m\u00e1s t\u00e9nyez\u0151 mellett az indokolta, hogy az eur\u00f3\u00f6vezeti mag\u00e1nszektor fogyaszt\u00e1si kil\u00e1t\u00e1sai romlanak, mivel a fogyaszt\u00f3i bizalom m\u00e9r\u0151sz\u00e1mai gyeng\u00fclnek, \u00e9s ez arra vall, hogy a h\u00e1ztart\u00e1sok az energiahordoz\u00f3-\u00e1rak cs\u00f6kken\u00e9s\u00e9b\u0151l ered\u0151 t\u00f6bbletj\u00f6vedelmekb\u0151l a kor\u00e1bban v\u00e1rtn\u00e1l nagyobb h\u00e1nyadot takar\u00edtanak meg.<br \/>\n    A Capital Economics szerint emellett az amerikai-k\u00ednai kereskedelmi konfliktusnak a c\u00e9g \u00e1ltal kor\u00e1bban becs\u00fcltn\u00e9l nagyobb negat\u00edv hat\u00e1sa van az eur\u00f3\u00f6vezeti \u00fczleti szektor bizalmi mutat\u00f3ira.<br \/>\n    A kereskedelmi konfliktusok lehets\u00e9ges k\u00f6zvetett hat\u00e1saira a Moody&#8217;s is kit\u00e9r a k\u00f6z\u00e9p- \u00e9s kelet-eur\u00f3pai EU-t\u00e9rs\u00e9g idei kil\u00e1t\u00e1sair\u00f3l \u00f6ssze\u00e1ll\u00edtott tanulm\u00e1ny\u00e1ban.<br \/>\n    A hitelmin\u0151s\u00edt\u0151 szerint a r\u00e9gi\u00f3 gazdas\u00e1gai k\u00f6z\u00fcl Csehorsz\u00e1g, Magyarorsz\u00e1g \u00e9s Szlov\u00e1kia \u00e9rezn\u00e9 meg a legink\u00e1bb, ha az amerikai-k\u00ednai kereskedelmi visz\u00e1ly visszavetn\u00e9 az eur\u00f3pai n\u00f6veked\u00e9st.<br \/>\n    A c\u00e9g szerint ugyanakkor a brit EU-tags\u00e1g megsz\u0171n\u00e9s\u00e9b\u0151l (Brexit) ered\u0151 t\u00e9rs\u00e9gi kock\u00e1zatok v\u00e1rhat\u00f3an m\u00e9rs\u00e9keltek lesznek, mivel az orsz\u00e1gcsoportnak csak korl\u00e1tozott k\u00f6zvetlen kereskedelmi kapcsolatai vannak az Egyes\u00fclt Kir\u00e1lys\u00e1ggal.<br \/>\n    A t\u00e9rs\u00e9g szuver\u00e9n ad\u00f3min\u0151s\u00e9gi folyamatair\u00f3l a Moody&#8217;s meg\u00e1llap\u00edtja, hogy az orsz\u00e1gcsoport besorol\u00e1si \u00f6sszk\u00e9pe a t\u00edz \u00e9vvel ezel\u0151tti glob\u00e1lis p\u00e9nz\u00fcgyi v\u00e1ls\u00e1g \u00f3ta nem javult: az az\u00f3ta eltelt id\u0151szakban a r\u00e9gi\u00f3 gazdas\u00e1gai vagy nett\u00f3 lemin\u0151s\u00edt\u00e9sen estek \u00e1t, vagy nett\u00f3 b\u00e1zison sz\u00e1molt min\u0151s\u00edt\u00e9seik nem v\u00e1ltoztak.<br \/>\n    A tanulm\u00e1ny kiemeli ugyanakkor azt is, hogy a nyolc gazdas\u00e1g k\u00f6z\u00fcl &#8211; Horv\u00e1torsz\u00e1g kiv\u00e9tel\u00e9vel &#8211; h\u00e9tre a Moody&#8217;s befektet\u00e9si aj\u00e1nl\u00e1s\u00fa \u00e1llamad\u00f3s-besorol\u00e1st tart \u00e9rv\u00e9nyben. A c\u00e9g szerint ez a t\u00e9rs\u00e9gi gazdas\u00e1gok robusztus n\u00f6veked\u00e9si dinamik\u00e1j\u00e1t \u00e9s viszonylag alacsony \u00e1llamad\u00f3ss\u00e1g-terheit t\u00fckr\u00f6zi.<br \/>\n    A h\u00e1rom piacvezet\u0151 nemzetk\u00f6zi hitelmin\u0151s\u00edt\u0151 mindegyike a befektet\u00e9sre aj\u00e1nlott s\u00e1vban &#8211; a Fitch Ratings \u00e9s az S&#038;P Global Ratings &#8222;BBB m\u00ednusz&#8221;, a Moody&#8217;s ugyanennek megfelel\u0151 &#8222;Baa3&#8221; oszt\u00e1lyzattal, vagyis mindh\u00e1rom c\u00e9g a befektet\u00e9si aj\u00e1nl\u00e1s\u00fa kateg\u00f3ria alapszintj\u00e9n &#8211; tartja nyilv\u00e1n Magyarorsz\u00e1got.<br \/>\n    A Fitch Ratings \u00e9s az S&#038;P egyar\u00e1nt pozit\u00edv kil\u00e1t\u00e1st tart \u00e9rv\u00e9nyben a magyar szuver\u00e9n ad\u00f3soszt\u00e1lyzatra. A Moody&#8217;s magyar \u00e1llamad\u00f3s-besorol\u00e1s\u00e1nak kil\u00e1t\u00e1sa tov\u00e1bbra is stabil.<br \/>\n    A Fitch a minap egyenes utal\u00e1st tett arra, hogy 2019-ben t\u00f6bb k\u00f6z\u00e9p- \u00e9s kelet-eur\u00f3pai orsz\u00e1g ad\u00f3smin\u0151s\u00edt\u00e9se javulhat.<br \/>\n    A c\u00e9g a t\u00e9rs\u00e9gr\u0151l \u00f6ssze\u00e1ll\u00edtott, Londonban ismertetett \u00e9ves helyzet\u00e9rt\u00e9kel\u00e9s\u00e9ben k\u00f6z\u00f6lte: a k\u00f6z\u00e9p- \u00e9s kelet-eur\u00f3pai r\u00e9gi\u00f3ban Magyarorsz\u00e1ggal egy\u00fctt \u00f6sszesen h\u00e9t \u00e1llamad\u00f3st tart nyilv\u00e1n felmin\u0151s\u00edt\u00e9s lehet\u0151s\u00e9g\u00e9t jelz\u0151 pozit\u00edv besorol\u00e1si kil\u00e1t\u00e1ssal, \u00e9s mivel e pozit\u00edv kil\u00e1t\u00e1sok m\u00e1r 2017 \u00f3ta \u00e9rv\u00e9nyben vannak, ezeknek az orsz\u00e1goknak az ad\u00f3soszt\u00e1lyzatair\u00f3l az id\u00e9n val\u00f3sz\u00edn\u0171leg d\u00f6nt\u00e9s sz\u00fcletik.<br \/>\n    A Fitch megfogalmaz\u00e1sa szerint a pozit\u00edv \u00e9s negat\u00edv oszt\u00e1lyzati kil\u00e1t\u00e1sok 7:1 ar\u00e1ny\u00fa region\u00e1lis megoszl\u00e1sa &#8222;felfel\u00e9 hat\u00f3 min\u0151s\u00edt\u00e9si lend\u00fcletet ad&#8221; a t\u00e9rs\u00e9gnek 2019-ben.(MTI)<\/p>\n","protected":false},"excerpt":{"rendered":"<p>Stabil hitelk\u00e9pess\u00e9gi helyzetben kezdik a 2019-es \u00e9vet K\u00f6z\u00e9p- \u00e9s Kelet-Eur\u00f3pa EU-gazdas\u00e1gai, de sz\u00e1molniuk kell azzal is, hogy a k\u00fcls\u0151 k\u00f6rnyezet az id\u00e9n kedvez\u0151tlenebb lesz a tavalyin\u00e1l &#8211; \u00e1ll a Moody&#8217;s Investors Service cs\u00fct\u00f6rt\u00f6k\u00f6n Londonban ismertetett \u00e1tfog\u00f3 t\u00e9rs\u00e9gi helyzet\u00e9rt\u00e9kel\u00e9s\u00e9ben.<\/p>\n","protected":false},"author":1,"featured_media":64424,"comment_status":"closed","ping_status":"open","sticky":false,"template":"","format":"standard","meta":[],"categories":[146,12,246],"tags":[],"_links":{"self":[{"href":"https:\/\/gazdasagportal.hu\/index.php\/wp-json\/wp\/v2\/posts\/112635"}],"collection":[{"href":"https:\/\/gazdasagportal.hu\/index.php\/wp-json\/wp\/v2\/posts"}],"about":[{"href":"https:\/\/gazdasagportal.hu\/index.php\/wp-json\/wp\/v2\/types\/post"}],"author":[{"embeddable":true,"href":"https:\/\/gazdasagportal.hu\/index.php\/wp-json\/wp\/v2\/users\/1"}],"replies":[{"embeddable":true,"href":"https:\/\/gazdasagportal.hu\/index.php\/wp-json\/wp\/v2\/comments?post=112635"}],"version-history":[{"count":1,"href":"https:\/\/gazdasagportal.hu\/index.php\/wp-json\/wp\/v2\/posts\/112635\/revisions"}],"predecessor-version":[{"id":112636,"href":"https:\/\/gazdasagportal.hu\/index.php\/wp-json\/wp\/v2\/posts\/112635\/revisions\/112636"}],"wp:featuredmedia":[{"embeddable":true,"href":"https:\/\/gazdasagportal.hu\/index.php\/wp-json\/wp\/v2\/media\/64424"}],"wp:attachment":[{"href":"https:\/\/gazdasagportal.hu\/index.php\/wp-json\/wp\/v2\/media?parent=112635"}],"wp:term":[{"taxonomy":"category","embeddable":true,"href":"https:\/\/gazdasagportal.hu\/index.php\/wp-json\/wp\/v2\/categories?post=112635"},{"taxonomy":"post_tag","embeddable":true,"href":"https:\/\/gazdasagportal.hu\/index.php\/wp-json\/wp\/v2\/tags?post=112635"}],"curies":[{"name":"wp","href":"https:\/\/api.w.org\/{rel}","templated":true}]}}