{"id":112629,"date":"2019-01-10T15:14:18","date_gmt":"2019-01-10T14:14:18","guid":{"rendered":"http:\/\/gazdasagportal.hu\/?p=112629"},"modified":"2019-01-10T15:14:18","modified_gmt":"2019-01-10T14:14:18","slug":"brexit-tobb-mint-10-szazalekos-leepitest-jelentett-be-a-jaguar-land-rover","status":"publish","type":"post","link":"https:\/\/gazdasagportal.hu\/index.php\/brexit-tobb-mint-10-szazalekos-leepitest-jelentett-be-a-jaguar-land-rover\/","title":{"rendered":"Brexit &#8211; T\u00f6bb mint 10 sz\u00e1zal\u00e9kos le\u00e9p\u00edt\u00e9st jelentett be a Jaguar Land Rover"},"content":{"rendered":"<p><strong>T\u00f6bb mint t\u00edz sz\u00e1zal\u00e9kos le\u00e9p\u00edt\u00e9st jelentett be cs\u00fct\u00f6rt\u00f6k\u00f6n a Jaguar Land Rover (JLR). A legnagyobb brit aut\u00f3gy\u00e1rt\u00f3 m\u00e1r h\u00f3napokkal ezel\u0151tt jelezte, hogy a brit EU-tags\u00e1g megsz\u0171n\u00e9s\u00e9nek (Brexit) folyamat\u00e1t \u00f6vez\u0151 bizonytalans\u00e1g, f\u0151leg a meg\u00e1llapod\u00e1s n\u00e9lk\u00fcli Brexit kil\u00e1t\u00e1sa jelent\u0151s terheket r\u00f3 a c\u00e9gre.<\/strong><!--more--><\/p>\n<div class=\"ads-in-post1\"><div id=\"gazdasagportal.hu_fullbanner_wideboard\"><\/div>\r\n<\/div>\n<p>    A cs\u00fct\u00f6rt\u00f6k d\u00e9lut\u00e1ni bejelent\u00e9s szerint a JLR 4500 munkahelyet sz\u00e1mol fel. Az int\u00e9zked\u00e9s v\u00e1rhat\u00f3an a nagy-britanniai \u00fczlet\u00e1gat \u00e9rinti a legnagyobb m\u00e9rt\u00e9kben. A v\u00e1llalat brit telephelyein 40 ezren dolgoznak.<br \/>\n    Ralf Speth vez\u00e9rigazgat\u00f3 az int\u00e9zked\u00e9st indokolva nem nevezte meg k\u00fcl\u00f6n a Brexitet a le\u00e9p\u00edt\u00e9s okai k\u00f6z\u00f6tt, de \u00fagy fogalmazott: a v\u00e1llalatnak a geopolitikai \u00e9s a szab\u00e1lyoz\u00f3i k\u00f6rnyezetben jelentkez\u0151 t\u00f6bb egyidej\u0171 felfordul\u00e1ssal kell szemben\u00e9znie, \u00e9s ebben a helyzetben hat\u00e1rozott l\u00e9p\u00e9sekre sz\u00e1nta el mag\u00e1t a hossz\u00fa t\u00e1v\u00fa n\u00f6veked\u00e9s fenntart\u00e1sa \u00e9rdek\u00e9ben.<br \/>\n    A Jaguar Land Rover 90 milli\u00f3 font (32 milli\u00e1rd forint) ad\u00f3z\u00e1s el\u0151tti vesztes\u00e9get jelentett a szeptemberrel z\u00e1rult negyed\u00e9vr\u0151l, j\u00f3llehet el\u0151z\u0151 p\u00e9nz\u00fcgyi \u00e9v\u00e9ben m\u00e9g 385 milli\u00f3 font nyeres\u00e9get \u00e9rt el.<br \/>\n    A c\u00e9g helyzet\u00e9t s\u00falyosb\u00edtja, hogy legnagyobb k\u00fclf\u00f6ldi piac\u00e1n, K\u00edn\u00e1ban t\u00f6bb mint 40 sz\u00e1zal\u00e9kkal zuhant j\u00e1rm\u0171veinek \u00e9rt\u00e9kes\u00edt\u00e9se \u00e9ves \u00f6sszevet\u00e9sben a tavalyi harmadik negyed\u00e9vben, emellett a d\u00edzelmotorral k\u00e9sz\u00fcl\u0151 j\u00e1rm\u0171vek kereslete is visszaesett.<br \/>\n    A JLR tavaly m\u00e1r bejelentette 1500 munkahely felsz\u00e1mol\u00e1s\u00e1t, 2,5 milli\u00e1rd fontos takar\u00e9koss\u00e1gi programot kezdett, \u00e9s ennek egyik elemek\u00e9nt a Land Rover Discovery modell gy\u00e1rt\u00e1s\u00e1t \u00faj szlov\u00e1kiai \u00fczem\u00e9be helyezte \u00e1t.<br \/>\n<div class=\"ads-in-post2\"><script async src=\"https:\/\/pagead2.googlesyndication.com\/pagead\/js\/adsbygoogle.js\"><\/script>\r\n<ins class=\"adsbygoogle\"\r\n     style=\"display:block\"\r\n     data-ad-format=\"fluid\"\r\n     data-ad-layout-key=\"-6t+ed+2i-1n-4w\"\r\n     data-ad-client=\"ca-pub-1959107119989764\"\r\n     data-ad-slot=\"4008251320\"><\/ins>\r\n<script>\r\n     (adsbygoogle = window.adsbygoogle || []).push({});\r\n<\/script><\/div>\n    A Jaguar Land Rover a brit gy\u00e1ripar els\u0151 \u00e9s legnagyobb olyan v\u00e1llalatai k\u00f6z\u00f6tt volt, amelyek m\u00e1r tavaly felh\u00edvt\u00e1k a brit korm\u00e1ny figyelm\u00e9t az esetleges meg\u00e1llapod\u00e1s n\u00e9lk\u00fcli Brexit komoly kock\u00e1zataira.<br \/>\n    Ralp Speth vez\u00e9rigazgat\u00f3 a Financial Timesnak nyilatkozva nemr\u00e9giben elmondta: a v\u00e1llalatnak \u00e9vente 1,2 milli\u00e1rd font (430 milli\u00e1rd forint) t\u00f6bbletk\u00f6lts\u00e9get okozna, ha eur\u00f3pai exportj\u00e1t a brit EU-tags\u00e1g megsz\u0171n\u00e9se ut\u00e1n v\u00e1mok terheln\u00e9k, \u00e9s ez a c\u00e9g puszta fennmarad\u00e1s\u00e1t sodorn\u00e1 vesz\u00e9lybe.<br \/>\n    Hozz\u00e1tette: a Jaguar Land Rover m\u00e1r eddig 10 milli\u00f3 fontot k\u00f6lt\u00f6tt k\u00e9szenl\u00e9ti tervek elk\u00e9szt\u00e9s\u00e9re arra az esetre, ha Nagy-Britannia \u00fagy l\u00e9p ki az EU-b\u00f3l, hogy tags\u00e1g\u00e1nak megsz\u0171n\u00e9s\u00e9ig nem sz\u00fcletik meg\u00e1llapod\u00e1s az uni\u00f3val, \u00e9s emiatt a Kereskedelmi Vil\u00e1gszervezet (WTO) \u00e1ltal\u00e1nos szab\u00e1lyrendszere l\u00e9p \u00e9letbe a k\u00e9toldal\u00fa kereskedelemben.<br \/>\n    A WTO-szab\u00e1lyoz\u00e1s azt jelenten\u00e9, hogy v\u00e1mok jelenn\u00e9nek meg az Eur\u00f3pai Uni\u00f3 \u00e9s Nagy-Britannia jelenleg teljesen v\u00e1mmentes kereskedelm\u00e9ben, mivel az EU sz\u00e1m\u00e1ra Nagy-Britannia kereskedelmi szempontb\u00f3l k\u00fcls\u0151 orsz\u00e1gg\u00e1 v\u00e1lik. Az Eur\u00f3pai Uni\u00f3 v\u00e1muni\u00f3s rendszere alapj\u00e1n a tagorsz\u00e1gok egys\u00e9gesen meghat\u00e1rozott k\u00fcls\u0151 v\u00e1mt\u00e9teleket alkalmaznak azokkal a k\u00fcls\u0151 export\u0151r\u00f6kkel szemben, amelyekkel az EU-nak nincs kedvezm\u00e9nyes kereskedelmi meg\u00e1llapod\u00e1sa.     A Jaguar Land Rover vez\u00e9rigazgat\u00f3ja szerint egy ilyen forgat\u00f3k\u00f6nyv eset\u00e9n a c\u00e9gnek nagy-britanniai \u00fczemeket kellene bez\u00e1rnia.<br \/>\n    Hangs\u00falyozta: a tulajdonosv\u00e1lt\u00e1s ut\u00e1n &#8211; amikor a Fordt\u00f3l az indiai Tata Motors j\u00e1rm\u0171ipari csoport v\u00e1s\u00e1rolta meg a c\u00e9get &#8211; &#8222;nyolc \u00e9v  alatt \u00e9p\u00edtett\u00fck fel ezt a v\u00e1llalatot, de az eg\u00e9sz nagyon gyorsan el is \u00faszhat&#8221;.(MTI)<\/p>\n","protected":false},"excerpt":{"rendered":"<p>T\u00f6bb mint t\u00edz sz\u00e1zal\u00e9kos le\u00e9p\u00edt\u00e9st jelentett be cs\u00fct\u00f6rt\u00f6k\u00f6n a Jaguar Land Rover (JLR). A legnagyobb brit aut\u00f3gy\u00e1rt\u00f3 m\u00e1r h\u00f3napokkal ezel\u0151tt jelezte, hogy a brit EU-tags\u00e1g megsz\u0171n\u00e9s\u00e9nek (Brexit) folyamat\u00e1t \u00f6vez\u0151 bizonytalans\u00e1g, f\u0151leg a meg\u00e1llapod\u00e1s n\u00e9lk\u00fcli Brexit kil\u00e1t\u00e1sa jelent\u0151s terheket r\u00f3 a c\u00e9gre.<\/p>\n","protected":false},"author":1,"featured_media":0,"comment_status":"closed","ping_status":"open","sticky":false,"template":"","format":"standard","meta":[],"categories":[12,246],"tags":[],"_links":{"self":[{"href":"https:\/\/gazdasagportal.hu\/index.php\/wp-json\/wp\/v2\/posts\/112629"}],"collection":[{"href":"https:\/\/gazdasagportal.hu\/index.php\/wp-json\/wp\/v2\/posts"}],"about":[{"href":"https:\/\/gazdasagportal.hu\/index.php\/wp-json\/wp\/v2\/types\/post"}],"author":[{"embeddable":true,"href":"https:\/\/gazdasagportal.hu\/index.php\/wp-json\/wp\/v2\/users\/1"}],"replies":[{"embeddable":true,"href":"https:\/\/gazdasagportal.hu\/index.php\/wp-json\/wp\/v2\/comments?post=112629"}],"version-history":[{"count":1,"href":"https:\/\/gazdasagportal.hu\/index.php\/wp-json\/wp\/v2\/posts\/112629\/revisions"}],"predecessor-version":[{"id":112630,"href":"https:\/\/gazdasagportal.hu\/index.php\/wp-json\/wp\/v2\/posts\/112629\/revisions\/112630"}],"wp:attachment":[{"href":"https:\/\/gazdasagportal.hu\/index.php\/wp-json\/wp\/v2\/media?parent=112629"}],"wp:term":[{"taxonomy":"category","embeddable":true,"href":"https:\/\/gazdasagportal.hu\/index.php\/wp-json\/wp\/v2\/categories?post=112629"},{"taxonomy":"post_tag","embeddable":true,"href":"https:\/\/gazdasagportal.hu\/index.php\/wp-json\/wp\/v2\/tags?post=112629"}],"curies":[{"name":"wp","href":"https:\/\/api.w.org\/{rel}","templated":true}]}}