{"id":112627,"date":"2019-01-10T14:11:46","date_gmt":"2019-01-10T13:11:46","guid":{"rendered":"http:\/\/gazdasagportal.hu\/?p=112627"},"modified":"2019-01-10T14:11:46","modified_gmt":"2019-01-10T13:11:46","slug":"megegyezes-szuletett-a-2019-es-berekrol-a-spar-nal","status":"publish","type":"post","link":"https:\/\/gazdasagportal.hu\/index.php\/megegyezes-szuletett-a-2019-es-berekrol-a-spar-nal\/","title":{"rendered":"Megegyez\u00e9s sz\u00fcletett a 2019-es b\u00e9rekr\u0151l a SPAR-n\u00e1l"},"content":{"rendered":"<p><strong>Meg\u00e1llapodott a 2019-es b\u00e9rekr\u0151l a SPAR Magyarorsz\u00e1g Kereskedelmi Kft. \u00e9s a Kereskedelmi Alkalmazottak Szakszervezete. A megegyez\u00e9s \u00e9rtelm\u00e9ben a v\u00e1llalat munkav\u00e1llal\u00f3inak jelent\u0151s r\u00e9sze magasabb fizet\u00e9st kap az idei \u00e9vt\u0151l, valamint a v\u00e1llalatn\u00e1l \u00e9rv\u00e9nyben l\u00e9v\u0151 Kollekt\u00edv Szerz\u0151d\u00e9s t\u00fal\u00f3r\u00e1ra \u00e9s munkaid\u0151keretre vonatkoz\u00f3 szab\u00e1lyai nem v\u00e1ltoznak. Ezen t\u00falmen\u0151en a kedvez\u0151tlen ad\u00f3v\u00e1ltoz\u00e1sok ellen\u00e9re megv\u00e1ltozott form\u00e1ban, de megtart\u00e1sra ker\u00fcl a SPAR h\u0171s\u00e9gprogram, melynek keret\u00e9ben tov\u00e1bbi b\u00e9ren k\u00edv\u00fcli juttat\u00e1sokat is kapnak a munkav\u00e1llal\u00f3k, \u00e9s megmarad a 13. havi juttat\u00e1s is. A b\u00e9remel\u00e9st a SPAR kiz\u00e1r\u00f3lag saj\u00e1t forr\u00e1s felhaszn\u00e1l\u00e1s\u00e1val val\u00f3s\u00edtja meg.<\/strong><!--more--><\/p>\n<div class=\"ads-in-post1\"><div id=\"gazdasagportal.hu_fullbanner_wideboard\"><\/div>\r\n<\/div>\n<p><strong>\u00a0<\/strong><\/p>\n<p>Ism\u00e9t eredm\u00e9nyesen z\u00e1rult a t\u00f6bb mint 13 ezer munkav\u00e1llal\u00f3t foglalkoztat\u00f3 SPAR Magyarorsz\u00e1g Kereskedelmi Kft.-n\u00e9l lezajlott b\u00e9rt\u00e1rgyal\u00e1s. A SPAR Magyarorsz\u00e1g a garant\u00e1lt b\u00e9rminimum, illetve minim\u00e1lb\u00e9r jogszab\u00e1lyban r\u00f6gz\u00edtett emel\u00e9s\u00e9n t\u00fal is jelent\u0151s b\u00e9remel\u00e9st biztos\u00edt munkat\u00e1rsai sz\u00e1m\u00e1ra, melyet tov\u00e1bbra is kieg\u00e9sz\u00edt saj\u00e1t h\u0171s\u00e9gprogramj\u00e1nak juttat\u00e1si elemeivel. A munkaer\u0151piac \u00e1ltal legink\u00e1bb kitett ter\u00fcleteken, a legnagyobb l\u00e9tsz\u00e1mot kitev\u0151 \u00e1ruh\u00e1zi munkak\u00f6r\u00f6kben, valamint a logisztikai k\u00f6zpontokban a kezd\u0151 alapb\u00e9r minimum havi brutt\u00f3 220 ezer forint 2019. janu\u00e1r 1-t\u0151l.<\/p>\n<p>&nbsp;<\/p><div id=\"gazda-2956026387\" class=\"gazda-tartalomban gazda-entity-placement\"><script async src=\"https:\/\/pagead2.googlesyndication.com\/pagead\/js\/adsbygoogle.js\"><\/script>\r\n<ins class=\"adsbygoogle\"\r\n     style=\"display:block\"\r\n     data-ad-format=\"fluid\"\r\n     data-ad-layout-key=\"-6t+ed+2i-1n-4w\"\r\n     data-ad-client=\"ca-pub-1959107119989764\"\r\n     data-ad-slot=\"4008251320\"><\/ins>\r\n<script>\r\n     (adsbygoogle = window.adsbygoogle || []).push({});\r\n<\/script><\/div>\n<p>\u201eA SPAR 2017-ben 10 milli\u00e1rd forint \u00e9rt\u00e9k\u0171 b\u00e9rfejleszt\u00e9st hajtott v\u00e9gre. Ez a sz\u00e1m 2018-ban el\u00e9rte a 9 milli\u00e1rd forintot, 2019-ben pedig tov\u00e1bbi 7,5 milli\u00e1rd forinttal eg\u00e9sz\u00fcl ki. A b\u00e9rfesz\u00fclts\u00e9g megel\u0151z\u00e9se \u00e9rdek\u00e9ben a fizet\u00e9sek meghat\u00e1roz\u00e1sa sor\u00e1n pedig most is t\u00f6rekedt\u00fcnk arra, hogy az egyes vezet\u0151i szintekhez k\u00f6thet\u0151 b\u00e9rek \u00f6sszecs\u00fasz\u00e1s\u00e1t elker\u00fclj\u00fck.\u201d &#8211; hangs\u00falyozta Maczelka M\u00e1rk kommunik\u00e1ci\u00f3s vezet\u0151.<\/p>\n<p>&nbsp;<\/p>\n<p>Ugyan t\u00f6bb m\u00e1s, haz\u00e1nkban m\u0171k\u00f6d\u0151 v\u00e1llalatn\u00e1l kivezet\u00e9sre ker\u00fclt a k\u00e9szp\u00e9nzes b\u00e9ren k\u00edv\u00fcli juttat\u00e1s az ad\u00f3terhek jelent\u0151s n\u00f6veked\u00e9se miatt, addig a SPAR ezen juttat\u00e1s megtart\u00e1sa mellett d\u00f6nt\u00f6tt, mely a munkat\u00e1rsak versenyk\u00e9pes javadalmaz\u00e1s\u00e1t szolg\u00e1lja. A SPAR mellett term\u00e9szetesen az \u00e9rdekv\u00e9d\u0151k is kiemelten kezelt\u00e9k a hosszabb ideje a v\u00e1llalatn\u00e1l dolgoz\u00f3k megbecs\u00fcl\u00e9s\u00e9t. A SPAR teh\u00e1t 2019-ben is biztos\u00edtja a SPAR h\u0171s\u00e9gprogramot k\u00e9t fontos v\u00e1ltoztat\u00e1s \u00e9letbe l\u00e9ptet\u00e9s\u00e9vel. 2019. janu\u00e1r 1-t\u0151l a kor\u00e1bban minden munkav\u00e1llal\u00f3 sz\u00e1m\u00e1ra el\u00e9rhet\u0151, \u00e9ves szinten nett\u00f3 100 ezer forintos k\u00e9szp\u00e9nzes juttat\u00e1s \u00e9ves szinten brutt\u00f3 120 ezer forintos k\u00e9szp\u00e9nzes juttat\u00e1sra m\u00f3dosul, amely havi szinten brutt\u00f3 10 ezer forint b\u00e9rkieg\u00e9sz\u00edt\u00e9s form\u00e1j\u00e1ban ker\u00fcl kifizet\u00e9sre. A 2018-ban m\u00e9g v\u00e1laszthat\u00f3 SPAR Aj\u00e1nd\u00e9kk\u00e1rtya hely\u00e9t kiz\u00e1r\u00f3lagosan a SZ\u00c9P k\u00e1rtya veszi \u00e1t, a juttat\u00e1s m\u00e9rt\u00e9ke pedig v\u00e1ltozatlan marad, \u2013a SPAR-n\u00e1l elt\u00f6lt\u00f6tt \u00e9vek sz\u00e1m\u00e1t\u00f3l f\u00fcgg\u0151en \u00e9ves szinten minimum 40, maximum 100 ezer forint- amivel a v\u00e1llalat t\u00e1mogatni k\u00edv\u00e1nja munkav\u00e1llal\u00f3i kikapcsol\u00f3d\u00e1s\u00e1t, felt\u00f6lt\u0151d\u00e9s\u00e9t. Emellett megmarad a dolgoz\u00f3k 13. havi juttat\u00e1sa is, valamint tov\u00e1bbra is \u00e9l a dolgoz\u00f3i v\u00e1s\u00e1rl\u00e1si kedvezm\u00e9ny, mely id\u0151szakt\u00f3l f\u00fcgg\u0151en 5-10% kedvezm\u00e9ny el\u00e9r\u00e9s\u00e9t teszi lehet\u0151v\u00e9 az egyes v\u00e1s\u00e1rl\u00e1sok alkalm\u00e1val.<\/p>\n<div class=\"ads-in-post2\"><script async src=\"https:\/\/pagead2.googlesyndication.com\/pagead\/js\/adsbygoogle.js\"><\/script>\r\n<ins class=\"adsbygoogle\"\r\n     style=\"display:block\"\r\n     data-ad-format=\"fluid\"\r\n     data-ad-layout-key=\"-6t+ed+2i-1n-4w\"\r\n     data-ad-client=\"ca-pub-1959107119989764\"\r\n     data-ad-slot=\"4008251320\"><\/ins>\r\n<script>\r\n     (adsbygoogle = window.adsbygoogle || []).push({});\r\n<\/script><\/div>\n&nbsp;<\/p>\n<p>\u201eA munkat\u00e1rsi l\u00e9tsz\u00e1munk 2019-ben is tov\u00e1bb fog n\u0151ni, els\u0151sorban az \u00faj beruh\u00e1z\u00e1saink miatt, illetve mert a SPAR c\u00e9ljai k\u00f6z\u00f6tt szerepel a kiemelt ter\u00fcletek leterhelts\u00e9g\u00e9nek cs\u00f6kkent\u00e9se. Mindezek mellett tov\u00e1bbra is \u00e9rv\u00e9nyben marad a Kollekt\u00edv Szerz\u0151d\u00e9s\u00fcnk t\u00fal\u00f3r\u00e1ra \u00e9s munkaid\u0151keretre vonatkoz\u00f3 rendelkez\u00e9se, amely 300 \u00f3r\u00e1ban maximaliz\u00e1lja az elrendelhet\u0151 t\u00fal\u00f3ra mennyis\u00e9g\u00e9t, \u00e9s 4 h\u00f3napban a munkaid\u0151keret m\u00e9rt\u00e9k\u00e9t. Ezen \u2013a szakszervezetekkel egyet\u00e9rt\u00e9sben- a v\u00e1llalat nem k\u00edv\u00e1n v\u00e1ltoztatni. Az elm\u00falt \u00e9vben megtett int\u00e9zked\u00e9sek eredm\u00e9nyek\u00e9ppen a fluktu\u00e1ci\u00f3s r\u00e1t\u00e1nk pedig egy \u00e9v alatt tov\u00e1bbi 6 sz\u00e1zal\u00e9kponttal cs\u00f6kkent, mely \u00edgy jelenleg k\u00f6zel 26%.\u201d \u2013 emelte ki Maczelka M\u00e1rk kommunik\u00e1ci\u00f3s vezet\u0151. Ez is bizony\u00edtja, hogy a v\u00e1llalat jelent\u0151s er\u0151fesz\u00edt\u00e9seket tett munkav\u00e1llal\u00f3i megtart\u00e1sa \u00e9rdek\u00e9ben, reag\u00e1lva az aktu\u00e1lis munkaer\u0151piaci helyzetre.<\/p>\n<p>&nbsp;<\/p>\n<p>A SPAR Magyarorsz\u00e1g 2018-ban is folytatja a beruh\u00e1z\u00e1sokat \u00faj \u00e1ruh\u00e1zak \u00e9p\u00edt\u00e9s\u00e9vel \u2013 \u00e9s ezzel egy\u00fctt \u00faj munkahelyek teremt\u00e9s\u00e9vel \u2013 valamint a megl\u00e9v\u0151 \u00e1ruh\u00e1zak fel\u00faj\u00edt\u00e1s\u00e1val: az idei beruh\u00e1z\u00e1si keret meghaladja a 26 milli\u00e1rd forintot, melyet az osztr\u00e1k csal\u00e1di tulajdonban l\u00e9v\u0151 v\u00e1llalat Magyarorsz\u00e1gon fektet be.<\/p>\n","protected":false},"excerpt":{"rendered":"<p>Meg\u00e1llapodott a 2019-es b\u00e9rekr\u0151l a SPAR Magyarorsz\u00e1g Kereskedelmi Kft. \u00e9s a Kereskedelmi Alkalmazottak Szakszervezete. A megegyez\u00e9s \u00e9rtelm\u00e9ben a v\u00e1llalat munkav\u00e1llal\u00f3inak jelent\u0151s r\u00e9sze magasabb fizet\u00e9st kap az idei \u00e9vt\u0151l, valamint a v\u00e1llalatn\u00e1l \u00e9rv\u00e9nyben l\u00e9v\u0151 Kollekt\u00edv Szerz\u0151d\u00e9s t\u00fal\u00f3r\u00e1ra \u00e9s munkaid\u0151keretre vonatkoz\u00f3 szab\u00e1lyai nem v\u00e1ltoznak. Ezen t\u00falmen\u0151en a kedvez\u0151tlen ad\u00f3v\u00e1ltoz\u00e1sok ellen\u00e9re megv\u00e1ltozott form\u00e1ban, de megtart\u00e1sra ker\u00fcl a SPAR &#8230;<\/p>\n","protected":false},"author":1,"featured_media":0,"comment_status":"closed","ping_status":"open","sticky":false,"template":"","format":"standard","meta":[],"categories":[4,19],"tags":[],"_links":{"self":[{"href":"https:\/\/gazdasagportal.hu\/index.php\/wp-json\/wp\/v2\/posts\/112627"}],"collection":[{"href":"https:\/\/gazdasagportal.hu\/index.php\/wp-json\/wp\/v2\/posts"}],"about":[{"href":"https:\/\/gazdasagportal.hu\/index.php\/wp-json\/wp\/v2\/types\/post"}],"author":[{"embeddable":true,"href":"https:\/\/gazdasagportal.hu\/index.php\/wp-json\/wp\/v2\/users\/1"}],"replies":[{"embeddable":true,"href":"https:\/\/gazdasagportal.hu\/index.php\/wp-json\/wp\/v2\/comments?post=112627"}],"version-history":[{"count":1,"href":"https:\/\/gazdasagportal.hu\/index.php\/wp-json\/wp\/v2\/posts\/112627\/revisions"}],"predecessor-version":[{"id":112628,"href":"https:\/\/gazdasagportal.hu\/index.php\/wp-json\/wp\/v2\/posts\/112627\/revisions\/112628"}],"wp:attachment":[{"href":"https:\/\/gazdasagportal.hu\/index.php\/wp-json\/wp\/v2\/media?parent=112627"}],"wp:term":[{"taxonomy":"category","embeddable":true,"href":"https:\/\/gazdasagportal.hu\/index.php\/wp-json\/wp\/v2\/categories?post=112627"},{"taxonomy":"post_tag","embeddable":true,"href":"https:\/\/gazdasagportal.hu\/index.php\/wp-json\/wp\/v2\/tags?post=112627"}],"curies":[{"name":"wp","href":"https:\/\/api.w.org\/{rel}","templated":true}]}}