{"id":112621,"date":"2019-01-10T11:17:34","date_gmt":"2019-01-10T10:17:34","guid":{"rendered":"http:\/\/gazdasagportal.hu\/?p=112621"},"modified":"2019-01-10T11:17:34","modified_gmt":"2019-01-10T10:17:34","slug":"fed-jegyzokonyv-bizonytalan-az-idei-kamatemelesek-szama","status":"publish","type":"post","link":"https:\/\/gazdasagportal.hu\/index.php\/fed-jegyzokonyv-bizonytalan-az-idei-kamatemelesek-szama\/","title":{"rendered":"Fed-jegyz\u0151k\u00f6nyv: bizonytalan az idei kamatemel\u00e9sek sz\u00e1ma"},"content":{"rendered":"<p><strong>A Fed decemberi kamatd\u00f6nt\u0151 \u00fcl\u00e9s\u00e9nek szerda este nyilv\u00e1noss\u00e1gra hozott jegyz\u0151k\u00f6nyve szerint a d\u00f6nt\u00e9shoz\u00f3k elbizonytalanodtak az idei kamatemel\u00e9sek sz\u00e1m\u00e1val kapcsolatban.<\/strong><!--more--><\/p>\n<div class=\"ads-in-post1\"><div id=\"gazdasagportal.hu_fullbanner_wideboard\"><\/div>\r\n<\/div>\n<p>    A dokumentum szerint n\u0151tt a Fed illet\u00e9keseinek az aggodalma a r\u00e9szv\u00e9nypiacokon tapasztalhat\u00f3 kileng\u00e9sek miatt, a kereskedelmi fesz\u00fclts\u00e9gek hat\u00e1s\u00e1ra, \u00e9s \u00e1ltal\u00e1ban a glob\u00e1lis gazdas\u00e1g n\u00f6veked\u00e9s\u00e9vel kapcsolatos bizonytalans\u00e1gokra.<br \/>\n    A jegyz\u0151k\u00f6nyv szerint a Fed kamatalak\u00edt\u00f3i szerint az infl\u00e1ci\u00f3 tov\u00e1bbra is m\u00e9rs\u00e9kelt marad \u00e9s a jegybanknak nem kell sietnie egy \u00fajabb kamatemel\u00e9ssel.<br \/>\n    A jegyz\u0151k\u00f6nyv azon a decemberi \u00fcl\u00e9sen k\u00e9sz\u00fclt, amelyen a Fed a a tavalyi negyedik kamatemel\u00e9sr\u0151l d\u00f6nt\u00f6tt.<br \/>\n<div class=\"ads-in-post2\"><script async src=\"https:\/\/pagead2.googlesyndication.com\/pagead\/js\/adsbygoogle.js\"><\/script>\r\n<ins class=\"adsbygoogle\"\r\n     style=\"display:block\"\r\n     data-ad-format=\"fluid\"\r\n     data-ad-layout-key=\"-6t+ed+2i-1n-4w\"\r\n     data-ad-client=\"ca-pub-1959107119989764\"\r\n     data-ad-slot=\"4008251320\"><\/ins>\r\n<script>\r\n     (adsbygoogle = window.adsbygoogle || []).push({});\r\n<\/script><\/div>\n    A Fed 25 b\u00e1zisponttal, 2,25-2,50 sz\u00e1zal\u00e9kra emelte az ir\u00e1nyad\u00f3 kamats\u00e1vot. A szerd\u00e1n ismertetett jegyz\u0151k\u00f6nyv szerint azonban &#8222;n\u00e9h\u00e1nyan&#8221; a kamatemel\u00e9s ellen sz\u00f3ltak.<br \/>\n    A Fed a decemberi kamatemel\u0151 d\u00f6nt\u00e9s indokl\u00e1s\u00e1ban m\u00e9rs\u00e9kelte gazdas\u00e1gi n\u00f6veked\u00e9si progn\u00f3zis\u00e1t \u00e9s infl\u00e1ci\u00f3s v\u00e1rakoz\u00e1s\u00e1t, valamint enyh\u00edtett a kor\u00e1bban jelzett monet\u00e1ris szigor\u00edt\u00e1si p\u00e1lya meredeks\u00e9g\u00e9n, a kor\u00e1bbi h\u00e1rom helyett ink\u00e1bb k\u00e9t idei kamatemel\u00e9st val\u00f3sz\u00edn\u0171s\u00edtve.<br \/>\n    Egyes elemz\u0151k szerint, ha a gazdas\u00e1g n\u00f6veked\u00e9se jelent\u0151sebben lassul, akkor a Fed id\u00e9n csak egy alkalommal emel kamatot, de az is lehet hogy egy\u00e1ltal\u00e1n nem ker\u00fcl sor r\u00e1.<br \/>\n     Decemberi \u00fcl\u00e9s\u00e9n a 2018. \u00e9vi GDP-n\u00f6veked\u00e9si progn\u00f3zis\u00e1t 3,0 sz\u00e1zal\u00e9kra cs\u00f6kkentette a szeptemberben jelzett 3,1 sz\u00e1zal\u00e9kr\u00f3l, a 2019. \u00e9vit pedig 2,3 sz\u00e1zal\u00e9kra 2,5 sz\u00e1zal\u00e9kr\u00f3l. 2020-as \u00e9s 2021-es n\u00f6veked\u00e9si progn\u00f3zis\u00e1t v\u00e1ltozatlanul 2,0 \u00e9s 1,8 sz\u00e1zal\u00e9kon hagyta a Fed.<br \/>\n    A 2018. \u00e9vi \u00e9s a 2019. \u00e9vi infl\u00e1ci\u00f3s v\u00e1rakoz\u00e1s\u00e1t 1,9 sz\u00e1zal\u00e9kra cs\u00f6kkentette 2,1 \u00e9s 2,0 sz\u00e1zal\u00e9kr\u00f3l a Fed, az elk\u00f6vetkez\u0151 k\u00e9t \u00e9vit pedig meghagyta 2,1 sz\u00e1zal\u00e9kon.(MTI)<\/p>\n","protected":false},"excerpt":{"rendered":"<p>A Fed decemberi kamatd\u00f6nt\u0151 \u00fcl\u00e9s\u00e9nek szerda este nyilv\u00e1noss\u00e1gra hozott jegyz\u0151k\u00f6nyve szerint a d\u00f6nt\u00e9shoz\u00f3k elbizonytalanodtak az idei kamatemel\u00e9sek sz\u00e1m\u00e1val kapcsolatban.<\/p>\n","protected":false},"author":1,"featured_media":59667,"comment_status":"closed","ping_status":"open","sticky":false,"template":"","format":"standard","meta":[],"categories":[146,246],"tags":[],"_links":{"self":[{"href":"https:\/\/gazdasagportal.hu\/index.php\/wp-json\/wp\/v2\/posts\/112621"}],"collection":[{"href":"https:\/\/gazdasagportal.hu\/index.php\/wp-json\/wp\/v2\/posts"}],"about":[{"href":"https:\/\/gazdasagportal.hu\/index.php\/wp-json\/wp\/v2\/types\/post"}],"author":[{"embeddable":true,"href":"https:\/\/gazdasagportal.hu\/index.php\/wp-json\/wp\/v2\/users\/1"}],"replies":[{"embeddable":true,"href":"https:\/\/gazdasagportal.hu\/index.php\/wp-json\/wp\/v2\/comments?post=112621"}],"version-history":[{"count":1,"href":"https:\/\/gazdasagportal.hu\/index.php\/wp-json\/wp\/v2\/posts\/112621\/revisions"}],"predecessor-version":[{"id":112622,"href":"https:\/\/gazdasagportal.hu\/index.php\/wp-json\/wp\/v2\/posts\/112621\/revisions\/112622"}],"wp:featuredmedia":[{"embeddable":true,"href":"https:\/\/gazdasagportal.hu\/index.php\/wp-json\/wp\/v2\/media\/59667"}],"wp:attachment":[{"href":"https:\/\/gazdasagportal.hu\/index.php\/wp-json\/wp\/v2\/media?parent=112621"}],"wp:term":[{"taxonomy":"category","embeddable":true,"href":"https:\/\/gazdasagportal.hu\/index.php\/wp-json\/wp\/v2\/categories?post=112621"},{"taxonomy":"post_tag","embeddable":true,"href":"https:\/\/gazdasagportal.hu\/index.php\/wp-json\/wp\/v2\/tags?post=112621"}],"curies":[{"name":"wp","href":"https:\/\/api.w.org\/{rel}","templated":true}]}}