{"id":112599,"date":"2019-01-09T10:58:16","date_gmt":"2019-01-09T09:58:16","guid":{"rendered":"http:\/\/gazdasagportal.hu\/?p=112599"},"modified":"2019-01-09T07:54:22","modified_gmt":"2019-01-09T06:54:22","slug":"donald-trump-beleegyezne-hogy-ne-fal-hanem-acelkerites-epuljon-az-amerikai-mexikoi-hataron","status":"publish","type":"post","link":"https:\/\/gazdasagportal.hu\/index.php\/donald-trump-beleegyezne-hogy-ne-fal-hanem-acelkerites-epuljon-az-amerikai-mexikoi-hataron\/","title":{"rendered":"Donald Trump beleegyezne, hogy ne fal, hanem ac\u00e9lker\u00edt\u00e9s \u00e9p\u00fclj\u00f6n az amerikai-mexik\u00f3i hat\u00e1ron"},"content":{"rendered":"<p><strong>Donald Trump amerikai eln\u00f6k beleegyezne abba, hogy az amerikai-mexik\u00f3i hat\u00e1ron ne fal, hanem ac\u00e9lker\u00edt\u00e9s \u00e9p\u00fclj\u00f6n &#8211; der\u00fclt ki keddi, a Feh\u00e9r H\u00e1z Ov\u00e1lis irod\u00e1j\u00e1b\u00f3l k\u00f6zvet\u00edtett t\u00e9v\u00e9besz\u00e9d\u00e9b\u0151l, amelyet a nagy amerikai telev\u00edzi\u00f3s csatorn\u00e1k helyi id\u0151 szerint este kilenc \u00f3rakor sug\u00e1roztak.<\/strong><!--more--><\/p>\n<div class=\"ads-in-post1\"><div id=\"gazdasagportal.hu_fullbanner_wideboard\"><\/div>\r\n<\/div>\n<p>     A nemzethez int\u00e9zett \u00fczenete alig kilenc percig tartott, de a j\u00f3slatokkal ellent\u00e9tben az eln\u00f6k nem jelentette be, hogy sz\u00fcks\u00e9g\u00e1llapotot hirdetne.<br \/>\n    Trump lesz\u00f6gezte: n\u00f6vekv\u0151 humanit\u00e1rius \u00e9s biztons\u00e1gi v\u00e1ls\u00e1g alakult ki a d\u00e9li hat\u00e1rokon, naponta ezrek pr\u00f3b\u00e1lnak meg bejutni amerikai ter\u00fcletre. &#8222;Nincs m\u00e1r hely\u00fcnk, ahol elhelyezhetj\u00fck \u0151ket \u00e9s nincsenek meg az eszk\u00f6zeink, hogy megfelel\u0151 m\u00f3don visszak\u00fcldj\u00fck \u0151ket oda, ahonnan \u00fatnak indultak&#8221; &#8211; fogalmazott. Hangs\u00falyozta ugyanakkor, hogy Amerika \u00f6r\u00f6mmel ad otthont olyan bev\u00e1ndorl\u00f3k milli\u00f3inak, akik t\u00f6rv\u00e9nyes keretek k\u00f6z\u00f6tt \u00e9rkeznek, majd gazdag\u00edtj\u00e1k az amerikai nemzetet. &#8222;De minden amerikait k\u00e1rosan \u00e9rint az ellen\u0151rizetlen illeg\u00e1lis bev\u00e1ndorl\u00e1s&#8221; &#8211; sz\u00f6gezte le. Hozz\u00e1tette: az illeg\u00e1lis bev\u00e1ndorl\u00e1s kimer\u00edti az amerikai er\u0151forr\u00e1sokat \u00e9s cs\u00f6kkenti az amerikai b\u00e9reket, ami legink\u00e1bb az Egyes\u00fclt \u00c1llamok afroamerikai \u00e9s spanyolajk\u00fa k\u00f6z\u00f6ss\u00e9geit s\u00fajtja.<br \/>\n<div class=\"ads-in-post2\"><script async src=\"https:\/\/pagead2.googlesyndication.com\/pagead\/js\/adsbygoogle.js\"><\/script>\r\n<ins class=\"adsbygoogle\"\r\n     style=\"display:block\"\r\n     data-ad-format=\"fluid\"\r\n     data-ad-layout-key=\"-6t+ed+2i-1n-4w\"\r\n     data-ad-client=\"ca-pub-1959107119989764\"\r\n     data-ad-slot=\"4008251320\"><\/ins>\r\n<script>\r\n     (adsbygoogle = window.adsbygoogle || []).push({});\r\n<\/script><\/div>\n         Az eln\u00f6k &#8222;a sz\u00edv \u00e9s a l\u00e9lek v\u00e1ls\u00e1g\u00e1r\u00f3l&#8221; besz\u00e9lt. Felid\u00e9zte az Egyes\u00fclt \u00c1llamok hat\u00e1rain\u00e1l l\u00e9v\u0151 migr\u00e1nsok er\u0151szakos cselekedeteit \u00e9s konkr\u00e9t p\u00e9ld\u00e1t is eml\u00edtett egy illeg\u00e1lis bev\u00e1ndorl\u00f3 \u00e1ltal nemr\u00e9giben Kaliforni\u00e1ban elk\u00f6vetett b\u0171ncselekm\u00e9nyre. \u00dagy v\u00e9lte, hogy az ellen\u0151rizetlen hat\u00e1ron be\u00e1raml\u00f3 k\u00e1b\u00edt\u00f3szer t\u00f6bb amerikai hal\u00e1l\u00e1t okozza majd az id\u00e9n, mint a vietnami h\u00e1bor\u00fa. Adatokat id\u00e9zett: az elm\u00falt k\u00e9t \u00e9vben a hat\u00e1rv\u00e9delmi szervek 266 ezer olyan illeg\u00e1lis bev\u00e1ndorl\u00f3t tart\u00f3ztattak le, aki b\u0171ncselekm\u00e9nyeket k\u00f6vetett el.         Eml\u00e9keztetett egyben arra, hogy m\u00e1r a v\u00e1laszt\u00e1si kamp\u00e1ny\u00e1ban is az amerikaiak biztons\u00e1g\u00e1nak meg\u00f3v\u00e1s\u00e1t \u00edg\u00e9rte, \u00e9s feltette a k\u00e9rd\u00e9st: vajon mi az oka annak, hogy tehet\u0151s amerikaiak falat emeltetnek a h\u00e1zuk k\u00f6r\u00e9. Az eln\u00f6k nem nevezett n\u00e9ven senkit, de egy\u00e9rtelm\u0171en Barack Obama demokrata p\u00e1rti volt eln\u00f6kre utalt: p\u00e1r nappal kor\u00e1bban ugyanis m\u00e1r felhozta, hogy az Obama-h\u00e1zasp\u00e1r a washingtoni vill\u00e1ja k\u00f6r\u00fcl magas falat emeltet.         Trump eml\u00e9keztetett arra is, hogy Chuck Schumer, a demokrat\u00e1k szen\u00e1tusi frakci\u00f3j\u00e1nak vezet\u0151je &#8211; aki most ellenzi a hat\u00e1rfalat &#8211; m\u00e1s demokrata p\u00e1rti politikusokkal egy\u00fctt r\u00e9gebben t\u00e1mogatta a fal\u00e9p\u00edt\u00e9st, \u00e9s csak azt k\u00f6vet\u0151en v\u00e1ltoztatott v\u00e9lem\u00e9nyt, hogy \u0151t eln\u00f6kk\u00e9 v\u00e1lasztott\u00e1k.         Az eln\u00f6k kitartott amellett, hogy a d\u00e9li hat\u00e1rokat meg kell v\u00e9deni, \u00e9s ehhez v\u00e1ltozatlanul 5,6 milli\u00e1rd doll\u00e1rt k\u00e9rt a t\u00f6rv\u00e9nyhoz\u00f3kt\u00f3l. Mindehhez forr\u00e1st az Egyes\u00fclt \u00c1llamok \u00faj kereskedelmi meg\u00e1llapod\u00e1saib\u00f3l lehetne el\u0151teremteni &#8211; tette hozz\u00e1. Megism\u00e9telte: a r\u00e9szleges korm\u00e1nyzati le\u00e1ll\u00e1s perceken bel\u00fcl megoldhat\u00f3 lenne, \u00e9s szerd\u00e1ra t\u00e1rgyal\u00e1sokra invit\u00e1lta a demokrata p\u00e1rti vezet\u0151ket a Feh\u00e9r H\u00e1zba. Lesz\u00f6gezte viszont: a korm\u00e1nyzati munka \u00fajraind\u00edt\u00e1sa csak akkor lehets\u00e9ges, ha az ehhez sz\u00fcks\u00e9ges k\u00f6lts\u00e9gvet\u00e9sben szerepel a falra, illetve az ac\u00e9lker\u00edt\u00e9sre k\u00e9rt \u00f6sszeg is.<br \/>\n    A demokrata p\u00e1rti t\u00f6rv\u00e9nyhoz\u00f3k nev\u00e9ben Nancy Pelosi, a t\u00f6rv\u00e9nyhoz\u00e1s h\u00e1zeln\u00f6ke \u00e9s Chuck Schumer szen\u00e1tusi frakci\u00f3vezet\u0151 szint\u00e9n nagyon r\u00f6vid besz\u00e9dben v\u00e1laszolt az eln\u00f6knek. Schumer szen\u00e1tor azt hangoztatta, hogy a demokrat\u00e1k &#8222;nem indulatb\u00f3l politiz\u00e1lnak&#8221; \u00e9s elveikkel nem f\u00e9r \u00f6ssze egy hat\u00e1ron \u00e9p\u00edtend\u0151 fal gondolata. &#8222;Az eln\u00f6k a f\u00e9lelemkelt\u00e9sre \u00e9s nem a t\u00e9nyekre, a megosztotts\u00e1gra \u00e9s nem az egys\u00e9gre \u00e9p\u00edt&#8221; &#8211; fogalmazott a szen\u00e1tor. Kiemelte: a korm\u00e1nyzati munk\u00e1t \u00fajra kell ind\u00edtani \u00e9s majd ut\u00e1na vit\u00e1zhatnak a d\u00e9li hat\u00e1rok biztons\u00e1g\u00e1r\u00f3l.(MTI)<\/p>\n","protected":false},"excerpt":{"rendered":"<p>Donald Trump amerikai eln\u00f6k beleegyezne abba, hogy az amerikai-mexik\u00f3i hat\u00e1ron ne fal, hanem ac\u00e9lker\u00edt\u00e9s \u00e9p\u00fclj\u00f6n &#8211; der\u00fclt ki keddi, a Feh\u00e9r H\u00e1z Ov\u00e1lis irod\u00e1j\u00e1b\u00f3l k\u00f6zvet\u00edtett t\u00e9v\u00e9besz\u00e9d\u00e9b\u0151l, amelyet a nagy amerikai telev\u00edzi\u00f3s csatorn\u00e1k helyi id\u0151 szerint este kilenc \u00f3rakor sug\u00e1roztak.<\/p>\n","protected":false},"author":1001003,"featured_media":0,"comment_status":"closed","ping_status":"open","sticky":false,"template":"","format":"standard","meta":[],"categories":[13,5],"tags":[],"_links":{"self":[{"href":"https:\/\/gazdasagportal.hu\/index.php\/wp-json\/wp\/v2\/posts\/112599"}],"collection":[{"href":"https:\/\/gazdasagportal.hu\/index.php\/wp-json\/wp\/v2\/posts"}],"about":[{"href":"https:\/\/gazdasagportal.hu\/index.php\/wp-json\/wp\/v2\/types\/post"}],"author":[{"embeddable":true,"href":"https:\/\/gazdasagportal.hu\/index.php\/wp-json\/wp\/v2\/users\/1001003"}],"replies":[{"embeddable":true,"href":"https:\/\/gazdasagportal.hu\/index.php\/wp-json\/wp\/v2\/comments?post=112599"}],"version-history":[{"count":1,"href":"https:\/\/gazdasagportal.hu\/index.php\/wp-json\/wp\/v2\/posts\/112599\/revisions"}],"predecessor-version":[{"id":112600,"href":"https:\/\/gazdasagportal.hu\/index.php\/wp-json\/wp\/v2\/posts\/112599\/revisions\/112600"}],"wp:attachment":[{"href":"https:\/\/gazdasagportal.hu\/index.php\/wp-json\/wp\/v2\/media?parent=112599"}],"wp:term":[{"taxonomy":"category","embeddable":true,"href":"https:\/\/gazdasagportal.hu\/index.php\/wp-json\/wp\/v2\/categories?post=112599"},{"taxonomy":"post_tag","embeddable":true,"href":"https:\/\/gazdasagportal.hu\/index.php\/wp-json\/wp\/v2\/tags?post=112599"}],"curies":[{"name":"wp","href":"https:\/\/api.w.org\/{rel}","templated":true}]}}