{"id":112586,"date":"2019-01-09T13:35:03","date_gmt":"2019-01-09T12:35:03","guid":{"rendered":"http:\/\/gazdasagportal.hu\/?p=112586"},"modified":"2019-01-08T20:47:21","modified_gmt":"2019-01-08T19:47:21","slug":"milyen-meglepeteseket-tartogathat-a-befektetoknek-2019","status":"publish","type":"post","link":"https:\/\/gazdasagportal.hu\/index.php\/milyen-meglepeteseket-tartogathat-a-befektetoknek-2019\/","title":{"rendered":"Milyen meglepet\u00e9seket tartogathat a befektet\u0151knek 2019?"},"content":{"rendered":"<p><strong>A K&amp;H befektet\u00e9si szakembereinek \u00f6ssze\u00e1ll\u00edt\u00e1s\u00e1b\u00f3l kider\u00fcl, melyek azok a gazdas\u00e1gi esem\u00e9nyek, amelyek bek\u00f6vetkez\u00e9se ugyan meglepet\u00e9sk\u00e9nt \u00e9rn\u00e9 a piacokat, m\u00e9gsem z\u00e1rhat\u00f3k ki teljesen. Ha pedig m\u00e9gis megt\u00f6rt\u00e9nnek, igen komoly hat\u00e1suk lehet, \u00edgy \u00e9rdemes a befektet\u0151knek ezekr\u0151l is t\u00e1j\u00e9koz\u00f3dni.<\/strong><!--more--><\/p>\n<div class=\"ads-in-post1\"><div id=\"gazdasagportal.hu_fullbanner_wideboard\"><\/div>\r\n<\/div>\n<p>\u2981 nem emel kamatot a Fed \u2013 bek\u00f6vetkez\u00e9s val\u00f3sz\u00edn\u0171s\u00e9ge: 40%<br \/>\nA Fed tavaly a kor\u00e1bbi el\u0151rejelz\u00e9sekn\u00e9l is gyorsabb \u00fctemben emelte az amerikai alapkamatot, \u00e9s az alapforgat\u00f3k\u00f6nyv szerint ez 2019-ben is folytat\u00f3dhat, mivel az USA n\u00f6veked\u00e9se tov\u00e1bbra is 2-3% k\u00f6z\u00f6tt v\u00e1rhat\u00f3, \u00e9s a Fed jegybank\u00e1rai tov\u00e1bbi mun\u00edci\u00f3t gy\u0171jthetnek az alapkamat emel\u00e9s\u00e9vel, hogy a gazdas\u00e1gi ciklus fordul\u00e1sa eset\u00e9n legyen eszk\u00f6z\u00fck tov\u00e1bbi \u00e9l\u00e9nk\u00edt\u00e9sre. A Fed eln\u00f6ke, Jerome Powell legut\u00f3bbi nyilatkozata szerint azonban az alapkamat szintje m\u00e1r k\u00f6zel j\u00e1r az egyens\u00falyi szinthez, \u00edgy az sem kiz\u00e1rt, hogy id\u00e9n m\u00e9gis v\u00e1ltozatlanul marad a kamatszint.<\/p>\n<p>\u2981 nem lesz magyar felmin\u0151s\u00edt\u00e9s \u2013 bek\u00f6vetkez\u00e9s val\u00f3sz\u00edn\u0171s\u00e9ge: 33%<br \/>\n2016-ban mind a h\u00e1rom nagy hitelmin\u0151s\u00edt\u0151 befektet\u00e9sre aj\u00e1nlott kateg\u00f3ri\u00e1ba jav\u00edtotta Magyarorsz\u00e1g ad\u00f3smin\u0151s\u00edt\u00e9s\u00e9t, 2017 \u00e9s 2018 azonban nem hozott tov\u00e1bbi v\u00e1ltoz\u00e1st, holott a befektet\u00e9sre javasolt ad\u00f3smin\u0151s\u00edt\u00e9shez m\u00e1r 2017 \u00f3ta pozit\u00edv kil\u00e1t\u00e1sokat rendelt a Standard &amp; Poor\u2019s \u00e9s a Fitch is. 2018 els\u0151 f\u00e9l\u00e9ve enyhe emelked\u00e9st hozott Magyarorsz\u00e1g GDP-ar\u00e1nyos ad\u00f3ss\u00e1gr\u00e1t\u00e1j\u00e1ban, de a kedvez\u0151 hazai n\u00f6veked\u00e9s seg\u00edts\u00e9g\u00e9vel \u00e9v v\u00e9g\u00e9re minden bizonnyal ism\u00e9t cs\u00f6kken\u0151 tendenci\u00e1t mutat majd az ad\u00f3ss\u00e1gp\u00e1ly\u00e1nk, \u00edgy a tov\u00e1bb cs\u00f6kken\u0151 ad\u00f3ss\u00e1gp\u00e1lya t\u00fckr\u00e9ben igen meglep\u0151 lenne, ha 2019-ben sem jav\u00edtana egyik hitelmin\u0151s\u00edt\u0151 sem az oszt\u00e1lyzatunkon.<\/p><div id=\"gazda-1176522008\" class=\"gazda-tartalomban gazda-entity-placement\"><script async src=\"https:\/\/pagead2.googlesyndication.com\/pagead\/js\/adsbygoogle.js\"><\/script>\r\n<ins class=\"adsbygoogle\"\r\n     style=\"display:block\"\r\n     data-ad-format=\"fluid\"\r\n     data-ad-layout-key=\"-6t+ed+2i-1n-4w\"\r\n     data-ad-client=\"ca-pub-1959107119989764\"\r\n     data-ad-slot=\"4008251320\"><\/ins>\r\n<script>\r\n     (adsbygoogle = window.adsbygoogle || []).push({});\r\n<\/script><\/div>\n<div class=\"ads-in-post2\"><script async src=\"https:\/\/pagead2.googlesyndication.com\/pagead\/js\/adsbygoogle.js\"><\/script>\r\n<ins class=\"adsbygoogle\"\r\n     style=\"display:block\"\r\n     data-ad-format=\"fluid\"\r\n     data-ad-layout-key=\"-6t+ed+2i-1n-4w\"\r\n     data-ad-client=\"ca-pub-1959107119989764\"\r\n     data-ad-slot=\"4008251320\"><\/ins>\r\n<script>\r\n     (adsbygoogle = window.adsbygoogle || []).push({});\r\n<\/script><\/div>\n\u2981 kamatot emel az MNB \u2013 bek\u00f6vetkez\u00e9s val\u00f3sz\u00edn\u0171s\u00e9ge: 22%<br \/>\n\u00dagy t\u0171nik, az MNB, ameddig csak lehet, kitart az alacsony alapkamat mellett, f\u0151leg, hogy a piacon el\u00e9rhet\u0151 kamatok jelenleg messze a 0,9%-os jegybanki kamat szintje alatt tart\u00f3zkodnak. Ezt a terv\u00e9t az infl\u00e1ci\u00f3 elsz\u00e1ll\u00e1sa akad\u00e1lyozhatja meg, vagy ha az Eur\u00f3pai K\u00f6zponti Bank kor\u00e1bban kezdi emelni az alapkamat szintj\u00e9t. Egyel\u0151re mindkett\u0151nek kev\u00e9s az es\u00e9lye, hiszen a tavaly okt\u00f3berig folyamatos emelked\u0151 infl\u00e1ci\u00f3 \u00e9v v\u00e9g\u00e9re visszaesett, \u00e9s v\u00e1rhat\u00f3an id\u00e9n is a jegybank tolerancias\u00e1vj\u00e1n bel\u00fcl maradhat, m\u00edg az EKB kor\u00e1bban 2019 m\u00e1sodik fel\u00e9re v\u00e1rt kamatemel\u00e9se egyre ink\u00e1bb \u00e1ttol\u00f3dik 2020-ra.<br \/>\n\u2981 egyen\u00e9rt\u00e9k\u0171 lesz a doll\u00e1r \u00e9s az eur\u00f3 \u2013 bek\u00f6vetkez\u00e9s val\u00f3sz\u00edn\u0171s\u00e9ge: 20%<br \/>\nA tavalyi \u00e9v egyik legnagyobb meglepet\u00e9s\u00e9t az EUR\/USD kereszt\u00e1rfolyam alakul\u00e1sa hozta, ugyanis az \u00e9v elej\u00e9n az eur\u00f3 mark\u00e1ns er\u0151s\u00f6d\u00e9s\u00e9re lehetett sz\u00e1m\u00edtani, majd ennek \u00e9pp az ellenkez\u0151je k\u00f6vetkezett be: az eur\u00f3 10%-kal gyeng\u00fclt a febru\u00e1ri cs\u00facsr\u00f3l. Id\u00e9n az EUR\/USD kereszt emelked\u00e9s\u00e9t v\u00e1rja a piac, mivel egyre ink\u00e1bb cs\u00f6kkenhet a k\u00e9t gazdas\u00e1gi t\u00e9rs\u00e9g n\u00f6veked\u00e9si k\u00fcl\u00f6nbs\u00e9ge, emellett pedig a Fed \u00fczenetei is egyre kevesebb kamatemel\u00e9st jeleznek el\u0151re. \u00cdgy val\u00f3ban meglepet\u00e9s volna, ha a doll\u00e1r tov\u00e1bb er\u0151s\u00f6dne \u00e9s el\u00e9rn\u00e9 a parit\u00e1st, azaz, hogy ugyanannyit \u00e9rjen az eur\u00f3, mint a doll\u00e1r.<\/p>\n<p>\u2981 310 al\u00e1 er\u0151s\u00f6dik a forint az eur\u00f3val szemben \u2013 bek\u00f6vetkez\u00e9s val\u00f3sz\u00edn\u0171s\u00e9ge: 18%<br \/>\nTavaly m\u00e9g arr\u00f3l besz\u00e9lt\u00fcnk, hogy meglepet\u00e9s lenne, ha a 300-as szint al\u00e1 er\u0151s\u00f6dne a forint az eur\u00f3val szemben, id\u00e9n azonban m\u00e1r a 310-es szint el\u00e9r\u00e9se sem t\u00fal val\u00f3sz\u00edn\u0171. Hab\u00e1r az er\u0151s gazdas\u00e1gi teljes\u00edtm\u00e9ny, illetve a t\u00f6bbletes foly\u00f3 fizet\u00e9si m\u00e9rleg a hazai fizet\u0151eszk\u00f6z er\u0151s\u00f6d\u00e9s\u00e9nek ir\u00e1ny\u00e1ba hat, a rendk\u00edv\u00fcl laza monet\u00e1ris politika fennmarad\u00e1sa tov\u00e1bbra is a gyeng\u00e9bb \u00e1rfolyamot t\u00e1mogatja. Mindezekkel egy\u00fctt nem elk\u00e9pzelhetetlen, hogy a fizet\u0151eszk\u00f6z\u00fcnk kis m\u00e9rt\u00e9kben er\u0151s\u00f6dni tud id\u00e9n, de a 310-es szint el\u00e9r\u00e9s\u00e9re kev\u00e9s es\u00e9ly van.<\/p>\n<p>\u2981 izgalommentes \u00e9v az olaj piac\u00e1n \u2013 bek\u00f6vetkez\u00e9s val\u00f3sz\u00edn\u0171s\u00e9ge: 15%<br \/>\nAz elm\u00falt \u00e9vekben m\u00e1r megszokhattuk, hogy a k\u0151olaj \u00e1rfolyama jelent\u0151s, k\u00e9tsz\u00e1mjegy\u0171 kileng\u00e9seket mutat a geopolitikai fesz\u00fclts\u00e9gekt\u0151l, az amerikai kitermel\u00e9s folyamatos n\u00f6veked\u00e9s\u00e9t\u0151l \u00e9s az OPEC \u00fcl\u00e9sek eredm\u00e9ny\u00e9t\u0151l f\u00fcgg\u0151en. 2019-ben is meglepet\u00e9snek tartan\u00e1nk, ha csup\u00e1n egy sz\u0171k s\u00e1vban maradna a brent-t\u00edpus\u00fa olaj \u00e1rfolyama, de mivel az OPEC orsz\u00e1gok 60 doll\u00e1rn\u00e1l alacsonyabb olaj\u00e1rn\u00e1l m\u00e1r v\u00e1rhat\u00f3an beavatkoznak, a 80 doll\u00e1r k\u00f6zeli szinteken pedig a cs\u00f6kken\u0151 kereslet m\u00e1r a glob\u00e1lis gazdas\u00e1got is lass\u00edthatja, \u00edgy kis es\u00e9llyel el\u0151fordulhat, hogy a 60-70 doll\u00e1r k\u00f6z\u00f6tti szinteken stabiliz\u00e1l\u00f3dik olaj.<\/p>\n<p>\u2981 v\u00e9get \u00e9r az USA-K\u00edna kereskedelmi konfliktus \u2013 bek\u00f6vetkez\u00e9s val\u00f3sz\u00edn\u0171s\u00e9ge: 15%<br \/>\nAz elm\u00falt \u00e9v egyik legforr\u00f3bb t\u00e9m\u00e1ja az amerikai-k\u00ednai kereskedelmi konfliktus volt. Donald Trump oldal\u00e1r\u00f3l a novemberi id\u0151k\u00f6zi v\u00e1laszt\u00e1sok ut\u00e1n sem \u00e1llt be nagy v\u00e1ltoz\u00e1s, \u00e9s rendszeresek a nyilv\u00e1noss\u00e1gra ker\u00fcl\u0151 \u2013 gyakran egym\u00e1snak is ellentmond\u00f3 inform\u00e1ci\u00f3k \u2013 a t\u00e9m\u00e1ban, \u00e9s K\u00edna sem akart engedni, \u00edgy neh\u00e9z lenne a konfliktus j\u00f6v\u0151beni alakul\u00e1s\u00e1val kapcsolatban konkr\u00e9t v\u00e1rakoz\u00e1sokat megfogalmazni. Hab\u00e1r a tavalyi \u00e9v v\u00e9g\u00e9re ink\u00e1bb az \u00e1ll\u00e1spontok k\u00f6zeled\u00e9se volt jellemz\u0151, de igazi meglepet\u00e9s lenne, ha ez a visz\u00e1ly id\u00e9n lez\u00e1rulna.<\/p>\n<p>\u2981 \u00fajra negat\u00edv lesz a 10 \u00e9ves n\u00e9met k\u00f6tv\u00e9nyhozam \u2013 bek\u00f6vetkez\u00e9s val\u00f3sz\u00edn\u0171s\u00e9ge: 10%<br \/>\nUtolj\u00e1ra 2016 v\u00e9g\u00e9n l\u00e1thattunk negat\u00edv n\u00e9met 10 \u00e9ves k\u00f6tv\u00e9nyhozamot, tavaly \u00e9v v\u00e9g\u00e9n azonban megint l\u00e1t\u00f3t\u00e1vols\u00e1gba ker\u00fclt a nulla alatti szint el\u00e9r\u00e9se. Ennek oka, hogy a n\u00e9met hozamokat eddig felfel\u00e9 h\u00faz\u00f3 eur\u00f3pai gazdas\u00e1g teljes\u00edtm\u00e9ny\u00e9ben 2018 m\u00e1sodik fel\u00e9ben t\u00f6r\u00e9s k\u00f6vetkezett be, \u00e9s a kock\u00e1zatok is megemelkedtek a Brexittel kapcsolatos bizonytalans\u00e1gok, illetve az Olaszorsz\u00e1ggal szembeni konfliktus miatt. Mindez a legbiztons\u00e1gosabbnak tekintett n\u00e9met k\u00f6tv\u00e9ny fel\u00e9 tereli a befektet\u0151ket. Ahhoz azonban, hogy t\u00e9nylegesen negat\u00edvba forduljon a n\u00e9met 10 \u00e9ves k\u00f6tv\u00e9nyhozam, nagyon radik\u00e1lis fordulatnak kellene bek\u00f6vetkeznie az eur\u00f3pai gazdas\u00e1gokban, ennek pedig jelenleg nem l\u00e1tni nagy es\u00e9ly\u00e9t.<\/p>\n<p>\u2981 medve piac a magyar t\u0151zsd\u00e9n \u2013 bek\u00f6vetkez\u00e9s val\u00f3sz\u00edn\u0171s\u00e9ge: 10%<br \/>\nH\u00e1rom \u00e9v k\u00e9tsz\u00e1mjegy\u0171 n\u00f6veked\u00e9se ut\u00e1n 2018-ban m\u00e9rs\u00e9keltebb er\u0151s\u00f6d\u00e9ssel z\u00e1rta az \u00e9vet a BUX index. A kil\u00e1t\u00e1sok alapj\u00e1n a hazai \u00e9s r\u00e9gi\u00f3s gazdas\u00e1gi k\u00f6rnyezet 2019-ben is kedvez\u0151 maradhat, \u00edgy id\u00e9n is folytat\u00f3dhat az emelked\u0151 trend: a kor\u00e1bbi \u00e9vek 11-12-es \u00e1rfolyam\/nyeres\u00e9g szorz\u00f3j\u00e1val m\u00e1r b\u0151ven 40 ezer feletti index c\u00e9l\u00e9rt\u00e9k \u00e9s 5-10%-os emelked\u00e9s j\u00f6het. Ha azonban Trump tov\u00e1bbra is a v\u00e1mok emberek\u00e9nt poz\u00edcion\u00e1lja mag\u00e1t, illetve Eur\u00f3p\u00e1ban olyan politikai v\u00e1ltoz\u00e1sok miatt kell agg\u00f3dniuk a piacoknak, mint a Brexit, az eur\u00f3pai parlamenti v\u00e1laszt\u00e1sok vagy az EKB \u00e9s az Eur\u00f3pai Bizotts\u00e1g eln\u00f6k\u00e9nek kinevez\u00e9se, akkor a BUX sem fog mentes\u00fclni a felt\u00f6rekv\u0151 piaci elad\u00e1si hull\u00e1mt\u00f3l, ami ak\u00e1r egy 10% feletti korrekci\u00f3t is eredm\u00e9nyezhet.<\/p>\n<p>\u2981 recesszi\u00f3ba fordul a vil\u00e1ggazdas\u00e1g \u2013 bek\u00f6vetkez\u00e9s val\u00f3sz\u00edn\u0171s\u00e9ge: 5%<br \/>\nTavaly 3,7%-kal b\u0151v\u00fclt a vil\u00e1ggazdas\u00e1g, az idei \u00e9vvel kapcsolatban azonban egyre t\u00f6bb negat\u00edv v\u00e9lem\u00e9ny jelenik meg. A pesszimista vil\u00e1gk\u00e9pet legt\u00f6bbsz\u00f6r azzal indokolj\u00e1k, hogy cs\u00f6kken a jegybankok \u00e1ltal ny\u00fajtott t\u00e1mogat\u00e1s, a r\u00f6vidt\u00e1v\u00fa k\u00f6tv\u00e9nyek hozama meghaladja a hossz\u00fa t\u00e1v\u00fa pap\u00edrok\u00e9t, K\u00edn\u00e1ban v\u00e1ltozik a gazdas\u00e1g szerkezete, kereskedelmi h\u00e1bor\u00fa fenyeget, \u00e9s gyeng\u00fcl az EU tag\u00e1llamok k\u00f6z\u00f6tti egy\u00fcttm\u0171k\u00f6d\u00e9s. Hab\u00e1r mindegyikben van n\u00e9mi igazs\u00e1g, enn\u00e9l \u00e1rnyaltabb a k\u00e9p, ez\u00e9rt kicsi az es\u00e9lye annak, hogy a vil\u00e1ggazdas\u00e1g id\u00e9n recesszi\u00f3ba fordul.<br \/>\n<strong>A K&amp;H Csoport<\/strong><br \/>\nAz orsz\u00e1g egyik vezet\u0151 \u00e9s orsz\u00e1gosan t\u00f6bb mint 4000 munkat\u00e1rsat foglalkoztat\u00f3 p\u00e9nzint\u00e9zetek\u00e9nt a K&amp;H c\u00e9lja, hogy \u00fcgyfelei ig\u00e9nyeit minden id\u0151ben magas szinten el\u00e9g\u00edtse ki, \u00e9s a lehet\u0151 legteljesebb term\u00e9kpalett\u00e1t ny\u00fajtsa sz\u00e1mukra. A K&amp;H orsz\u00e1gszerte 206 lakoss\u00e1gi fi\u00f3kot m\u0171k\u00f6dtet, \u00e9s mintegy 1 milli\u00f3 lakoss\u00e1gi, kkv \u00e9s v\u00e1llalati \u00fcgyfel\u00e9nek k\u00edn\u00e1l p\u00e9nz\u00fcgyi szolg\u00e1ltat\u00e1sokat. A magyar gazdas\u00e1g m\u0171k\u00f6d\u00e9s\u00e9t t\u00f6bb mint 2200 milli\u00e1rd forintnyi kihelyezett hitel- \u00e9s hiteljelleg\u0171 \u00e1llom\u00e1nnyal seg\u00edti h\u00e1ztart\u00e1sok, kisv\u00e1llalkoz\u00e1sok, v\u00e1llalatok \u00e9s \u00f6nkorm\u00e1nyzatok finansz\u00edroz\u00e1s\u00e1n kereszt\u00fcl. A c\u00e9gcsoport teljes tev\u00e9kenys\u00e9ge hozz\u00e1vet\u0151legesen 4000 magyar besz\u00e1ll\u00edt\u00f3nak \u00e9s mintegy 700 banki \u00e9s biztos\u00edt\u00e1si \u00fcgyn\u00f6knek biztos\u00edt megrendel\u00e9seket \u00e9s folyamatos tev\u00e9kenys\u00e9get.<br \/>\n<strong>K&amp;H Bank<\/strong><br \/>\n2018. III. negyed\u00e9v\u00e9nek v\u00e9g\u00e9n:<br \/>\nsaj\u00e1t t\u0151ke (IFRS konszolid\u00e1lt, nem audit\u00e1lt): 286 milli\u00e1rd forint<br \/>\nm\u00e9rlegf\u0151\u00f6sszeg (IFRS konszolid\u00e1lt, nem audit\u00e1lt): 3 133 milli\u00e1rd forint<br \/>\nad\u00f3z\u00e1s ut\u00e1ni eredm\u00e9ny (IFRS konszolid\u00e1lt, nem audit\u00e1lt): 45,1 milli\u00e1rd forint<\/p>\n<p><strong>K&amp;H Alapkezel\u0151<\/strong><br \/>\n2018. III. negyed\u00e9v\u00e9nek v\u00e9g\u00e9n:<br \/>\nteljes kezelt vagyon: 990 milli\u00e1rd forint<br \/>\nK&amp;H alapokban kezelt vagyon: 823 milli\u00e1rd forint<br \/>\nint\u00e9zm\u00e9nyi \u00fcgyfelek kezelt vagyona: 167 milli\u00e1rd forint<br \/>\nK&amp;H Biztos\u00edt\u00f3<br \/>\n2018. III. negyed\u00e9v\u00e9nek v\u00e9g\u00e9n:<br \/>\nsaj\u00e1t t\u0151ke (IFRS konszolid\u00e1lt, nem audit\u00e1lt): 12,6 milli\u00e1rd forint<br \/>\nm\u00e9rlegf\u0151\u00f6sszeg (IFRS konszolid\u00e1lt, nem audit\u00e1lt): 168,6 milli\u00e1rd forint<br \/>\nbiztos\u00edt\u00e1stechnikai eredm\u00e9ny (IFRS konszolid\u00e1lt, nem audit\u00e1lt): 4,2 milli\u00e1rd forint<br \/>\nad\u00f3z\u00e1s ut\u00e1ni eredm\u00e9ny (IFRS konszolid\u00e1lt, nem audit\u00e1lt): 3,2 milli\u00e1rd forint<\/p>\n","protected":false},"excerpt":{"rendered":"<p>A K&amp;H befektet\u00e9si szakembereinek \u00f6ssze\u00e1ll\u00edt\u00e1s\u00e1b\u00f3l kider\u00fcl, melyek azok a gazdas\u00e1gi esem\u00e9nyek, amelyek bek\u00f6vetkez\u00e9se ugyan meglepet\u00e9sk\u00e9nt \u00e9rn\u00e9 a piacokat, m\u00e9gsem z\u00e1rhat\u00f3k ki teljesen. Ha pedig m\u00e9gis megt\u00f6rt\u00e9nnek, igen komoly hat\u00e1suk lehet, \u00edgy \u00e9rdemes a befektet\u0151knek ezekr\u0151l is t\u00e1j\u00e9koz\u00f3dni.<\/p>\n","protected":false},"author":1001003,"featured_media":112587,"comment_status":"closed","ping_status":"open","sticky":false,"template":"","format":"standard","meta":[],"categories":[146,4,19,246],"tags":[],"_links":{"self":[{"href":"https:\/\/gazdasagportal.hu\/index.php\/wp-json\/wp\/v2\/posts\/112586"}],"collection":[{"href":"https:\/\/gazdasagportal.hu\/index.php\/wp-json\/wp\/v2\/posts"}],"about":[{"href":"https:\/\/gazdasagportal.hu\/index.php\/wp-json\/wp\/v2\/types\/post"}],"author":[{"embeddable":true,"href":"https:\/\/gazdasagportal.hu\/index.php\/wp-json\/wp\/v2\/users\/1001003"}],"replies":[{"embeddable":true,"href":"https:\/\/gazdasagportal.hu\/index.php\/wp-json\/wp\/v2\/comments?post=112586"}],"version-history":[{"count":1,"href":"https:\/\/gazdasagportal.hu\/index.php\/wp-json\/wp\/v2\/posts\/112586\/revisions"}],"predecessor-version":[{"id":112588,"href":"https:\/\/gazdasagportal.hu\/index.php\/wp-json\/wp\/v2\/posts\/112586\/revisions\/112588"}],"wp:featuredmedia":[{"embeddable":true,"href":"https:\/\/gazdasagportal.hu\/index.php\/wp-json\/wp\/v2\/media\/112587"}],"wp:attachment":[{"href":"https:\/\/gazdasagportal.hu\/index.php\/wp-json\/wp\/v2\/media?parent=112586"}],"wp:term":[{"taxonomy":"category","embeddable":true,"href":"https:\/\/gazdasagportal.hu\/index.php\/wp-json\/wp\/v2\/categories?post=112586"},{"taxonomy":"post_tag","embeddable":true,"href":"https:\/\/gazdasagportal.hu\/index.php\/wp-json\/wp\/v2\/tags?post=112586"}],"curies":[{"name":"wp","href":"https:\/\/api.w.org\/{rel}","templated":true}]}}