{"id":112580,"date":"2019-01-09T10:25:53","date_gmt":"2019-01-09T09:25:53","guid":{"rendered":"http:\/\/gazdasagportal.hu\/?p=112580"},"modified":"2019-01-08T20:26:45","modified_gmt":"2019-01-08T19:26:45","slug":"a-gyenge-kinai-kereslet-visszavetette-a-samsung-electronics-teljesitmenyet","status":"publish","type":"post","link":"https:\/\/gazdasagportal.hu\/index.php\/a-gyenge-kinai-kereslet-visszavetette-a-samsung-electronics-teljesitmenyet\/","title":{"rendered":"A gyenge k\u00ednai kereslet visszavetette a Samsung Electronics teljes\u00edtm\u00e9ny\u00e9t"},"content":{"rendered":"<p><strong>K\u00e9t \u00e9v \u00f3ta el\u0151sz\u00f6r negyed\u00e9ves m\u0171k\u00f6d\u00e9si nyeres\u00e9g\u00e9nek cs\u00f6kken\u00e9s\u00e9re sz\u00e1m\u00edt a Samsung Electronics, mivel a k\u00ednai gazdas\u00e1gi n\u00f6veked\u00e9s lanyhul\u00e1sa visszavetette a f\u00e9lvezet\u0151k \u00e9s a mobiltelefonok ir\u00e1nti keresletet.<\/strong><!--more--><\/p>\n<div class=\"ads-in-post1\"><div id=\"gazdasagportal.hu_fullbanner_wideboard\"><\/div>\r\n<\/div>\n<p>    A d\u00e9l-koreai elektronikai konszern kedden k\u00f6z\u00f6lte, hogy becsl\u00e9sei szerint \u00e9ves \u00f6sszevet\u00e9sben 29 sz\u00e1zal\u00e9kkal, 10,8 billi\u00f3 vonra (9,67 milli\u00e1rd doll\u00e1rra) cs\u00f6kkent a tavalyi negyedik negyed\u00e9vben megtermelt m\u0171k\u00f6d\u00e9si profitja, m\u00edg bev\u00e9telei 11 sz\u00e1zal\u00e9kkal 59 billi\u00f3 vonra (52,82 milli\u00e1rd doll\u00e1rra) estek vissza.<br \/>\n    Az S&#038;P Global Market Intelligence elemz\u0151i 63,5 billi\u00f3 von bev\u00e9tel mellett  13,8 billi\u00f3 von m\u0171k\u00f6d\u00e9si eredm\u00e9nyt v\u00e1rtak a negyedik negyed\u00e9vr\u0151l, \u00e9s arra sz\u00e1m\u00edtanak, hogy a Samsung profitja cs\u00f6kkenni fog az id\u00e9n a k\u00ednai gazdas\u00e1g gyeng\u00fcl\u0151 teljes\u00edtm\u00e9nye miatt.<br \/>\n<div class=\"ads-in-post2\"><script async src=\"https:\/\/pagead2.googlesyndication.com\/pagead\/js\/adsbygoogle.js\"><\/script>\r\n<ins class=\"adsbygoogle\"\r\n     style=\"display:block\"\r\n     data-ad-format=\"fluid\"\r\n     data-ad-layout-key=\"-6t+ed+2i-1n-4w\"\r\n     data-ad-client=\"ca-pub-1959107119989764\"\r\n     data-ad-slot=\"4008251320\"><\/ins>\r\n<script>\r\n     (adsbygoogle = window.adsbygoogle || []).push({});\r\n<\/script><\/div>\n    A d\u00e9l-koreai v\u00e1llalat janu\u00e1r v\u00e9g\u00e9n ismerteti a v\u00e9gleges adatokat \u00e9s azt, hogy pontosan mik\u00e9nt szerepelt a negyed\u00e9vben a c\u00e9g mobil- \u00e9s f\u00e9lvezet\u0151gy\u00e1rt\u00f3 \u00e1gazata. Az el\u0151zetes becsl\u00e9shez \u00e1ltal\u00e1ban nem szokott magyar\u00e1zatot f\u0171zni a v\u00e1llalat, de ez\u00fattal h\u00e1tt\u00e9rnyilatkozatot f\u0171z\u00f6tt a profitfigyelmeztet\u00e9shez, hogy &#8222;enyh\u00edtse a zavarodotts\u00e1got&#8221; a befektet\u0151k k\u00f6r\u00e9ben.<br \/>\n    &#8222;Arra sz\u00e1m\u00edtunk, hogy a nyeres\u00e9g m\u00e9rs\u00e9kelt lesz 2019 els\u0151 negyed\u00e9v\u00e9ben is, tekintettel a f\u00e9lvezet\u0151gy\u00e1rt\u00f3 \u00fczlet\u00e1g neh\u00e9z felt\u00e9teleire&#8221; &#8211; \u00e1ll a k\u00f6zlem\u00e9nyben, amelyben a chipek ir\u00e1nt kereslet gyeng\u00fcl\u00e9se mellett azt is kiemelt\u00e9k, hogy er\u0151s\u00f6d\u00f6tt a verseny a mobiltelefonok piac\u00e1n.<br \/>\n    A mem\u00f3ria \u00e1ramk\u00f6r\u00f6k k\u00e9t alapvet\u0151 t\u00edpusa k\u00f6z\u00fcl a DRAM-chipek vil\u00e1gpiaci \u00e1ra 10 sz\u00e1zal\u00e9kkal, a NAND-chipek\u00e9 pedig 15 sz\u00e1zal\u00e9kkal cs\u00f6kkent a tavalyi negyedik negyed\u00e9vben a DRAMeXchang tajvani piackutat\u00f3 c\u00e9g adatai szerint. A mem\u00f3riapiac trendjeit vizsg\u00e1l\u00f3 c\u00e9g arra sz\u00e1m\u00edt, hogy az idei els\u0151 negyed\u00e9v \u00e1tlag\u00e1ban tov\u00e1bbi 10 sz\u00e1zal\u00e9kkal cs\u00f6kken a mem\u00f3ria \u00e1ramk\u00f6r\u00f6k \u00e1ra.<br \/>\n    A d\u00e9l-koreai Samsung Electronics vil\u00e1gels\u0151 a telev\u00edzi\u00f3k, mem\u00f3ria \u00e1ramk\u00f6r\u00f6k \u00e9s okostelefonok gy\u00e1rt\u00e1s\u00e1ban. Nyeres\u00e9g\u00e9nek \u00e9s bev\u00e9tel\u00e9nek cs\u00f6kken\u00e9se tov\u00e1bb fokozta az aggodalmat az am\u00fagy is ideges befektet\u0151k k\u00f6r\u00e9ben, miut\u00e1n a m\u00falt h\u00e9ten az Apple amerikai inform\u00e1ci\u00f3technol\u00f3giai \u00f3ri\u00e1sc\u00e9g 12 \u00e9ve el\u0151sz\u00f6r cs\u00f6kkentette bev\u00e9teli v\u00e1rakoz\u00e1sait a gyenge k\u00ednai elad\u00e1sokra hivatkozva.<br \/>\n    A Samsung Electronics r\u00e9szv\u00e9ny \u00e1rfolyama 1,68 sz\u00e1zal\u00e9kos m\u00ednuszban, 38 100 vonon z\u00e1rt kedden a sz\u00f6uli t\u0151zsd\u00e9n, ami az egy \u00e9vvel ezel\u0151tti \u00e1rfolyamhoz k\u00e9pest t\u00f6bb mint 25 sz\u00e1zal\u00e9kkal alacsonyabb.(MTI)<\/p>\n","protected":false},"excerpt":{"rendered":"<p>K\u00e9t \u00e9v \u00f3ta el\u0151sz\u00f6r negyed\u00e9ves m\u0171k\u00f6d\u00e9si nyeres\u00e9g\u00e9nek cs\u00f6kken\u00e9s\u00e9re sz\u00e1m\u00edt a Samsung Electronics, mivel a k\u00ednai gazdas\u00e1gi n\u00f6veked\u00e9s lanyhul\u00e1sa visszavetette a f\u00e9lvezet\u0151k \u00e9s a mobiltelefonok ir\u00e1nti keresletet.<\/p>\n","protected":false},"author":1001003,"featured_media":0,"comment_status":"closed","ping_status":"open","sticky":false,"template":"","format":"standard","meta":[],"categories":[246],"tags":[],"_links":{"self":[{"href":"https:\/\/gazdasagportal.hu\/index.php\/wp-json\/wp\/v2\/posts\/112580"}],"collection":[{"href":"https:\/\/gazdasagportal.hu\/index.php\/wp-json\/wp\/v2\/posts"}],"about":[{"href":"https:\/\/gazdasagportal.hu\/index.php\/wp-json\/wp\/v2\/types\/post"}],"author":[{"embeddable":true,"href":"https:\/\/gazdasagportal.hu\/index.php\/wp-json\/wp\/v2\/users\/1001003"}],"replies":[{"embeddable":true,"href":"https:\/\/gazdasagportal.hu\/index.php\/wp-json\/wp\/v2\/comments?post=112580"}],"version-history":[{"count":1,"href":"https:\/\/gazdasagportal.hu\/index.php\/wp-json\/wp\/v2\/posts\/112580\/revisions"}],"predecessor-version":[{"id":112581,"href":"https:\/\/gazdasagportal.hu\/index.php\/wp-json\/wp\/v2\/posts\/112580\/revisions\/112581"}],"wp:attachment":[{"href":"https:\/\/gazdasagportal.hu\/index.php\/wp-json\/wp\/v2\/media?parent=112580"}],"wp:term":[{"taxonomy":"category","embeddable":true,"href":"https:\/\/gazdasagportal.hu\/index.php\/wp-json\/wp\/v2\/categories?post=112580"},{"taxonomy":"post_tag","embeddable":true,"href":"https:\/\/gazdasagportal.hu\/index.php\/wp-json\/wp\/v2\/tags?post=112580"}],"curies":[{"name":"wp","href":"https:\/\/api.w.org\/{rel}","templated":true}]}}