{"id":112560,"date":"2019-01-08T13:11:54","date_gmt":"2019-01-08T12:11:54","guid":{"rendered":"http:\/\/gazdasagportal.hu\/?p=112560"},"modified":"2019-01-08T13:11:54","modified_gmt":"2019-01-08T12:11:54","slug":"szakerto-nem-haladnak-megfeleloen-az-amerikai-eszak-koreai-csucsot-elokeszito-targyalasok","status":"publish","type":"post","link":"https:\/\/gazdasagportal.hu\/index.php\/szakerto-nem-haladnak-megfeleloen-az-amerikai-eszak-koreai-csucsot-elokeszito-targyalasok\/","title":{"rendered":"Szak\u00e9rt\u0151: nem haladnak megfelel\u0151en az amerikai-\u00e9szak-koreai cs\u00facsot el\u0151k\u00e9sz\u00edt\u0151 t\u00e1rgyal\u00e1sok"},"content":{"rendered":"<p><strong>H\u00e1da B\u00e9la Korea-szak\u00e9rt\u0151 szerint nem haladnak megfelel\u0151en az amerikai-\u00e9szak-koreai cs\u00facsot el\u0151k\u00e9sz\u00edt\u0151 t\u00e1rgyal\u00e1sok, mivel a k\u00e9t orsz\u00e1g nem \u00e9rt egyet abban, hogy \u00c9szak-Kore\u00e1nak a szankci\u00f3k enyh\u00edt\u00e9se el\u0151tt vagy ut\u00e1n kellene elkezdenie a nukle\u00e1ris leszerel\u00e9st.<\/strong><!--more--><\/p>\n<div class=\"ads-in-post1\"><div id=\"gazdasagportal.hu_fullbanner_wideboard\"><\/div>\r\n<\/div>\n<p>    A szak\u00e9rt\u0151 az M1 aktu\u00e1lis csatorna keddi m\u0171sor\u00e1ban hozz\u00e1tette: \u00c9szak-Korea ragaszkodik ahhoz, hogy a szankci\u00f3k enyh\u00edt\u00e9se ut\u00e1n kezdjen neki az atommentes\u00edt\u00e9shez, m\u00edg az Egyes\u00fclt \u00c1llamok szerint a nukle\u00e1ris leszerel\u00e9st m\u00e9g azt megel\u0151z\u0151en kellene elind\u00edtania.<br \/>\n    H\u00e1da B\u00e9la elmondta, a t\u00e1rgyal\u00e1sokat az is nehez\u00edti, hogy \u00c9szak-Korea csak atomfegyver-mentes\u00edt\u00e9st tud felaj\u00e1nlani, m\u00edg az Egyes\u00fclt \u00c1llamok a szankci\u00f3k felold\u00e1s\u00e1t, biztons\u00e1gi garanci\u00e1kat, befektet\u00e9si javakhoz val\u00f3 hozz\u00e1f\u00e9r\u00e9st, valamint a koreai h\u00e1bor\u00fat k\u00f6vet\u0151 b\u00e9keszerz\u0151d\u00e9s megk\u00f6t\u00e9s\u00e9t is biztos\u00edthatja. V\u00e9gs\u0151 soron az Egyes\u00fclt \u00c1llamok enged\u00e9kenys\u00e9g\u00e9n d\u0151l majd el a t\u00e1rgyal\u00e1sok sorsa &#8211; f\u0171zte hozz\u00e1.<br \/>\n<div class=\"ads-in-post2\"><script async src=\"https:\/\/pagead2.googlesyndication.com\/pagead\/js\/adsbygoogle.js\"><\/script>\r\n<ins class=\"adsbygoogle\"\r\n     style=\"display:block\"\r\n     data-ad-format=\"fluid\"\r\n     data-ad-layout-key=\"-6t+ed+2i-1n-4w\"\r\n     data-ad-client=\"ca-pub-1959107119989764\"\r\n     data-ad-slot=\"4008251320\"><\/ins>\r\n<script>\r\n     (adsbygoogle = window.adsbygoogle || []).push({});\r\n<\/script><\/div>\n    Hangs\u00falyozta, mindk\u00e9t vezet\u0151nek sz\u00fcks\u00e9ge van a t\u00e1rgyal\u00e1sok sikeress\u00e9g\u00e9re: Kim Dzsong Un \u00e9szak-koreai vezet\u0151 t\u00f6rt\u00e9nelmet szeretne \u00edrni, m\u00edg Donald Trump amerikai eln\u00f6k jelent\u0151s k\u00fclpolitikai sikert akar el\u00e9rni.(MTI)<\/p>\n","protected":false},"excerpt":{"rendered":"<p>H\u00e1da B\u00e9la Korea-szak\u00e9rt\u0151 szerint nem haladnak megfelel\u0151en az amerikai-\u00e9szak-koreai cs\u00facsot el\u0151k\u00e9sz\u00edt\u0151 t\u00e1rgyal\u00e1sok, mivel a k\u00e9t orsz\u00e1g nem \u00e9rt egyet abban, hogy \u00c9szak-Kore\u00e1nak a szankci\u00f3k enyh\u00edt\u00e9se el\u0151tt vagy ut\u00e1n kellene elkezdenie a nukle\u00e1ris leszerel\u00e9st.<\/p>\n","protected":false},"author":1,"featured_media":0,"comment_status":"closed","ping_status":"open","sticky":false,"template":"","format":"standard","meta":[],"categories":[13,14,5],"tags":[],"_links":{"self":[{"href":"https:\/\/gazdasagportal.hu\/index.php\/wp-json\/wp\/v2\/posts\/112560"}],"collection":[{"href":"https:\/\/gazdasagportal.hu\/index.php\/wp-json\/wp\/v2\/posts"}],"about":[{"href":"https:\/\/gazdasagportal.hu\/index.php\/wp-json\/wp\/v2\/types\/post"}],"author":[{"embeddable":true,"href":"https:\/\/gazdasagportal.hu\/index.php\/wp-json\/wp\/v2\/users\/1"}],"replies":[{"embeddable":true,"href":"https:\/\/gazdasagportal.hu\/index.php\/wp-json\/wp\/v2\/comments?post=112560"}],"version-history":[{"count":1,"href":"https:\/\/gazdasagportal.hu\/index.php\/wp-json\/wp\/v2\/posts\/112560\/revisions"}],"predecessor-version":[{"id":112561,"href":"https:\/\/gazdasagportal.hu\/index.php\/wp-json\/wp\/v2\/posts\/112560\/revisions\/112561"}],"wp:attachment":[{"href":"https:\/\/gazdasagportal.hu\/index.php\/wp-json\/wp\/v2\/media?parent=112560"}],"wp:term":[{"taxonomy":"category","embeddable":true,"href":"https:\/\/gazdasagportal.hu\/index.php\/wp-json\/wp\/v2\/categories?post=112560"},{"taxonomy":"post_tag","embeddable":true,"href":"https:\/\/gazdasagportal.hu\/index.php\/wp-json\/wp\/v2\/tags?post=112560"}],"curies":[{"name":"wp","href":"https:\/\/api.w.org\/{rel}","templated":true}]}}