{"id":112490,"date":"2019-01-05T10:52:15","date_gmt":"2019-01-05T09:52:15","guid":{"rendered":"http:\/\/gazdasagportal.hu\/?p=112490"},"modified":"2019-01-05T10:33:30","modified_gmt":"2019-01-05T09:33:30","slug":"szakerto-nemzeti-es-szovetsegi-erdek-is-a-haderofejlesztes","status":"publish","type":"post","link":"https:\/\/gazdasagportal.hu\/index.php\/szakerto-nemzeti-es-szovetsegi-erdek-is-a-haderofejlesztes\/","title":{"rendered":"Szak\u00e9rt\u0151: nemzeti \u00e9s sz\u00f6vets\u00e9gi \u00e9rdek is a hader\u0151fejleszt\u00e9s"},"content":{"rendered":"<p><strong>Nemzeti \u00e9s egy\u00fattal sz\u00f6vets\u00e9gi \u00e9rdek, a NATO sz\u00e1m\u00e1ra is fontos a magyar hader\u0151 fejleszt\u00e9se &#8211; mondta Szenes Zolt\u00e1n, a Nemzeti K\u00f6zszolg\u00e1lati Egyetem tan\u00e1ra, volt vez\u00e9rkari f\u0151n\u00f6k az M1 aktu\u00e1lis csatorn\u00e1n szombat reggel.<\/strong><!--more--><\/p>\n<div class=\"ads-in-post1\"><div id=\"gazdasagportal.hu_fullbanner_wideboard\"><\/div>\r\n<\/div>\n<p>    Egy k\u00f6zepes eur\u00f3pai orsz\u00e1gnak is sz\u00fcks\u00e9ge van \u00fct\u0151k\u00e9pes hader\u0151re; 2014 fordulatot jelentett a biztons\u00e1gpolitik\u00e1ban az orosz fenyeget\u00e9s \u00e9s az Iszl\u00e1m \u00c1llam miatt. A NATO keleti tag\u00e1llamai sz\u00e1m\u00e1ra Oroszorsz\u00e1g miatt kidolgozott v\u00e9delmi tervekhez kapcsol\u00f3d\u00f3an a k\u00f6z\u00e9p-eur\u00f3pai tag\u00e1llamoknak, k\u00f6zt\u00fck Magyarorsz\u00e1gnak is, vannak feladataik &#8211; magyar\u00e1zta.<br \/>\n    Kis hadsereg \u00f6lt\u00f6zk\u00f6dik, nagy hadsereg fegyverkezik &#8211; id\u00e9zte a r\u00e9gi mond\u00e1st a volt vez\u00e9rkari f\u0151n\u00f6k. A magyar hader\u0151fejleszt\u00e9s els\u0151 l\u00e9p\u00e9se \u00e1ltal\u00e1ban a l\u00e9gier\u0151, mert annak szorosan egy\u00fctt kell m\u0171k\u00f6dnie a sz\u00f6vets\u00e9gi rendszer eg\u00e9sz\u00e9vel, de ezt k\u00f6veti a sz\u00e1razf\u00f6ldi hader\u0151nem. Mi t\u00f6bb, ez\u00fattal a hazai fegyvergy\u00e1rt\u00e1s is bekapcsol\u00f3dik a fejleszt\u00e9sbe &#8211; mondta Szenes Zolt\u00e1n.<br \/>\n<div class=\"ads-in-post2\"><script async src=\"https:\/\/pagead2.googlesyndication.com\/pagead\/js\/adsbygoogle.js\"><\/script>\r\n<ins class=\"adsbygoogle\"\r\n     style=\"display:block\"\r\n     data-ad-format=\"fluid\"\r\n     data-ad-layout-key=\"-6t+ed+2i-1n-4w\"\r\n     data-ad-client=\"ca-pub-1959107119989764\"\r\n     data-ad-slot=\"4008251320\"><\/ins>\r\n<script>\r\n     (adsbygoogle = window.adsbygoogle || []).push({});\r\n<\/script><\/div>\n    A F\u00c9G &#8211; 19. sz\u00e1zadi megalakul\u00e1sakor Fegyver- \u00e9s G\u00e9pgy\u00e1r Rt., a m\u00e1sodik vil\u00e1gh\u00e1bor\u00fa ut\u00e1n Fegyver- \u00e9s G\u00e1zk\u00e9sz\u00fcl\u00e9kgy\u00e1r &#8211; a 2000-es \u00e9vek els\u0151 fel\u00e9ben megsz\u0171nt, \u00e1m most licenc alapj\u00e1n \u00fajraindulhat Magyarorsz\u00e1gon a modern k\u00e9zifegyverek gy\u00e1rt\u00e1sa. A r\u00e9szben exportra termel\u0151 fegyvergy\u00e1r munkahelyeket is teremt Kiskunf\u00e9legyh\u00e1za vonz\u00e1sk\u00f6rzet\u00e9ben &#8211; f\u0171zte hozz\u00e1.(MTI)<\/p>\n","protected":false},"excerpt":{"rendered":"<p>Nemzeti \u00e9s egy\u00fattal sz\u00f6vets\u00e9gi \u00e9rdek, a NATO sz\u00e1m\u00e1ra is fontos a magyar hader\u0151 fejleszt\u00e9se &#8211; mondta Szenes Zolt\u00e1n, a Nemzeti K\u00f6zszolg\u00e1lati Egyetem tan\u00e1ra, volt vez\u00e9rkari f\u0151n\u00f6k az M1 aktu\u00e1lis csatorn\u00e1n szombat reggel.<\/p>\n","protected":false},"author":1001003,"featured_media":0,"comment_status":"closed","ping_status":"open","sticky":false,"template":"","format":"standard","meta":[],"categories":[4,19],"tags":[],"_links":{"self":[{"href":"https:\/\/gazdasagportal.hu\/index.php\/wp-json\/wp\/v2\/posts\/112490"}],"collection":[{"href":"https:\/\/gazdasagportal.hu\/index.php\/wp-json\/wp\/v2\/posts"}],"about":[{"href":"https:\/\/gazdasagportal.hu\/index.php\/wp-json\/wp\/v2\/types\/post"}],"author":[{"embeddable":true,"href":"https:\/\/gazdasagportal.hu\/index.php\/wp-json\/wp\/v2\/users\/1001003"}],"replies":[{"embeddable":true,"href":"https:\/\/gazdasagportal.hu\/index.php\/wp-json\/wp\/v2\/comments?post=112490"}],"version-history":[{"count":1,"href":"https:\/\/gazdasagportal.hu\/index.php\/wp-json\/wp\/v2\/posts\/112490\/revisions"}],"predecessor-version":[{"id":112491,"href":"https:\/\/gazdasagportal.hu\/index.php\/wp-json\/wp\/v2\/posts\/112490\/revisions\/112491"}],"wp:attachment":[{"href":"https:\/\/gazdasagportal.hu\/index.php\/wp-json\/wp\/v2\/media?parent=112490"}],"wp:term":[{"taxonomy":"category","embeddable":true,"href":"https:\/\/gazdasagportal.hu\/index.php\/wp-json\/wp\/v2\/categories?post=112490"},{"taxonomy":"post_tag","embeddable":true,"href":"https:\/\/gazdasagportal.hu\/index.php\/wp-json\/wp\/v2\/tags?post=112490"}],"curies":[{"name":"wp","href":"https:\/\/api.w.org\/{rel}","templated":true}]}}