{"id":112486,"date":"2019-01-05T12:23:08","date_gmt":"2019-01-05T11:23:08","guid":{"rendered":"http:\/\/gazdasagportal.hu\/?p=112486"},"modified":"2019-01-05T10:24:08","modified_gmt":"2019-01-05T09:24:08","slug":"kina-globalis-jatekos-akar-lenni","status":"publish","type":"post","link":"https:\/\/gazdasagportal.hu\/index.php\/kina-globalis-jatekos-akar-lenni\/","title":{"rendered":"K\u00edna glob\u00e1lis j\u00e1t\u00e9kos akar lenni"},"content":{"rendered":"<p><strong>K\u00edna glob\u00e1lis j\u00e1t\u00e9kos akar lenni, az Egyes\u00fclt \u00c1llamok pedig \u00fagy \u00e9rzi, itt az utols\u00f3 pillanat, hogy meg\u00e1ll\u00edtsa K\u00edn\u00e1t &#8211; mondta N\u00f3gr\u00e1di Gy\u00f6rgy biztons\u00e1gpolitikai szak\u00e9rt\u0151 az M1 aktu\u00e1lis csatorna szombat reggeli m\u0171sor\u00e1ban.<\/strong><!--more--><\/p>\n<div class=\"ads-in-post1\"><div id=\"gazdasagportal.hu_fullbanner_wideboard\"><\/div>\r\n<\/div>\n<p>    A vil\u00e1gpolitika s\u00falypontja \u00e1ttev\u0151d\u00f6tt D\u00e9l-Kelet-\u00c1zsi\u00e1ba. K\u00edna c\u00e9lja, hogy t\u00edz \u00e9v m\u00falva az Egyes\u00fclt \u00c1llamok egyenrang\u00fa partnere legyen, az Egyes\u00fclt \u00c1llamok pedig m\u00e1r csak katonai t\u00e9ren tekinti Oroszorsz\u00e1got az els\u0151sz\u00e1m\u00fa riv\u00e1lis\u00e1nak, minden m\u00e1s ter\u00fcleten K\u00edna visszaszor\u00edt\u00e1s\u00e1ra koncentr\u00e1l &#8211; v\u00e9lekedett a szakember.<br \/>\n<div class=\"ads-in-post2\"><script async src=\"https:\/\/pagead2.googlesyndication.com\/pagead\/js\/adsbygoogle.js\"><\/script>\r\n<ins class=\"adsbygoogle\"\r\n     style=\"display:block\"\r\n     data-ad-format=\"fluid\"\r\n     data-ad-layout-key=\"-6t+ed+2i-1n-4w\"\r\n     data-ad-client=\"ca-pub-1959107119989764\"\r\n     data-ad-slot=\"4008251320\"><\/ins>\r\n<script>\r\n     (adsbygoogle = window.adsbygoogle || []).push({});\r\n<\/script><\/div>\n    \u00c9szak-Korea az egyik \u00fctk\u00f6z\u0151 z\u00f3n\u00e1ja ennek a szemben\u00e1ll\u00e1snak. Bizonyos \u00e9rtelemben \u00c9szak-Korea \u00e9s az Egyes\u00fclt \u00c1llamok egym\u00e1sra utalt, \u00c9szak-Korea sors\u00e1r\u00f3l azonban K\u00edna d\u00f6nt. \u00c9szak-Korea nem tud \u00e9s nem is akar K\u00edna n\u00e9lk\u00fcl l\u00e9pni &#8211; f\u0171zte hozz\u00e1 N\u00f3gr\u00e1di Gy\u00f6rgy.(MTI)<\/p>\n","protected":false},"excerpt":{"rendered":"<p>K\u00edna glob\u00e1lis j\u00e1t\u00e9kos akar lenni, az Egyes\u00fclt \u00c1llamok pedig \u00fagy \u00e9rzi, itt az utols\u00f3 pillanat, hogy meg\u00e1ll\u00edtsa K\u00edn\u00e1t &#8211; mondta N\u00f3gr\u00e1di Gy\u00f6rgy biztons\u00e1gpolitikai szak\u00e9rt\u0151 az M1 aktu\u00e1lis csatorna szombat reggeli m\u0171sor\u00e1ban.<\/p>\n","protected":false},"author":1001003,"featured_media":0,"comment_status":"closed","ping_status":"open","sticky":false,"template":"","format":"standard","meta":[],"categories":[14,4,5],"tags":[],"_links":{"self":[{"href":"https:\/\/gazdasagportal.hu\/index.php\/wp-json\/wp\/v2\/posts\/112486"}],"collection":[{"href":"https:\/\/gazdasagportal.hu\/index.php\/wp-json\/wp\/v2\/posts"}],"about":[{"href":"https:\/\/gazdasagportal.hu\/index.php\/wp-json\/wp\/v2\/types\/post"}],"author":[{"embeddable":true,"href":"https:\/\/gazdasagportal.hu\/index.php\/wp-json\/wp\/v2\/users\/1001003"}],"replies":[{"embeddable":true,"href":"https:\/\/gazdasagportal.hu\/index.php\/wp-json\/wp\/v2\/comments?post=112486"}],"version-history":[{"count":1,"href":"https:\/\/gazdasagportal.hu\/index.php\/wp-json\/wp\/v2\/posts\/112486\/revisions"}],"predecessor-version":[{"id":112487,"href":"https:\/\/gazdasagportal.hu\/index.php\/wp-json\/wp\/v2\/posts\/112486\/revisions\/112487"}],"wp:attachment":[{"href":"https:\/\/gazdasagportal.hu\/index.php\/wp-json\/wp\/v2\/media?parent=112486"}],"wp:term":[{"taxonomy":"category","embeddable":true,"href":"https:\/\/gazdasagportal.hu\/index.php\/wp-json\/wp\/v2\/categories?post=112486"},{"taxonomy":"post_tag","embeddable":true,"href":"https:\/\/gazdasagportal.hu\/index.php\/wp-json\/wp\/v2\/tags?post=112486"}],"curies":[{"name":"wp","href":"https:\/\/api.w.org\/{rel}","templated":true}]}}