{"id":112460,"date":"2019-01-04T14:03:35","date_gmt":"2019-01-04T13:03:35","guid":{"rendered":"http:\/\/gazdasagportal.hu\/?p=112460"},"modified":"2019-01-04T14:03:35","modified_gmt":"2019-01-04T13:03:35","slug":"csokkent-a-forgalomba-helyezett-uj-autok-szama-tavaly-nemetorszagban","status":"publish","type":"post","link":"https:\/\/gazdasagportal.hu\/index.php\/csokkent-a-forgalomba-helyezett-uj-autok-szama-tavaly-nemetorszagban\/","title":{"rendered":"Cs\u00f6kkent a forgalomba helyezett \u00faj aut\u00f3k sz\u00e1ma tavaly N\u00e9metorsz\u00e1gban"},"content":{"rendered":"<p><strong>Tavaly \u00f6t \u00e9ve els\u0151 alkalommal vettek az el\u0151z\u0151 \u00e9vin\u00e9l kevesebb aut\u00f3t a n\u00e9metek a sz\u00f6vets\u00e9gi g\u00e9pj\u00e1rm\u0171 fel\u00fcgyelet, a Kraftfahrt-Bundesamt p\u00e9nteki k\u00f6zlem\u00e9nye szerint.<\/strong><!--more--><\/p>\n<div class=\"ads-in-post1\"><div id=\"gazdasagportal.hu_fullbanner_wideboard\"><\/div>\r\n<\/div>\n<p>A forgalomba helyezett \u00faj aut\u00f3k sz\u00e1ma tavaly a 2017-eshez k\u00e9pest 0,2 sz\u00e1zal\u00e9kkal 3,44 milli\u00f3ra cs\u00f6kkent N\u00e9metorsz\u00e1gban. Az is igaz viszont, hogy a 2017-es kiemelked\u0151en j\u00f3 \u00e9vnek sz\u00e1m\u00edtott az aut\u00f3\u00e9rt\u00e9kes\u00edt\u00e9sek szempontj\u00e1b\u00f3l.<br \/>\nA forgalomba helyez\u00e9sek tavaly els\u0151sorban az \u00faj aut\u00f3k t\u00edpusenged\u00e9ly\u00e9nek kiad\u00e1s\u00e1hoz sz\u00fcks\u00e9ges k\u00e1rosanyag-kibocs\u00e1t\u00e1si m\u00e9r\u00e9si elj\u00e1r\u00e1s szigor\u00edt\u00e1sa miatt cs\u00f6kkentek.<br \/>\nA d\u00edzelaut\u00f3kra kil\u00e1t\u00e1sba helyezett forgalmi korl\u00e1toz\u00e1sok miatt pedig nagym\u00e9rt\u00e9kben visszaesett tavaly a d\u00edzelmotoros aut\u00f3k r\u00e9szar\u00e1nya a forgalomba helyezett \u00faj aut\u00f3k k\u00f6z\u00f6tt: a 2017-es 38,8 sz\u00e1zal\u00e9kr\u00f3l 32,3 sz\u00e1zal\u00e9kra. A benzinmotoros aut\u00f3k r\u00e9szar\u00e1nya ezzel p\u00e1rhuzamosan 57,7 sz\u00e1zal\u00e9kr\u00f3l 62,4 sz\u00e1zal\u00e9kra emelkedett.<br \/>\n<div class=\"ads-in-post2\"><script async src=\"https:\/\/pagead2.googlesyndication.com\/pagead\/js\/adsbygoogle.js\"><\/script>\r\n<ins class=\"adsbygoogle\"\r\n     style=\"display:block\"\r\n     data-ad-format=\"fluid\"\r\n     data-ad-layout-key=\"-6t+ed+2i-1n-4w\"\r\n     data-ad-client=\"ca-pub-1959107119989764\"\r\n     data-ad-slot=\"4008251320\"><\/ins>\r\n<script>\r\n     (adsbygoogle = window.adsbygoogle || []).push({});\r\n<\/script><\/div>\nAz alternat\u00edv hajt\u00e1s\u00fa aut\u00f3k r\u00e9szar\u00e1nya 3,5 sz\u00e1zal\u00e9kr\u00f3l 5,3 sz\u00e1zal\u00e9kra emelkedett. Ezen bel\u00fcl a tiszt\u00e1n elektromos aut\u00f3k r\u00e9szar\u00e1nya 0,9 sz\u00e1zal\u00e9kr\u00f3l 1,0 sz\u00e1zal\u00e9kra emelkedett 43,9 sz\u00e1zal\u00e9kos sz\u00e1m szerinti n\u00f6veked\u00e9s mellett. Tavaly 36 ezer tiszt\u00e1n elektromos aut\u00f3t \u00e9rt\u00e9kes\u00edtettek N\u00e9metorsz\u00e1gban.<br \/>\n<a title=\"Hely megnyit\u00e1sa\" href=\"https:\/\/www.kba.de\/DE\/Presse\/Pressemitteilungen\/2019\/Fahrzeugzulassungen\/pm01_2019_n_12_18_pm_komplett.html\" target=\"_blank\" rel=\"noopener noreferrer\">https:\/\/www.kba.de\/DE\/Presse\/Pressemitteilungen\/2019\/Fahrzeugzulassungen\/pm01_2019_n_12_18_pm_komplett.html<\/a><br \/>\n(MTI)<\/p>\n<p>&nbsp;<\/p><div id=\"gazda-3165086221\" class=\"gazda-tartalomban gazda-entity-placement\"><script async src=\"https:\/\/pagead2.googlesyndication.com\/pagead\/js\/adsbygoogle.js\"><\/script>\r\n<ins class=\"adsbygoogle\"\r\n     style=\"display:block\"\r\n     data-ad-format=\"fluid\"\r\n     data-ad-layout-key=\"-6t+ed+2i-1n-4w\"\r\n     data-ad-client=\"ca-pub-1959107119989764\"\r\n     data-ad-slot=\"4008251320\"><\/ins>\r\n<script>\r\n     (adsbygoogle = window.adsbygoogle || []).push({});\r\n<\/script><\/div>\n","protected":false},"excerpt":{"rendered":"<p>Tavaly \u00f6t \u00e9ve els\u0151 alkalommal vettek az el\u0151z\u0151 \u00e9vin\u00e9l kevesebb aut\u00f3t a n\u00e9metek a sz\u00f6vets\u00e9gi g\u00e9pj\u00e1rm\u0171 fel\u00fcgyelet, a Kraftfahrt-Bundesamt p\u00e9nteki k\u00f6zlem\u00e9nye szerint.<\/p>\n","protected":false},"author":1,"featured_media":0,"comment_status":"closed","ping_status":"open","sticky":false,"template":"","format":"standard","meta":[],"categories":[246],"tags":[],"_links":{"self":[{"href":"https:\/\/gazdasagportal.hu\/index.php\/wp-json\/wp\/v2\/posts\/112460"}],"collection":[{"href":"https:\/\/gazdasagportal.hu\/index.php\/wp-json\/wp\/v2\/posts"}],"about":[{"href":"https:\/\/gazdasagportal.hu\/index.php\/wp-json\/wp\/v2\/types\/post"}],"author":[{"embeddable":true,"href":"https:\/\/gazdasagportal.hu\/index.php\/wp-json\/wp\/v2\/users\/1"}],"replies":[{"embeddable":true,"href":"https:\/\/gazdasagportal.hu\/index.php\/wp-json\/wp\/v2\/comments?post=112460"}],"version-history":[{"count":1,"href":"https:\/\/gazdasagportal.hu\/index.php\/wp-json\/wp\/v2\/posts\/112460\/revisions"}],"predecessor-version":[{"id":112461,"href":"https:\/\/gazdasagportal.hu\/index.php\/wp-json\/wp\/v2\/posts\/112460\/revisions\/112461"}],"wp:attachment":[{"href":"https:\/\/gazdasagportal.hu\/index.php\/wp-json\/wp\/v2\/media?parent=112460"}],"wp:term":[{"taxonomy":"category","embeddable":true,"href":"https:\/\/gazdasagportal.hu\/index.php\/wp-json\/wp\/v2\/categories?post=112460"},{"taxonomy":"post_tag","embeddable":true,"href":"https:\/\/gazdasagportal.hu\/index.php\/wp-json\/wp\/v2\/tags?post=112460"}],"curies":[{"name":"wp","href":"https:\/\/api.w.org\/{rel}","templated":true}]}}