{"id":112452,"date":"2019-01-04T11:51:28","date_gmt":"2019-01-04T10:51:28","guid":{"rendered":"http:\/\/gazdasagportal.hu\/?p=112452"},"modified":"2019-01-04T11:51:28","modified_gmt":"2019-01-04T10:51:28","slug":"eves-szinten-42-ezer-forinttal-emelkednek-a-nyugdijak","status":"publish","type":"post","link":"https:\/\/gazdasagportal.hu\/index.php\/eves-szinten-42-ezer-forinttal-emelkednek-a-nyugdijak\/","title":{"rendered":"\u00c9ves szinten 42 ezer forinttal emelkednek a nyugd\u00edjak"},"content":{"rendered":"<p><strong>Id\u00e9n 2,7 sz\u00e1zal\u00e9kkal emelkednek a nyugd\u00edjak, a banksz\u00e1ml\u00e1kra janu\u00e1r 11-\u00e9n \u00e9rkezik a megemelt nyugd\u00edj, a posta pedig janu\u00e1r 16-\u00e1n kezdi meg a k\u00e9zbes\u00edt\u00e9st; egy \u00e1tlagos nyugd\u00edj eset\u00e9ben \u00e9ves szinten 42 ezer forinttal emelkednek a nyugd\u00edjak &#8211; mondta az Emberi Er\u0151forr\u00e1sok Miniszt\u00e9rium\u00e1nak (Emmi) parlamenti \u00e1llamtitk\u00e1ra p\u00e9nteki, budapesti sajt\u00f3t\u00e1j\u00e9koztat\u00f3j\u00e1n. <\/strong><!--more--><\/p>\n<div class=\"ads-in-post1\"><div id=\"gazdasagportal.hu_fullbanner_wideboard\"><\/div>\r\n<\/div>\n<p>    R\u00e9tv\u00e1ri Bence felid\u00e9zte: 2010-ben, amikor a Fidesz-KDNP megkapta a korm\u00e1nyz\u00e1s lehet\u0151s\u00e9g\u00e9t, azt v\u00e1llalt\u00e1k, hogy a nyugd\u00edjak v\u00e1s\u00e1rl\u00f3\u00e9rt\u00e9k\u00e9t meg\u0151rzik. Ez amb\u00edci\u00f3zus v\u00e1llal\u00e1s volt, mert a nyugd\u00edjasokt\u00f3l nem sokkal kor\u00e1bban vett\u00e9k el egyhavi nyugd\u00edjukat, a nyugd\u00edjkassz\u00e1ban pedig t\u00f6bbsz\u00e1z milli\u00e1rd forintos hi\u00e1ny volt &#8211; fogal\u00e9mazott.<br \/>\n    Az \u00e1llamtitk\u00e1r kiemelte, hogy a korm\u00e1nynak siker\u00fclt tartania \u00edg\u00e9ret\u00e9t, s\u0151t enn\u00e9l t\u00f6bbet is el tudott \u00e9rni.     Elmondta, hogy az id\u00e9n a nyugd\u00edjasok 2,7 sz\u00e1zal\u00e9kos nyugd\u00edjemel\u00e9ssel sz\u00e1molhatnak. A nyugd\u00edjemel\u00e9s egy \u00e1tlagos nyugd\u00edj eset\u00e9ben havi 3500 forintot, \u00e9ves szinten 42 ezer forintot jelent. Az int\u00e9zked\u00e9s 2,5 milli\u00f3 nyugd\u00edjast \u00e9rint &#8211; f\u0171zte hozz\u00e1.<br \/>\n    R\u00e9tv\u00e1ri Bence k\u00f6z\u00f6lte azt is, hogy 2010 \u00f3ta 33 sz\u00e1zal\u00e9kkal emelkedtek a nyugd\u00edjak, az infl\u00e1ci\u00f3 m\u00e9rt\u00e9k\u00e9t levonva pedig 10 sz\u00e1zal\u00e9k k\u00f6r\u00fcli v\u00e1s\u00e1rl\u00f3\u00e9rt\u00e9k-n\u00f6veked\u00e9sr\u0151l lehet besz\u00e9lni, vagyis ennyivel \u00e9rnek t\u00f6bbet a nyugd\u00edjak.<br \/>\n<div class=\"ads-in-post2\"><script async src=\"https:\/\/pagead2.googlesyndication.com\/pagead\/js\/adsbygoogle.js\"><\/script>\r\n<ins class=\"adsbygoogle\"\r\n     style=\"display:block\"\r\n     data-ad-format=\"fluid\"\r\n     data-ad-layout-key=\"-6t+ed+2i-1n-4w\"\r\n     data-ad-client=\"ca-pub-1959107119989764\"\r\n     data-ad-slot=\"4008251320\"><\/ins>\r\n<script>\r\n     (adsbygoogle = window.adsbygoogle || []).push({});\r\n<\/script><\/div>\n    Hozz\u00e1tette: olyan rendszert hoztak l\u00e9tre, ami biztos\u00edtja, hogy a nyugd\u00edjasok ne j\u00e1rhassanak rosszul. Ha ugyanis a tervezettn\u00e9l nagyobb az infl\u00e1ci\u00f3, akkor a k\u00fcl\u00f6nb\u00f6zetet ut\u00f3lag, visszamen\u0151legesen megkapj\u00e1k a nyugd\u00edjasok, ha azonban az infl\u00e1ci\u00f3 alacsonyabb a tervezettn\u00e9l, akkor a k\u00fcl\u00f6nb\u00f6zetet megtarthatj\u00e1k.<br \/>\n    Az \u00e1llamtitk\u00e1r sz\u00f3lt arr\u00f3l is, hogy nem csak a nyugd\u00edjemel\u00e9sekkel jav\u00edtott\u00e1k az id\u0151sek helyzet\u00e9t. P\u00e9ldak\u00e9nt eml\u00edtette, hogy 2017-ben 24 milli\u00e1rd forint, tavaly pedig 41,3 milli\u00e1rd forintot fizettek ki nyugd\u00edjpr\u00e9miumk\u00e9nt. Erzs\u00e9bet-utalv\u00e1nyt 2016-ban, 2017-ben \u00e9s 2018-ban kaptak a nyugd\u00edjasok, \u00f6sszesen 81 milli\u00e1rd forint \u00e9rt\u00e9kben, a N\u0151k40 programban pedig 240 ezer n\u0151 vett r\u00e9szt. A korm\u00e1ny a rezsics\u00f6kkent\u00e9ssel is seg\u00edtette a nyugd\u00edjasokat, az Erzs\u00e9bet-programban pedig 2010 \u00f3ta 260 ezer nyugd\u00edjas tudott r\u00e9szt venni &#8211; tette hozz\u00e1.<br \/>\n    R\u00e9tv\u00e1ri Benc\u00e9t k\u00e9rdezt\u00e9k a szombatra tervezett ellenz\u00e9ki demonstr\u00e1ci\u00f3r\u00f3l is. Az \u00e1llamtitk\u00e1r azt mondta: &#8222;a bev\u00e1ndorl\u00e1sp\u00e1rti ellenz\u00e9k folytatja a sz\u00edn\u00e9szked\u00e9st&#8221;, ahogyan azt a parlamentben \u00e9s a k\u00f6zter\u00fcleteken tette kor\u00e1bban. A c\u00e9ljuk, ami a Soros-forgat\u00f3k\u00f6nyvben szerepel, hogy Magyarorsz\u00e1got bev\u00e1ndorl\u00f3orsz\u00e1gg\u00e1 tegy\u00e9k, de mi ezt nem szeretn\u00e9nk, mi ebben nem vesz\u00fcnk r\u00e9szt &#8211; fogalmazott.(MTI)<\/p>\n","protected":false},"excerpt":{"rendered":"<p>Id\u00e9n 2,7 sz\u00e1zal\u00e9kkal emelkednek a nyugd\u00edjak, a banksz\u00e1ml\u00e1kra janu\u00e1r 11-\u00e9n \u00e9rkezik a megemelt nyugd\u00edj, a posta pedig janu\u00e1r 16-\u00e1n kezdi meg a k\u00e9zbes\u00edt\u00e9st; egy \u00e1tlagos nyugd\u00edj eset\u00e9ben \u00e9ves szinten 42 ezer forinttal emelkednek a nyugd\u00edjak &#8211; mondta az Emberi Er\u0151forr\u00e1sok Miniszt\u00e9rium\u00e1nak (Emmi) parlamenti \u00e1llamtitk\u00e1ra p\u00e9nteki, budapesti sajt\u00f3t\u00e1j\u00e9koztat\u00f3j\u00e1n.<\/p>\n","protected":false},"author":1,"featured_media":0,"comment_status":"closed","ping_status":"open","sticky":false,"template":"","format":"standard","meta":[],"categories":[4,19],"tags":[],"_links":{"self":[{"href":"https:\/\/gazdasagportal.hu\/index.php\/wp-json\/wp\/v2\/posts\/112452"}],"collection":[{"href":"https:\/\/gazdasagportal.hu\/index.php\/wp-json\/wp\/v2\/posts"}],"about":[{"href":"https:\/\/gazdasagportal.hu\/index.php\/wp-json\/wp\/v2\/types\/post"}],"author":[{"embeddable":true,"href":"https:\/\/gazdasagportal.hu\/index.php\/wp-json\/wp\/v2\/users\/1"}],"replies":[{"embeddable":true,"href":"https:\/\/gazdasagportal.hu\/index.php\/wp-json\/wp\/v2\/comments?post=112452"}],"version-history":[{"count":1,"href":"https:\/\/gazdasagportal.hu\/index.php\/wp-json\/wp\/v2\/posts\/112452\/revisions"}],"predecessor-version":[{"id":112453,"href":"https:\/\/gazdasagportal.hu\/index.php\/wp-json\/wp\/v2\/posts\/112452\/revisions\/112453"}],"wp:attachment":[{"href":"https:\/\/gazdasagportal.hu\/index.php\/wp-json\/wp\/v2\/media?parent=112452"}],"wp:term":[{"taxonomy":"category","embeddable":true,"href":"https:\/\/gazdasagportal.hu\/index.php\/wp-json\/wp\/v2\/categories?post=112452"},{"taxonomy":"post_tag","embeddable":true,"href":"https:\/\/gazdasagportal.hu\/index.php\/wp-json\/wp\/v2\/tags?post=112452"}],"curies":[{"name":"wp","href":"https:\/\/api.w.org\/{rel}","templated":true}]}}