{"id":112405,"date":"2019-01-03T10:48:37","date_gmt":"2019-01-03T09:48:37","guid":{"rendered":"http:\/\/gazdasagportal.hu\/?p=112405"},"modified":"2019-01-03T10:48:37","modified_gmt":"2019-01-03T09:48:37","slug":"az-idei-adovaltozasok-kozul-a-szocialis-hozzajarulasi-ado-csokkentese-a-legjelentosebb","status":"publish","type":"post","link":"https:\/\/gazdasagportal.hu\/index.php\/az-idei-adovaltozasok-kozul-a-szocialis-hozzajarulasi-ado-csokkentese-a-legjelentosebb\/","title":{"rendered":"Az idei ad\u00f3v\u00e1ltoz\u00e1sok k\u00f6z\u00fcl a szoci\u00e1lis hozz\u00e1j\u00e1rul\u00e1si ad\u00f3 cs\u00f6kkent\u00e9se a legjelent\u0151sebb"},"content":{"rendered":"<p><strong>Az idei ad\u00f3v\u00e1ltoz\u00e1sok k\u00f6z\u00fcl a legjelent\u0151sebb a szoci\u00e1lis hozz\u00e1j\u00e1rul\u00e1si ad\u00f3 cs\u00f6kkent\u00e9se, a hat\u00e9ves b\u00e9rmeg\u00e1llapod\u00e1s \u00e9rtelm\u00e9ben id\u00e9n j\u00faliusban \u00fajabb 2 sz\u00e1zal\u00e9kponttal, 19,5 sz\u00e1zal\u00e9kr\u00f3l, 17,5 sz\u00e1zal\u00e9kra m\u00e9rs\u00e9kl\u0151dik ez a munkaad\u00f3kat terhel\u0151 j\u00e1rul\u00e9k. A v\u00e1ltoztat\u00e1s v\u00e1rhat\u00f3an 130 milli\u00e1rd forintot hagy a v\u00e1llalkoz\u00e1sokn\u00e1l &#8211; mondta Reg\u0151s G\u00e1bor, a Sz\u00e1zadv\u00e9g Gazdas\u00e1gkutat\u00f3 k\u00f6zgazd\u00e1sza cs\u00fct\u00f6rt\u00f6k\u00f6n az M1 aktu\u00e1lis csatorn\u00e1n. <\/strong><!--more--><\/p>\n<div class=\"ads-in-post1\"><div id=\"gazdasagportal.hu_fullbanner_wideboard\"><\/div>\r\n<\/div>\n<p>    Az ad\u00f3cs\u00f6kkent\u00e9sek k\u00f6z\u00fcl p\u00e9ldak\u00e9nt eml\u00edtette m\u00e9g a tart\u00f3s tejek \u00e1f\u00e1j\u00e1nak cs\u00f6kkent\u00e9s\u00e9t &#8211; janu\u00e1r 1-t\u0151l 18 sz\u00e1zal\u00e9kr\u00f3l 5 sz\u00e1zal\u00e9kra m\u00e9rs\u00e9kl\u0151dik az ESL (hosszabban eltarthat\u00f3) \u00e9s az UHT (ultrapaszt\u0151r\u00f6z\u00f6tt) tejek forgalmi ad\u00f3ja -, illetve a k\u00e9tgyermekes csal\u00e1dok ad\u00f3kedvezm\u00e9ny\u00e9nek n\u00f6vel\u00e9s\u00e9t, ami \u00edgy gyermekenk\u00e9nt 20 ezer forintra emelkedik. Mindk\u00e9t int\u00e9zked\u00e9s 20-20 milli\u00e1rd forint bev\u00e9telkies\u00e9ssel j\u00e1r a k\u00f6lts\u00e9gvet\u00e9snek &#8211; tette hozz\u00e1 a k\u00f6zgazd\u00e1sz.<br \/>\n<div class=\"ads-in-post2\"><script async src=\"https:\/\/pagead2.googlesyndication.com\/pagead\/js\/adsbygoogle.js\"><\/script>\r\n<ins class=\"adsbygoogle\"\r\n     style=\"display:block\"\r\n     data-ad-format=\"fluid\"\r\n     data-ad-layout-key=\"-6t+ed+2i-1n-4w\"\r\n     data-ad-client=\"ca-pub-1959107119989764\"\r\n     data-ad-slot=\"4008251320\"><\/ins>\r\n<script>\r\n     (adsbygoogle = window.adsbygoogle || []).push({});\r\n<\/script><\/div>\n    Ugyanakkor megjegyezte, emelkedik a n\u00e9peg\u00e9szs\u00e9g\u00fcgyi term\u00e9kad\u00f3, ami olyan term\u00e9keket terhel, mint p\u00e9ld\u00e1ul a cukros \u00fcd\u00edt\u0151k, illetve a p\u00e1linka. Az ad\u00f3emel\u00e9sekr\u0151l sz\u00f3lva megeml\u00edtette a cafeteria rendszer \u00e1talak\u00edt\u00e1s\u00e1t is.(MTI)<\/p>\n","protected":false},"excerpt":{"rendered":"<p>Az idei ad\u00f3v\u00e1ltoz\u00e1sok k\u00f6z\u00fcl a legjelent\u0151sebb a szoci\u00e1lis hozz\u00e1j\u00e1rul\u00e1si ad\u00f3 cs\u00f6kkent\u00e9se, a hat\u00e9ves b\u00e9rmeg\u00e1llapod\u00e1s \u00e9rtelm\u00e9ben id\u00e9n j\u00faliusban \u00fajabb 2 sz\u00e1zal\u00e9kponttal, 19,5 sz\u00e1zal\u00e9kr\u00f3l, 17,5 sz\u00e1zal\u00e9kra m\u00e9rs\u00e9kl\u0151dik ez a munkaad\u00f3kat terhel\u0151 j\u00e1rul\u00e9k. A v\u00e1ltoztat\u00e1s v\u00e1rhat\u00f3an 130 milli\u00e1rd forintot hagy a v\u00e1llalkoz\u00e1sokn\u00e1l &#8211; mondta Reg\u0151s G\u00e1bor, a Sz\u00e1zadv\u00e9g Gazdas\u00e1gkutat\u00f3 k\u00f6zgazd\u00e1sza cs\u00fct\u00f6rt\u00f6k\u00f6n az M1 aktu\u00e1lis csatorn\u00e1n.<\/p>\n","protected":false},"author":1,"featured_media":0,"comment_status":"closed","ping_status":"open","sticky":false,"template":"","format":"standard","meta":[],"categories":[4,19],"tags":[],"_links":{"self":[{"href":"https:\/\/gazdasagportal.hu\/index.php\/wp-json\/wp\/v2\/posts\/112405"}],"collection":[{"href":"https:\/\/gazdasagportal.hu\/index.php\/wp-json\/wp\/v2\/posts"}],"about":[{"href":"https:\/\/gazdasagportal.hu\/index.php\/wp-json\/wp\/v2\/types\/post"}],"author":[{"embeddable":true,"href":"https:\/\/gazdasagportal.hu\/index.php\/wp-json\/wp\/v2\/users\/1"}],"replies":[{"embeddable":true,"href":"https:\/\/gazdasagportal.hu\/index.php\/wp-json\/wp\/v2\/comments?post=112405"}],"version-history":[{"count":1,"href":"https:\/\/gazdasagportal.hu\/index.php\/wp-json\/wp\/v2\/posts\/112405\/revisions"}],"predecessor-version":[{"id":112406,"href":"https:\/\/gazdasagportal.hu\/index.php\/wp-json\/wp\/v2\/posts\/112405\/revisions\/112406"}],"wp:attachment":[{"href":"https:\/\/gazdasagportal.hu\/index.php\/wp-json\/wp\/v2\/media?parent=112405"}],"wp:term":[{"taxonomy":"category","embeddable":true,"href":"https:\/\/gazdasagportal.hu\/index.php\/wp-json\/wp\/v2\/categories?post=112405"},{"taxonomy":"post_tag","embeddable":true,"href":"https:\/\/gazdasagportal.hu\/index.php\/wp-json\/wp\/v2\/tags?post=112405"}],"curies":[{"name":"wp","href":"https:\/\/api.w.org\/{rel}","templated":true}]}}