{"id":112330,"date":"2019-01-01T11:04:56","date_gmt":"2019-01-01T10:04:56","guid":{"rendered":"http:\/\/gazdasagportal.hu\/?p=112330"},"modified":"2019-01-01T10:59:02","modified_gmt":"2019-01-01T09:59:02","slug":"25-tuzesetet-okozott-tuzijatek","status":"publish","type":"post","link":"https:\/\/gazdasagportal.hu\/index.php\/25-tuzesetet-okozott-tuzijatek\/","title":{"rendered":"25 t\u0171zesetet okozott t\u0171zij\u00e1t\u00e9k"},"content":{"rendered":"<p><strong>A szilveszteri t\u0171zij\u00e1t\u00e9kok miatt 25 esetben keletkezett t\u0171z &#8211; k\u00f6z\u00f6lte az Orsz\u00e1gos Katasztr\u00f3fav\u00e9delmi F\u0151igazgat\u00f3s\u00e1g sz\u00f3viv\u0151je kedd reggel az MTI-vel.<\/strong><!--more--><\/p>\n<div class=\"ads-in-post1\"><div id=\"gazdasagportal.hu_fullbanner_wideboard\"><\/div>\r\n<\/div>\n<p>    Mukics D\u00e1niel t\u00e1j\u00e9koztat\u00e1sa szerint az \u00e9v utols\u00f3 napj\u00e1n 53 t\u0171zesethez \u00e9s 62 m\u0171szaki ment\u00e9st ig\u00e9nyl\u0151 balesethez riasztott\u00e1k a t\u0171zolt\u00f3kat.<br \/>\n    K\u00f6z\u00f6lte, orsz\u00e1gszerte t\u00f6bb helyen is tuj\u00e1k, tujasorok gyulladtak ki a t\u0171zij\u00e1t\u00e9kok miatt. Volt ahol bokrok, avar vagy n\u00e1das \u00e9gett a felel\u0151tlen\u00fcl haszn\u00e1lt pirotechnikai term\u00e9kek miatt. Egerben egy h\u00e1z bej\u00e1rati ajtaja el\u0151tti l\u00e1bt\u00f6rl\u0151 \u00e9gett, \u00c9rden pedig egy csal\u00e1di h\u00e1z tet\u0151szerkezete izzott egy oda es\u0151 t\u0171zij\u00e1t\u00e9k miatt. Rinyaszentkir\u00e1lyon egy pet\u00e1rda egy csal\u00e1di h\u00e1z ablak\u00e1ban landolt \u00e9s gy\u00fajtotta meg a f\u00fcgg\u00f6nyt. Budapest VI. ker\u00fclet\u00e9ben erk\u00e9lyre esett egy t\u0171zij\u00e1t\u00e9k \u00e9s meggy\u00fajtotta az ott t\u00e1rolt t\u00e1rgyakat.<br \/>\n<div class=\"ads-in-post2\"><script async src=\"https:\/\/pagead2.googlesyndication.com\/pagead\/js\/adsbygoogle.js\"><\/script>\r\n<ins class=\"adsbygoogle\"\r\n     style=\"display:block\"\r\n     data-ad-format=\"fluid\"\r\n     data-ad-layout-key=\"-6t+ed+2i-1n-4w\"\r\n     data-ad-client=\"ca-pub-1959107119989764\"\r\n     data-ad-slot=\"4008251320\"><\/ins>\r\n<script>\r\n     (adsbygoogle = window.adsbygoogle || []).push({});\r\n<\/script><\/div>\n    T\u00e1j\u00e9koztat\u00e1sa szerint t\u00f6bb nagyobb t\u0171zeset is volt, amelyek nincsenek \u00f6sszef\u00fcgg\u00e9sben a t\u0171zij\u00e1t\u00e9kokkal. Kigyulladt \u00e9s teljes terjedelm\u00e9ben \u00e9gett egy k\u00f6r\u00fclbel\u00fcl harminc n\u00e9gyzetm\u00e9ter alapter\u00fclet\u0171 mell\u00e9k\u00e9p\u00fclet Lajoskom\u00e1romban. A t\u0171z \u00e1tterjedt a mellette l\u00e9v\u0151 csal\u00e1di h\u00e1z tet\u0151szerkezet\u00e9re is. A s\u00e1rbog\u00e1rdi hivat\u00e1sos \u00e9s a lajoskom\u00e1romi \u00f6nk\u00e9ntes t\u0171zolt\u00f3k eloltott\u00e1k a l\u00e1ngokat. Senki nem s\u00e9r\u00fclt meg.<br \/>\n    Elmondta, l\u00e1ngra kapott egy k\u00f6r\u00fclbel\u00fcl ezerk\u00e9tsz\u00e1z n\u00e9gyzetm\u00e9ter alapter\u00fclet\u0171, csirketart\u00e1sra haszn\u00e1lt \u00e9p\u00fclet h\u00e9tf\u0151 \u00e9jjel Vassz\u00e9csenyben, a D\u00f3zsa Gy\u00f6rgy utc\u00e1ban. A helysz\u00ednre a szombathelyi, a s\u00e1rv\u00e1ri \u00e9s a k\u00f6rmendi t\u0171zolt\u00f3kat riasztott\u00e1k, akik eloltott\u00e1k a l\u00e1ngokat. A t\u0171zben az \u00e9p\u00fclet megsemmis\u00fclt, a benne l\u00e9v\u0151 h\u00faszezer naposcsibe elpusztult.<br \/>\n    Kedd reggel Budapest XVIII. ker\u00fclet\u00e9ben a Brig\u00e1d utc\u00e1ban egy csal\u00e1di h\u00e1z t\u00f6bb szob\u00e1ja is teljes terjedelm\u00e9ben \u00e9gett. A budapesti t\u0171zolt\u00f3k a h\u00e1z olt\u00e1sa k\u00f6zben egy elhunyt embert tal\u00e1ltak. A t\u0171z keletkez\u00e9si ok\u00e1t vizsg\u00e1lja a katasztr\u00f3fav\u00e9delem &#8211; fejtette ki Mukics D\u00e1niel.(MTI)<\/p>\n","protected":false},"excerpt":{"rendered":"<p>A szilveszteri t\u0171zij\u00e1t\u00e9kok miatt 25 esetben keletkezett t\u0171z &#8211; k\u00f6z\u00f6lte az Orsz\u00e1gos Katasztr\u00f3fav\u00e9delmi F\u0151igazgat\u00f3s\u00e1g sz\u00f3viv\u0151je kedd reggel az MTI-vel.<\/p>\n","protected":false},"author":1001003,"featured_media":0,"comment_status":"closed","ping_status":"open","sticky":false,"template":"","format":"standard","meta":[],"categories":[4],"tags":[],"_links":{"self":[{"href":"https:\/\/gazdasagportal.hu\/index.php\/wp-json\/wp\/v2\/posts\/112330"}],"collection":[{"href":"https:\/\/gazdasagportal.hu\/index.php\/wp-json\/wp\/v2\/posts"}],"about":[{"href":"https:\/\/gazdasagportal.hu\/index.php\/wp-json\/wp\/v2\/types\/post"}],"author":[{"embeddable":true,"href":"https:\/\/gazdasagportal.hu\/index.php\/wp-json\/wp\/v2\/users\/1001003"}],"replies":[{"embeddable":true,"href":"https:\/\/gazdasagportal.hu\/index.php\/wp-json\/wp\/v2\/comments?post=112330"}],"version-history":[{"count":1,"href":"https:\/\/gazdasagportal.hu\/index.php\/wp-json\/wp\/v2\/posts\/112330\/revisions"}],"predecessor-version":[{"id":112333,"href":"https:\/\/gazdasagportal.hu\/index.php\/wp-json\/wp\/v2\/posts\/112330\/revisions\/112333"}],"wp:attachment":[{"href":"https:\/\/gazdasagportal.hu\/index.php\/wp-json\/wp\/v2\/media?parent=112330"}],"wp:term":[{"taxonomy":"category","embeddable":true,"href":"https:\/\/gazdasagportal.hu\/index.php\/wp-json\/wp\/v2\/categories?post=112330"},{"taxonomy":"post_tag","embeddable":true,"href":"https:\/\/gazdasagportal.hu\/index.php\/wp-json\/wp\/v2\/tags?post=112330"}],"curies":[{"name":"wp","href":"https:\/\/api.w.org\/{rel}","templated":true}]}}