{"id":112328,"date":"2019-01-01T11:24:55","date_gmt":"2019-01-01T10:24:55","guid":{"rendered":"http:\/\/gazdasagportal.hu\/?p=112328"},"modified":"2019-01-01T10:48:00","modified_gmt":"2019-01-01T09:48:00","slug":"az-utobbi-evtized-legrosszabb-teljesitmenyevel-zarta-az-evet-a-londoni-tozsde","status":"publish","type":"post","link":"https:\/\/gazdasagportal.hu\/index.php\/az-utobbi-evtized-legrosszabb-teljesitmenyevel-zarta-az-evet-a-londoni-tozsde\/","title":{"rendered":"Az ut\u00f3bbi \u00e9vtized legrosszabb teljes\u00edtm\u00e9ny\u00e9vel z\u00e1rta az \u00e9vet a londoni t\u0151zsde"},"content":{"rendered":"<p><strong>A glob\u00e1lis p\u00e9nz\u00fcgyi v\u00e1ls\u00e1g \u00f3ta eltelt \u00e9vtized legrosszabb \u00e9v\u00e9t z\u00e1rta h\u00e9tf\u0151n a londoni \u00e9rt\u00e9kt\u0151zsde (LSE).<\/strong><!--more--><\/p>\n<div class=\"ads-in-post1\"><div id=\"gazdasagportal.hu_fullbanner_wideboard\"><\/div>\r\n<\/div>\n<p>    Az ir\u00e1nyad\u00f3 FTSE 100-as index az \u00faj\u00e9v el\u0151tti utols\u00f3, r\u00f6vid\u00edtett keresked\u00e9si napot 5,84 pontos, 0,09 sz\u00e1zal\u00e9kos gyeng\u00fcl\u00e9ssel 6728,13 ponton fejezte be. Ez 959 pontos, 12,4 sz\u00e1zal\u00e9kos vesztes\u00e9g a tavalyi utols\u00f3 z\u00e1r\u00f3\u00e9rt\u00e9khez k\u00e9pest.<br \/>\n    Az idei es\u00e9s azt jelenti, hogy a FTSE 100-as indexet alkot\u00f3 v\u00e1llalatok \u00f6sszes\u00edtett piaci t\u0151ke\u00e9rt\u00e9ke hozz\u00e1vet\u0151leg 242 milli\u00e1rd fonttal (86 ezer milli\u00e1rd forinttal) cs\u00f6kkent.<br \/>\n    Az LSE ir\u00e1nyad\u00f3 \u00e1rfolyammutat\u00f3ja legut\u00f3bb h\u00e1rom \u00e9ve, 2015-ben z\u00e1rt \u00e9ves m\u00ednuszban, de az akkori vesztes\u00e9g nem \u00e9rte el az 5 sz\u00e1zal\u00e9kot.<br \/>\n    A FTSE 100-as a tavalyi \u00e9vet 7,6 sz\u00e1zal\u00e9kos tizenk\u00e9t havi er\u0151s\u00f6d\u00e9ssel z\u00e1rta. Az indexben szerepl\u0151 c\u00e9gek r\u00e9szv\u00e9nyeinek \u00f6ssz\u00e9rt\u00e9ke 2017-ben 141 milli\u00e1rd fonttal n\u0151tt, vagyis az idei \u00e9ves t\u0151ke\u00e9rt\u00e9k-vesztes\u00e9g azt jelenti, hogy a FTSE 100-as v\u00e1llalatok egy\u00fcttes t\u0151zsdei kapitaliz\u00e1ci\u00f3ja t\u00f6bb mint 100 milli\u00e1rd fonttal alacsonyabb a 2017 elej\u00e9n m\u00e9rt szintn\u00e9l.<br \/>\n    A londoni \u00e9rt\u00e9kt\u0151zsde 2018-as teljes\u00edtm\u00e9ny\u00e9t a vil\u00e1ggazdas\u00e1gi \u00e9s a vil\u00e1gkereskedelmi kock\u00e1zatok mellett a legnagyobb s\u00fallyal a brit EU-tags\u00e1g megsz\u0171n\u00e9s\u00e9nek (Brexit) folyamat\u00e1t \u00f6vez\u0151 bizonytalans\u00e1gok terhelt\u00e9k.<br \/>\n<div class=\"ads-in-post2\"><script async src=\"https:\/\/pagead2.googlesyndication.com\/pagead\/js\/adsbygoogle.js\"><\/script>\r\n<ins class=\"adsbygoogle\"\r\n     style=\"display:block\"\r\n     data-ad-format=\"fluid\"\r\n     data-ad-layout-key=\"-6t+ed+2i-1n-4w\"\r\n     data-ad-client=\"ca-pub-1959107119989764\"\r\n     data-ad-slot=\"4008251320\"><\/ins>\r\n<script>\r\n     (adsbygoogle = window.adsbygoogle || []).push({});\r\n<\/script><\/div>\n    A v\u00e1llalati szektor legnagyobb agg\u00e1lya az a lehet\u0151s\u00e9g, hogy az Egyes\u00fclt Kir\u00e1lys\u00e1g a Brexit felt\u00e9teleir\u0151l sz\u00f3l\u00f3 meg\u00e1llapod\u00e1s n\u00e9lk\u00fcl t\u00e1vozik az Eur\u00f3pai Uni\u00f3b\u00f3l, tekintettel arra, hogy az EU-val novemberben el\u00e9rt 585 oldalas egyezm\u00e9ny elfogad\u00e1s\u00e1hoz egyel\u0151re nincs meg a t\u00f6bbs\u00e9g a londoni als\u00f3h\u00e1zban. A meg\u00e1llapod\u00e1sr\u00f3l a k\u00e9pvisel\u0151knek eredetileg december 11-\u00e9n kellett volna szavazniuk, de Theresa May minisztereln\u00f6k a voksol\u00e1st janu\u00e1r harmadik het\u00e9re halasztotta, elismerve, hogy az als\u00f3h\u00e1z a decemberi id\u0151pontban jelent\u0151s t\u00f6bbs\u00e9ggel elvetette volna a Brexit-egyezm\u00e9nyt.<br \/>\n    Tov\u00e1bbra sem egy\u00e9rtelm\u0171, hogy a janu\u00e1rra halasztott szavaz\u00e1sig a brit korm\u00e1ny mivel tudja megnyerni az als\u00f3h\u00e1zi t\u00f6bbs\u00e9get a meg\u00e1llapod\u00e1s t\u00e1mogat\u00e1s\u00e1nak.<br \/>\n    A piac bor\u00fal\u00e1t\u00e1s\u00e1t al\u00e1t\u00e1masztja a Bank of England minap \u00f6ssze\u00e1ll\u00edtott 12 oldalas \u00e9vz\u00e1r\u00f3 helyzet\u00e9rt\u00e9kel\u00e9se.<br \/>\n    A brit jegybank elemz\u00e9se szerint a Brexit k\u00f6r\u00fcli bizonytalans\u00e1gok jelent\u0151sen er\u0151s\u00f6dtek az idei \u00e9v utols\u00f3 h\u00f3napjaiban, \u00e9s ennek terhei m\u00e1r a piacokon is l\u00e1tszanak: a banki finansz\u00edroz\u00e1si k\u00f6lts\u00e9gek, valamint a p\u00e9nz\u00fcgyi szektoron k\u00edv\u00fcli, magas hozam\u00fa &#8211; vagyis kock\u00e1zatosabb &#8211; kateg\u00f3ri\u00e1ba sorolt v\u00e1llalati k\u00f6tv\u00e9nyek fel\u00e1rai meredeken, a t\u00f6bbi fejlett gazdas\u00e1gban tapasztalhat\u00f3 \u00fctemn\u00e9l gyorsabban emelkedtek, a brit piacra \u00f6sszpontos\u00edt\u00f3 v\u00e1llalatok r\u00e9szv\u00e9nyei \u00e9rdemben gyeng\u00fcltek, a font is tov\u00e1bb gyeng\u00fclt \u00e9s \u00e1rfolyamkileng\u00e9si hajlama is jelent\u0151sen er\u0151s\u00f6d\u00f6tt.<br \/>\n    Az \u00fczleti szektorban v\u00e9grehajtott beruh\u00e1z\u00e1sok \u00e9rt\u00e9ke a legut\u00f3bbi h\u00e1rom negyed\u00e9v mindegyik\u00e9ben cs\u00f6kkent, az elm\u00falt tizenk\u00e9t h\u00f3napban csaknem 2 sz\u00e1zal\u00e9kkal esett vissza, mik\u00f6zben a h\u00e9t vezet\u0151 ipari hatalom (G7) t\u00f6bbi gazdas\u00e1g\u00e1ban \u00e1tlagosan 3,5 sz\u00e1zal\u00e9kkal n\u0151tt ugyanebben az id\u0151szakban &#8211; \u00e1llt a Bank of England \u00f6sszegz\u00e9s\u00e9ben.<br \/>\n    A jegybank nem el\u0151sz\u00f6r h\u00edvta fel a figyelmet a Brexit-folyamatb\u00f3l ered\u0151 n\u00f6veked\u00e9si kock\u00e1zatokra.<br \/>\n    Nemr\u00e9giben bemutatott, sz\u00e1mos forgat\u00f3k\u00f6nyvet vizsg\u00e1l\u00f3 87 oldalas tanulm\u00e1ny\u00e1ban k\u00f6z\u00f6lte: a teljesen szab\u00e1lyozatlan Brexitre kidolgozott legrosszabb stresszhelyzeti szimul\u00e1ci\u00f3s modellek arra vallanak, hogy a brit hazai \u00f6sszterm\u00e9k (GDP) e forgat\u00f3k\u00f6nyv-v\u00e1ltozat eset\u00e9n 8 sz\u00e1zal\u00e9kkal zuhanna a 2019 els\u0151 negyed\u00e9v\u00e9re v\u00e1rhat\u00f3 szinthez k\u00e9pest.<br \/>\n    Ez \u00f6sszeoml\u00e1sszer\u0171 recesszi\u00f3 lenne, sokkal s\u00falyosabb, mint amelyet a brit gazdas\u00e1g a t\u00edz \u00e9vvel ezel\u0151tti p\u00e9nz\u00fcgyi v\u00e1ls\u00e1g alatt \u00e1t\u00e9lt: a brit hazai \u00f6sszterm\u00e9k \u00e9rt\u00e9ke a v\u00e1ls\u00e1g el\u0151tti utols\u00f3 cs\u00facspont \u00e9s az akkori ciklus m\u00e9lypontja k\u00f6z\u00f6tt \u00f6sszesen 6,25 sz\u00e1zal\u00e9kkal zuhant.(MTI)<\/p>\n","protected":false},"excerpt":{"rendered":"<p>A glob\u00e1lis p\u00e9nz\u00fcgyi v\u00e1ls\u00e1g \u00f3ta eltelt \u00e9vtized legrosszabb \u00e9v\u00e9t z\u00e1rta h\u00e9tf\u0151n a londoni \u00e9rt\u00e9kt\u0151zsde (LSE).<\/p>\n","protected":false},"author":1001003,"featured_media":1560,"comment_status":"closed","ping_status":"open","sticky":false,"template":"","format":"standard","meta":[],"categories":[146,8,246],"tags":[],"_links":{"self":[{"href":"https:\/\/gazdasagportal.hu\/index.php\/wp-json\/wp\/v2\/posts\/112328"}],"collection":[{"href":"https:\/\/gazdasagportal.hu\/index.php\/wp-json\/wp\/v2\/posts"}],"about":[{"href":"https:\/\/gazdasagportal.hu\/index.php\/wp-json\/wp\/v2\/types\/post"}],"author":[{"embeddable":true,"href":"https:\/\/gazdasagportal.hu\/index.php\/wp-json\/wp\/v2\/users\/1001003"}],"replies":[{"embeddable":true,"href":"https:\/\/gazdasagportal.hu\/index.php\/wp-json\/wp\/v2\/comments?post=112328"}],"version-history":[{"count":1,"href":"https:\/\/gazdasagportal.hu\/index.php\/wp-json\/wp\/v2\/posts\/112328\/revisions"}],"predecessor-version":[{"id":112329,"href":"https:\/\/gazdasagportal.hu\/index.php\/wp-json\/wp\/v2\/posts\/112328\/revisions\/112329"}],"wp:featuredmedia":[{"embeddable":true,"href":"https:\/\/gazdasagportal.hu\/index.php\/wp-json\/wp\/v2\/media\/1560"}],"wp:attachment":[{"href":"https:\/\/gazdasagportal.hu\/index.php\/wp-json\/wp\/v2\/media?parent=112328"}],"wp:term":[{"taxonomy":"category","embeddable":true,"href":"https:\/\/gazdasagportal.hu\/index.php\/wp-json\/wp\/v2\/categories?post=112328"},{"taxonomy":"post_tag","embeddable":true,"href":"https:\/\/gazdasagportal.hu\/index.php\/wp-json\/wp\/v2\/tags?post=112328"}],"curies":[{"name":"wp","href":"https:\/\/api.w.org\/{rel}","templated":true}]}}