{"id":112326,"date":"2019-01-01T10:44:50","date_gmt":"2019-01-01T09:44:50","guid":{"rendered":"http:\/\/gazdasagportal.hu\/?p=112326"},"modified":"2019-01-01T10:57:35","modified_gmt":"2019-01-01T09:57:35","slug":"ujevi-baba-iden-kislany-lett-az-elso-fovarosi-ujszulott","status":"publish","type":"post","link":"https:\/\/gazdasagportal.hu\/index.php\/ujevi-baba-iden-kislany-lett-az-elso-fovarosi-ujszulott\/","title":{"rendered":"\u00daj\u00e9vi baba &#8211; Id\u00e9n kisl\u00e1ny lett az els\u0151 f\u0151v\u00e1rosi \u00fajsz\u00fcl\u00f6tt, \u00e9jf\u00e9l ut\u00e1n nyolc perccel sz\u00fcletett 2019 els\u0151 \u00fajsz\u00fcl\u00f6ttje vid\u00e9ken"},"content":{"rendered":"<p>Id\u00e9n kisl\u00e1ny lett az els\u0151 f\u0151v\u00e1rosi \u00fajsz\u00fcl\u00f6tt; 2019 els\u0151 budapesti bab\u00e1ja a Honv\u00e9dk\u00f3rh\u00e1zban sz\u00fcletett.<!--more--><\/p>\n<div class=\"ads-in-post1\"><div id=\"gazdasagportal.hu_fullbanner_wideboard\"><\/div>\r\n<\/div>\n<p>    Az int\u00e9zm\u00e9ny kedd reggeli t\u00e1j\u00e9koztat\u00e1sa szerint a kisl\u00e1ny a Vilma nevet kapta.<br \/>\n    A kisl\u00e1ny 2 \u00f3ra 55 perckor 54 centim\u00e9terrel \u00e9s 3870 grammal j\u00f6tt vil\u00e1gra.<br \/>\n    Vilma \u00e9desanyja els\u0151 gyermeke.<br \/>\n    A f\u0151v\u00e1rosi \u00e1llami int\u00e9zm\u00e9nyek sz\u00fcl\u00e9szetei k\u00f6z\u00fcl m\u00e1sutt is sz\u00fcletett gyermek az \u00faj \u00e9v els\u0151 napj\u00e1n, de az \u00e9v els\u0151 k\u00e9t \u00f3r\u00e1j\u00e1ban id\u00e9n nem.<br \/>\n<div class=\"ads-in-post2\"><script async src=\"https:\/\/pagead2.googlesyndication.com\/pagead\/js\/adsbygoogle.js\"><\/script>\r\n<ins class=\"adsbygoogle\"\r\n     style=\"display:block\"\r\n     data-ad-format=\"fluid\"\r\n     data-ad-layout-key=\"-6t+ed+2i-1n-4w\"\r\n     data-ad-client=\"ca-pub-1959107119989764\"\r\n     data-ad-slot=\"4008251320\"><\/ins>\r\n<script>\r\n     (adsbygoogle = window.adsbygoogle || []).push({});\r\n<\/script><\/div>\n<strong>Miskolcon \u00e9jf\u00e9l ut\u00e1n nyolc perccel sz\u00fcletett az els\u0151 vid\u00e9ki baba<\/strong><\/p>\n<p><strong>Miskolcon \u00e9jf\u00e9l ut\u00e1n nyolc perccel sz\u00fcletett 2019 els\u0151 \u00fajsz\u00fcl\u00f6ttje vid\u00e9ken.<\/strong><\/p><div id=\"gazda-2872720515\" class=\"gazda-tartalomban gazda-entity-placement\"><script async src=\"https:\/\/pagead2.googlesyndication.com\/pagead\/js\/adsbygoogle.js\"><\/script>\r\n<ins class=\"adsbygoogle\"\r\n     style=\"display:block\"\r\n     data-ad-format=\"fluid\"\r\n     data-ad-layout-key=\"-6t+ed+2i-1n-4w\"\r\n     data-ad-client=\"ca-pub-1959107119989764\"\r\n     data-ad-slot=\"4008251320\"><\/ins>\r\n<script>\r\n     (adsbygoogle = window.adsbygoogle || []).push({});\r\n<\/script><\/div>\n<p>    Leveleki J\u00f3zsef, a Borsod-Aba\u00faj-Zempl\u00e9n Megyei K\u00f6zponti K\u00f3rh\u00e1z \u00e9s Egyetemi Oktat\u00f3k\u00f3rh\u00e1z sz\u00fcl\u00e9sz orvosa az MTI-nek elmondta: a kisl\u00e1nyt a Vanda nevet kapta.<br \/>\n    A baba \u00e9desanyja els\u0151 gyermeke.<br \/>\n    Vanda term\u00e9szetes \u00faton, spont\u00e1n sz\u00fcl\u00e9ssel j\u00f6tt vil\u00e1gra, 47 centim\u00e9terrel \u00e9s 2350 grammal.<br \/>\n(MTI)<\/p>\n","protected":false},"excerpt":{"rendered":"<p>Id\u00e9n kisl\u00e1ny lett az els\u0151 f\u0151v\u00e1rosi \u00fajsz\u00fcl\u00f6tt; 2019 els\u0151 budapesti bab\u00e1ja a Honv\u00e9dk\u00f3rh\u00e1zban sz\u00fcletett.<\/p>\n","protected":false},"author":1001003,"featured_media":0,"comment_status":"closed","ping_status":"open","sticky":false,"template":"","format":"standard","meta":[],"categories":[4],"tags":[],"_links":{"self":[{"href":"https:\/\/gazdasagportal.hu\/index.php\/wp-json\/wp\/v2\/posts\/112326"}],"collection":[{"href":"https:\/\/gazdasagportal.hu\/index.php\/wp-json\/wp\/v2\/posts"}],"about":[{"href":"https:\/\/gazdasagportal.hu\/index.php\/wp-json\/wp\/v2\/types\/post"}],"author":[{"embeddable":true,"href":"https:\/\/gazdasagportal.hu\/index.php\/wp-json\/wp\/v2\/users\/1001003"}],"replies":[{"embeddable":true,"href":"https:\/\/gazdasagportal.hu\/index.php\/wp-json\/wp\/v2\/comments?post=112326"}],"version-history":[{"count":3,"href":"https:\/\/gazdasagportal.hu\/index.php\/wp-json\/wp\/v2\/posts\/112326\/revisions"}],"predecessor-version":[{"id":112332,"href":"https:\/\/gazdasagportal.hu\/index.php\/wp-json\/wp\/v2\/posts\/112326\/revisions\/112332"}],"wp:attachment":[{"href":"https:\/\/gazdasagportal.hu\/index.php\/wp-json\/wp\/v2\/media?parent=112326"}],"wp:term":[{"taxonomy":"category","embeddable":true,"href":"https:\/\/gazdasagportal.hu\/index.php\/wp-json\/wp\/v2\/categories?post=112326"},{"taxonomy":"post_tag","embeddable":true,"href":"https:\/\/gazdasagportal.hu\/index.php\/wp-json\/wp\/v2\/tags?post=112326"}],"curies":[{"name":"wp","href":"https:\/\/api.w.org\/{rel}","templated":true}]}}