{"id":112323,"date":"2018-12-31T17:42:37","date_gmt":"2018-12-31T16:42:37","guid":{"rendered":"http:\/\/gazdasagportal.hu\/?p=112323"},"modified":"2018-12-31T15:33:51","modified_gmt":"2018-12-31T14:33:51","slug":"evertekelo-nagy-britannia-2018-az-utolso-teljes-ev-az-eu-ban-vagy-megsem","status":"publish","type":"post","link":"https:\/\/gazdasagportal.hu\/index.php\/evertekelo-nagy-britannia-2018-az-utolso-teljes-ev-az-eu-ban-vagy-megsem\/","title":{"rendered":"\u00c9v\u00e9rt\u00e9kel\u0151 &#8211; Nagy-Britannia 2018: az utols\u00f3 teljes \u00e9v az EU-ban &#8211; vagy m\u00e9gsem?"},"content":{"rendered":"<p><strong>Nagy-Britannia az utols\u00f3 teljes napt\u00e1ri \u00e9v\u00e9t t\u00f6lt\u00f6tte az id\u00e9n az Eur\u00f3pai Uni\u00f3 tagjak\u00e9nt. N\u00e9h\u00e1ny h\u00f3nappal ezel\u0151tt ezt a meg\u00e1llap\u00edt\u00e1st mindenki megk\u00e9rd\u0151jelezhetetlen t\u00e9nyk\u00e9nt kezelte volna, ma m\u00e1r azonban tekint\u00e9lyes elemz\u0151h\u00e1zak \u00e9s k\u00f6z\u00e9leti szem\u00e9lyis\u00e9gek is k\u00e9tsz\u00e1mjegy\u0171 sz\u00e1zal\u00e9kos es\u00e9lyt adnak arra, hogy a brit EU-tags\u00e1g m\u00e9gsem sz\u0171nik meg a tervezett id\u0151pontban, 2019. m\u00e1rcius 29-\u00e9n, k\u00f6z\u00e9p-eur\u00f3pai id\u0151 szerint \u00e9jf\u00e9lkor.<\/strong><!--more--><\/p>\n<div class=\"ads-in-post1\"><div id=\"gazdasagportal.hu_fullbanner_wideboard\"><\/div>\r\n<\/div>\n<p>    A 2018-as politikai \u00e9vadot Theresa May konzervat\u00edv p\u00e1rti minisztereln\u00f6k annak kijelent\u00e9s\u00e9vel ind\u00edtotta, hogy a meg\u00e1llapod\u00e1s n\u00e9lk\u00fcli Brexit is jobb, mint egy rossz meg\u00e1llapod\u00e1s a kil\u00e9p\u00e9s felt\u00e9teleir\u0151l, \u00e9s ez a t\u00e9tel sz\u00e1mtalanszor elhangzott a nyilv\u00e1noss\u00e1g k\u00fcl\u00f6nb\u00f6z\u0151 f\u00f3rumain.<br \/>\n    Amikor ez volt a brit korm\u00e1ny hivatalos \u00e1ll\u00e1spontja, m\u00e9g egy\u00e1ltal\u00e1n nem volt biztos, hogy siker\u00fcl \u00e1tfog\u00f3 meg\u00e1llapod\u00e1st el\u00e9rni az Eur\u00f3pai Uni\u00f3val a brit EU-tags\u00e1g megsz\u0171n\u00e9s\u00e9nek felt\u00e9telrendszer\u00e9r\u0151l. T\u00f6bb hat\u00e1rid\u0151 telt el eredm\u00e9nytelen\u00fcl, \u00e9s volt olyan EU-cs\u00facs\u00e9rtekezlet is, amelyre Theresa May a meg\u00e1llapod\u00e1s bejelent\u00e9s\u00e9nek rem\u00e9ny\u00e9vel utazott el &#8211; \u00e1m \u00fcres k\u00e9zzel volt k\u00e9nytelen hazat\u00e9rni.<br \/>\n    V\u00e9g\u00fcl novemberre siker\u00fclt \u00f6ssze\u00e1ll\u00edtani egy 585 oldalas jogi sz\u00f6veget a kil\u00e9p\u00e9si felt\u00e9telrendszerr\u0151l, \u00e9s egy 26 oldalas, jogi er\u0151vel nem b\u00edr\u00f3 politikai deklar\u00e1ci\u00f3t, amely a Brexit ut\u00e1ni id\u0151szak kapcsolatrendszer\u00e9t k\u00f6rvonalazza egyel\u0151re meglehet\u0151sen v\u00e1zlatosan.<br \/>\n    Az viszont gyakorlatilag a meg\u00e1llapod\u00e1s bejelent\u00e9s\u00e9nek pillanat\u00e1ban kider\u00fclt, hogy a kil\u00e9p\u00e9si egyezm\u00e9ny elfogadtat\u00e1sa a brit parlamentben rem\u00e9nytelen v\u00e1llalkoz\u00e1s lenne. Az eredetileg december 11-re ki\u00edrt als\u00f3h\u00e1zi voksol\u00e1st ez\u00e9rt May az utols\u00f3 pillanatban janu\u00e1r harmadik het\u00e9re halasztotta.<br \/>\n    A fenyeget\u0151 veres\u00e9g m\u00e9rt\u00e9k\u00e9r\u0151l a szavaz\u00e1s elhalaszt\u00e1sa el\u0151tt csak becsl\u00e9sek voltak, de ezek k\u00f6z\u00fcl a leg\u00f3vatosabbak is azt val\u00f3sz\u00edn\u0171s\u00edtett\u00e9k, hogy az als\u00f3h\u00e1z h\u00e1rom sz\u00e1mjegy\u0171 t\u00f6bbs\u00e9ggel vetette volna el a Brexit-felt\u00e9telekr\u0151l k\u00f6t\u00f6tt egyezm\u00e9nyt. Ez a modern brit politikat\u00f6rt\u00e9netben p\u00e9lda n\u00e9lk\u00fcli korm\u00e1nyzati veres\u00e9g lett volna, \u00e9s j\u00f3 es\u00e9llyel v\u00e9gzetes m\u00e9rt\u00e9kben destabiliz\u00e1lta volna Theresa May kabinetj\u00e9t, amely a tavalyi el\u0151rehozott v\u00e1laszt\u00e1sok \u00f3ta egy\u00e9bk\u00e9nt is kisebbs\u00e9gben korm\u00e1nyoz.<br \/>\n<div class=\"ads-in-post2\"><script async src=\"https:\/\/pagead2.googlesyndication.com\/pagead\/js\/adsbygoogle.js\"><\/script>\r\n<ins class=\"adsbygoogle\"\r\n     style=\"display:block\"\r\n     data-ad-format=\"fluid\"\r\n     data-ad-layout-key=\"-6t+ed+2i-1n-4w\"\r\n     data-ad-client=\"ca-pub-1959107119989764\"\r\n     data-ad-slot=\"4008251320\"><\/ins>\r\n<script>\r\n     (adsbygoogle = window.adsbygoogle || []).push({});\r\n<\/script><\/div>\n    A rendk\u00edv\u00fcl er\u0151teljes ellen\u00e1ll\u00e1s a tartal\u00e9kmegold\u00e1snak ford\u00edthat\u00f3 backstop-mechanizmussal szemben alakult ki, ez ugyanis egys\u00e9ges v\u00e1m\u00fcgyi szab\u00e1lyoz\u00e1st l\u00e9ptetne \u00e9letbe az Eur\u00f3pai Uni\u00f3 \u00e9s az Egyes\u00fclt Kir\u00e1lys\u00e1g k\u00f6z\u00f6tt az \u00edr-\u00e9szak\u00edr hat\u00e1rellen\u0151rz\u00e9s \u00fajb\u00f3li bevezet\u00e9s\u00e9nek elker\u00fcl\u00e9s\u00e9re, ha nem sz\u00fcletik id\u0151ben olyan meg\u00e1llapod\u00e1s a majdani kereskedelmi kapcsolatokr\u00f3l, amely \u00f6nmag\u00e1ban feleslegess\u00e9 tenn\u00e9 a hat\u00e1r fizikai ellen\u0151rz\u00e9s\u00e9t. A kem\u00e9nyvonalas tory Brexit-t\u00e1bor szerint azonban e mechanizmus alapj\u00e1n az Egyes\u00fclt Kir\u00e1lys\u00e1g meghat\u00e1rozatlan id\u0151re &#8222;beleragadhat&#8221; egy v\u00e1muni\u00f3s mechanizmusba az EU-val, \u00fagy, hogy nem tud m\u00e1s orsz\u00e1gokkal saj\u00e1t kereskedelmi egyezm\u00e9nyeket k\u00f6tni.<br \/>\n    Ugyanezekkel az \u00e9rvekkel utas\u00edtja el mereven a meg\u00e1llapod\u00e1st a legnagyobb \u00e9szak-\u00edrorsz\u00e1gi protest\u00e1ns britp\u00e1rti er\u0151, a tory Brexit-t\u00e1borhoz hasonl\u00f3an rendk\u00edv\u00fcl EU-szkeptikus ir\u00e1nyvonal\u00fa Demokratikus Unionista P\u00e1rt (DUP) is, amelynek k\u00fcls\u0151 t\u00e1mogat\u00e1sa n\u00e9lk\u00fcl a Konzervat\u00edv P\u00e1rt nem tud korm\u00e1nyozni.<br \/>\n    Az indulatok hevess\u00e9g\u00e9t jelzi, hogy a tory Brexit-t\u00e1bor m\u00e9g bizalmatlans\u00e1gi szavaz\u00e1st is kezdem\u00e9nyezett Theresa May ellen, b\u00e1r ezt a korm\u00e1nyf\u0151 viszonylag k\u00e9nyelmes t\u00f6bbs\u00e9ggel megnyerte.<br \/>\n    Ebben a helyzetben v\u00e1ltott ir\u00e1nyt az \u00e9v v\u00e9g\u00e9nek k\u00f6zeledt\u00e9vel May retorik\u00e1ja. A korm\u00e1nyf\u0151 visszat\u00e9r\u0151en hangoztatott \u00e1ll\u00e1spontja ma m\u00e1r az, hogy a Brexit felt\u00e9telrendszer\u00e9r\u0151l el\u00e9rt egyezm\u00e9ny parlamenti elfogad\u00e1s\u00e1nak csak k\u00e9t rossz alternat\u00edv\u00e1ja lehet: az egyik a meg\u00e1llapod\u00e1s n\u00e9lk\u00fcli kil\u00e9p\u00e9s, a m\u00e1sik az, hogy egy\u00e1ltal\u00e1n nem lesz Brexit.<br \/>\n    A korm\u00e1nyf\u0151 azt eddig nem fejtette ki, hogy a Brexit milyen m\u00f3don maradhatna el, de a patthelyzet felold\u00e1s\u00e1hoz vezet\u0151 legegyenesebb \u00fat m\u00e9g saj\u00e1t korm\u00e1ny\u00e1nak t\u00f6bb tagja szerint az \u00fajabb n\u00e9pszavaz\u00e1s ki\u00edr\u00e1sa lehetne.<br \/>\n    Ha azonban ez megt\u00f6rt\u00e9nne &#8211; b\u00e1r Therasa May ett\u0151l jelenleg mereven elz\u00e1rk\u00f3zik -, a felm\u00e9r\u00e9sek alapj\u00e1n jelent\u0151s es\u00e9ly lenne arra, hogy a v\u00e1laszt\u00f3k t\u00f6bbs\u00e9ge ez\u00fattal a bennmarad\u00e1s mellett d\u00f6ntene.<br \/>\n    Az \u00fajabb n\u00e9pszavaz\u00e1s \u00fcgy\u00e9nek egyik legf\u0151bb sz\u00f3sz\u00f3l\u00f3ja Tony Blair volt munk\u00e1sp\u00e1rti korm\u00e1nyf\u0151, aki szerint imm\u00e1r 50 sz\u00e1zal\u00e9k feletti az es\u00e9lye az \u00faj referendum ki\u00edr\u00e1s\u00e1nak.<br \/>\n    \u00d3vatosabban, de jelent\u0151s es\u00e9lyt j\u00f3solnak a m\u00e1sodik n\u00e9pszavaz\u00e1snak nagy londoni elemz\u0151h\u00e1zak is.<br \/>\n    Az Eurasia Group nev\u0171 glob\u00e1lis politikai-gazdas\u00e1gi kock\u00e1zatelemz\u0151 csoport londoni kutat\u00f3m\u0171hely\u00e9nek szak\u00e9rt\u0151i k\u00f6z\u00f6lt\u00e9k \u00e9v v\u00e9gi helyzet\u00e9rt\u00e9kel\u00e9s\u00fckben, hogy most m\u00e1r alapeseti el\u0151rejelz\u00e9s\u00fck az \u00fajabb referendum ki\u00edr\u00e1sa, amelynek minden egy\u00e9b lehets\u00e9ges forgat\u00f3k\u00f6nyvn\u00e9l nagyobb, 40 sz\u00e1zal\u00e9kos val\u00f3sz\u00edn\u0171s\u00e9get adnak.<br \/>\n    Az \u00fajabb n\u00e9pszavaz\u00e1s ki\u00edr\u00e1sa nyilv\u00e1nval\u00f3an legal\u00e1bbis halasztan\u00e1 a Brexitet, hiszen a brit v\u00e1laszt\u00e1si bizotts\u00e1g becsl\u00e9se szerint a voksol\u00e1st legkor\u00e1bban m\u00e1jusban vagy j\u00faniusban lehetne megtartani.<br \/>\n    Nagy k\u00e9rd\u00e9s, hogy mi lenne a k\u00e9rd\u00e9s a szavaz\u00f3lapon.<br \/>\n    A Sky Data k\u00f6zv\u00e9lem\u00e9ny-kutat\u00f3 csoport \u00e9vz\u00e1r\u00f3 felm\u00e9r\u00e9se szerint a brit v\u00e1laszt\u00f3k abszol\u00fat t\u00f6bbs\u00e9ge, 53 sz\u00e1zal\u00e9ka p\u00e1rtoln\u00e1 egy olyan n\u00e9pszavaz\u00e1st ki\u00edr\u00e1s\u00e1t, amelyen arr\u00f3l lehetne d\u00f6nteni, hogy az Egyes\u00fclt Kir\u00e1lys\u00e1g a jelenlegi Brexit-meg\u00e1llapod\u00e1s alapj\u00e1n vagy meg\u00e1llapod\u00e1s n\u00e9lk\u00fcl l\u00e9pjen ki az EU-b\u00f3l, vagy maradjon az EU tagja.<br \/>\n    A v\u00e1laszad\u00f3k ugyancsak 53 sz\u00e1zal\u00e9ka mondta azt, hogy ha ezek lenn\u00e9nek a v\u00e1laszthat\u00f3 lehet\u0151s\u00e9gek, a bennmarad\u00e1sra voksolna.<br \/>\n    Mindezek alapj\u00e1n 2018 v\u00e9g\u00e9n m\u00e1r kor\u00e1ntsem t\u0171nik annyira k\u0151be v\u00e9settnek a m\u00e1rciusi kil\u00e9p\u00e9s, mint egy \u00e9vvel ezel\u0151tt.(MTI)<\/p>\n","protected":false},"excerpt":{"rendered":"<p>Nagy-Britannia az utols\u00f3 teljes napt\u00e1ri \u00e9v\u00e9t t\u00f6lt\u00f6tte az id\u00e9n az Eur\u00f3pai Uni\u00f3 tagjak\u00e9nt. N\u00e9h\u00e1ny h\u00f3nappal ezel\u0151tt ezt a meg\u00e1llap\u00edt\u00e1st mindenki megk\u00e9rd\u0151jelezhetetlen t\u00e9nyk\u00e9nt kezelte volna, ma m\u00e1r azonban tekint\u00e9lyes elemz\u0151h\u00e1zak \u00e9s k\u00f6z\u00e9leti szem\u00e9lyis\u00e9gek is k\u00e9tsz\u00e1mjegy\u0171 sz\u00e1zal\u00e9kos es\u00e9lyt adnak arra, hogy a brit EU-tags\u00e1g m\u00e9gsem sz\u0171nik meg a tervezett id\u0151pontban, 2019. m\u00e1rcius 29-\u00e9n, k\u00f6z\u00e9p-eur\u00f3pai id\u0151 szerint \u00e9jf\u00e9lkor.<\/p>\n","protected":false},"author":1001003,"featured_media":81431,"comment_status":"closed","ping_status":"open","sticky":false,"template":"","format":"standard","meta":[],"categories":[146,12,246],"tags":[],"_links":{"self":[{"href":"https:\/\/gazdasagportal.hu\/index.php\/wp-json\/wp\/v2\/posts\/112323"}],"collection":[{"href":"https:\/\/gazdasagportal.hu\/index.php\/wp-json\/wp\/v2\/posts"}],"about":[{"href":"https:\/\/gazdasagportal.hu\/index.php\/wp-json\/wp\/v2\/types\/post"}],"author":[{"embeddable":true,"href":"https:\/\/gazdasagportal.hu\/index.php\/wp-json\/wp\/v2\/users\/1001003"}],"replies":[{"embeddable":true,"href":"https:\/\/gazdasagportal.hu\/index.php\/wp-json\/wp\/v2\/comments?post=112323"}],"version-history":[{"count":1,"href":"https:\/\/gazdasagportal.hu\/index.php\/wp-json\/wp\/v2\/posts\/112323\/revisions"}],"predecessor-version":[{"id":112324,"href":"https:\/\/gazdasagportal.hu\/index.php\/wp-json\/wp\/v2\/posts\/112323\/revisions\/112324"}],"wp:featuredmedia":[{"embeddable":true,"href":"https:\/\/gazdasagportal.hu\/index.php\/wp-json\/wp\/v2\/media\/81431"}],"wp:attachment":[{"href":"https:\/\/gazdasagportal.hu\/index.php\/wp-json\/wp\/v2\/media?parent=112323"}],"wp:term":[{"taxonomy":"category","embeddable":true,"href":"https:\/\/gazdasagportal.hu\/index.php\/wp-json\/wp\/v2\/categories?post=112323"},{"taxonomy":"post_tag","embeddable":true,"href":"https:\/\/gazdasagportal.hu\/index.php\/wp-json\/wp\/v2\/tags?post=112323"}],"curies":[{"name":"wp","href":"https:\/\/api.w.org\/{rel}","templated":true}]}}