{"id":112321,"date":"2018-12-31T16:37:50","date_gmt":"2018-12-31T15:37:50","guid":{"rendered":"http:\/\/gazdasagportal.hu\/?p=112321"},"modified":"2018-12-31T15:32:07","modified_gmt":"2018-12-31T14:32:07","slug":"evertekelo-horvatorszagban-2018-a-reformok-evenek-indult-azok-bevezetese-azonban-nagyreszt-elmaradt","status":"publish","type":"post","link":"https:\/\/gazdasagportal.hu\/index.php\/evertekelo-horvatorszagban-2018-a-reformok-evenek-indult-azok-bevezetese-azonban-nagyreszt-elmaradt\/","title":{"rendered":"\u00c9v\u00e9rt\u00e9kel\u0151 &#8211; Horv\u00e1torsz\u00e1gban 2018 a reformok \u00e9v\u00e9nek indult, azok bevezet\u00e9se azonban nagyr\u00e9szt elmaradt"},"content":{"rendered":"<p><strong>B\u00e1r Andrej Plenkovic horv\u00e1t korm\u00e1nyf\u0151 m\u00e1r az \u00e9v elej\u00e9n beharangozta, hogy Horv\u00e1torsz\u00e1gban a struktur\u00e1lis reformok \u00e9ve k\u00f6vetkezik, amelyek kulcsfontoss\u00e1g\u00faak az eur\u00f3z\u00f3n\u00e1hoz val\u00f3 csatlakoz\u00e1shoz, a bevezet\u00e9s\u00fck nagyr\u00e9szt elmaradt. A kabinetnek a \u00e9get\u0151bb probl\u00e9m\u00e1k megold\u00e1s\u00e1val kellett foglalkoznia a komoly gazdas\u00e1gpolitikai int\u00e9zked\u00e9sek tervez\u00e9se helyett.<\/strong><!--more--><\/p>\n<div class=\"ads-in-post1\"><div id=\"gazdasagportal.hu_fullbanner_wideboard\"><\/div>\r\n<\/div>\n<p>    Annak ellen\u00e9re, hogy Horv\u00e1torsz\u00e1g legnagyobb mag\u00e1ntulajdon\u00fa c\u00e9gcsoportja, a s\u00falyos p\u00e9nz\u00fcgyi gondokkal k\u00fczd\u0151 Agrokor elker\u00fclte a cs\u0151d\u00f6t a 2017 \u00e1prilisban a parlament \u00e1ltal gyors\u00edtott elj\u00e1r\u00e1sban elfogadott t\u00f6rv\u00e9nynek k\u00f6sz\u00f6nhet\u0151en, amely lehet\u0151v\u00e9 teszi strat\u00e9giai c\u00e9geknek, hogy az \u00e1llamt\u00f3l rendk\u00edv\u00fcli igazgat\u00e1si elj\u00e1r\u00e1st k\u00e9rjenek, a folyamatot sz\u00e1mos botr\u00e1ny \u00f6vezte. Az \u00e9v elej\u00e9n a k\u00f6zv\u00e9lem\u00e9ny nyom\u00e1s\u00e1ra lemondott az Agrokor \u00e9l\u00e9re kinevezett rendk\u00edv\u00fcli korm\u00e1nybiztos, valamint k\u00e9s\u0151bb Martina Dalic volt gazdas\u00e1gi miniszter is, miut\u00e1n kider\u00fclt, hogy ugyanazok \u00edrt\u00e1k a v\u00e1llalat megment\u00e9s\u00e9t szolg\u00e1l\u00f3 t\u00f6rv\u00e9nyt, akik k\u00e9s\u0151bb profit\u00e1ltak a jogszab\u00e1ly \u00e9rv\u00e9nyes\u00edt\u00e9s\u00e9b\u0151l.<br \/>\n    A gazdas\u00e1gi miniszter t\u00e1voz\u00e1sa ut\u00e1n cs\u00f6kkent a korm\u00e1ny n\u00e9pszer\u0171s\u00e9ge, r\u00e1ad\u00e1sul  m\u00e9g Kolinda Grabar-Kitarovic horv\u00e1t \u00e1llamf\u0151 is folyamatosan b\u00edr\u00e1lta a korm\u00e1nyf\u0151t \u00e9s a korm\u00e1nyt, ami\u00e9rt szerinte nem tesz meg mindent a kiv\u00e1ndorl\u00e1s meg\u00e1ll\u00edt\u00e1sa \u00e9rdek\u00e9ben, \u00e9s nem vezeti be a sz\u00fcks\u00e9ges reformokat. A konfliktus egy\u00e9bk\u00e9nt r\u00e9g\u00f3ta tart a korm\u00e1ny \u00e9s az eln\u00f6ki hivatal k\u00f6z\u00f6tt, holott mind az \u00e1llamf\u0151, mind a korm\u00e1ny tagjainak z\u00f6me is a nagyobbik korm\u00e1nyz\u00f3 p\u00e1rtb\u00f3l, a HDZ-b\u0151l ker\u00fclt ki. Grabar-Kitarovic megpr\u00f3b\u00e1lt k\u00f6zeledni a k\u00f6z\u00e9p-eur\u00f3pai orsz\u00e1gokhoz, ezen bel\u00fcl is a visegr\u00e1di n\u00e9gyekhez, ugyanakkor Plenkovic szigor\u00faan Br\u00fcsszelhez igazod\u00f3 politik\u00e1t folytatott.<br \/>\n<div class=\"ads-in-post2\"><script async src=\"https:\/\/pagead2.googlesyndication.com\/pagead\/js\/adsbygoogle.js\"><\/script>\r\n<ins class=\"adsbygoogle\"\r\n     style=\"display:block\"\r\n     data-ad-format=\"fluid\"\r\n     data-ad-layout-key=\"-6t+ed+2i-1n-4w\"\r\n     data-ad-client=\"ca-pub-1959107119989764\"\r\n     data-ad-slot=\"4008251320\"><\/ins>\r\n<script>\r\n     (adsbygoogle = window.adsbygoogle || []).push({});\r\n<\/script><\/div>\n    Ami a reformokat illeti, b\u00e1r t\u00f6rt\u00e9nt n\u00e9mi \u00e1tt\u00f6r\u00e9s az ad\u00f3reform ter\u00e9n, a horv\u00e1t munkaad\u00f3k sz\u00f6vets\u00e9ge (HUP) \u00e9lesen b\u00edr\u00e1lta a vonatkoz\u00f3 t\u00f6rv\u00e9nytervezetet, mert a v\u00e1ltoztat\u00e1sok szerinte annyira apr\u00f3k \u00e9s hat\u00e1stalanok, hogy nem oldj\u00e1k meg a gazdas\u00e1g probl\u00e9m\u00e1it. Nem t\u00f6rt\u00e9nt el\u0151rel\u00e9p\u00e9s ugyanakkor a fels\u0151oktat\u00e1si-, az eg\u00e9szs\u00e9g\u00fcgyi-, a k\u00f6zigazgat\u00e1si- \u00e9s az \u00e1llamreform ter\u00e9n. Szak\u00e9rt\u0151k szerint a demogr\u00e1fiai probl\u00e9m\u00e1k megold\u00e1s\u00e1nak hanyagol\u00e1sa miatt pedig a nyugd\u00edjrendszer, a munka- \u00e9s az eg\u00e9szs\u00e9g\u00fcgyi rendszer \u00f6sszeoml\u00e1sa fenyeget az orsz\u00e1gban.<br \/>\n    Darko Horvat \u00fajonnan kinevezett gazdas\u00e1gi minisztert\u0151l az energetikai szektorban v\u00e1rt \u00e1tt\u00f6r\u00e9st a korm\u00e1ny, de a t\u00e1rcavezet\u0151nek a cs\u0151dk\u00f6zelbe ker\u00fclt haj\u00f3gy\u00e1rakra kellett \u00f6sszpontos\u00edtania. Horv\u00e1torsz\u00e1g m\u00e9g 2012-ben \u00e1llapodott meg az Eur\u00f3pai Bizotts\u00e1ggal a haj\u00f3gy\u00e1rak szan\u00e1l\u00e1s\u00e1r\u00f3l. Br\u00fcsszel azt v\u00e1rta el Horv\u00e1torsz\u00e1gt\u00f3l, hogy hagyjon fel a haj\u00f3gy\u00e1rt\u00e1s versenytorz\u00edt\u00f3 hat\u00e1s\u00fa \u00e1llami t\u00e1mogat\u00e1s\u00e1val. Z\u00e1gr\u00e1b a haj\u00f3gy\u00e1rak t\u00e1mogat\u00e1s\u00e1ra t\u00f6bb t\u00edzmilli\u00e1rd kun\u00e1t k\u00f6lt\u00f6tt eddig, \u00e9s amennyiben cs\u0151dbe jutnak, a hitelgaranci\u00e1k komoly probl\u00e9m\u00e1kat okozhatnak a k\u00f6lts\u00e9gvet\u00e9sben.<br \/>\n    Ebben az \u00e9vben is elmaradtak az INA visszav\u00e1s\u00e1rl\u00e1s\u00e1ra tett er\u0151fesz\u00edt\u00e9sek. A Mol Nyrt. kiv\u00e1s\u00e1rl\u00e1s\u00e1t az INA-b\u00f3l m\u00e9g 2016 december\u00e9ben jelentett be a horv\u00e1t minisztereln\u00f6k. B\u00e1r a korm\u00e1ny id\u00e9n tavasszal d\u00f6nt\u00f6tt a befektet\u00e9si tan\u00e1csad\u00f3r\u00f3l, amelyre m\u00e9g 2017-ben \u00edrt ki p\u00e1ly\u00e1zatot, az \u00e9v v\u00e9g\u00e9ig nem k\u00f6t\u00f6tte meg vele a szerz\u0151d\u00e9st. A Mol-INA-\u00fcgy ez\u00e9rt tov\u00e1bbra is be\u00e1rny\u00e9kolta Horv\u00e1torsz\u00e1g \u00e9s Magyarorsz\u00e1g egy\u00fcttm\u0171k\u00f6d\u00e9s\u00e9t.<br \/>\n    A k\u00e9t orsz\u00e1g kapcsolat\u00e1nak el\u0151mozd\u00edt\u00e1sa \u00e9rdek\u00e9ben Orb\u00e1n Viktor magyar minisztereln\u00f6k h\u00e9t \u00e9v sz\u00fcnet ut\u00e1n decemberben hivatalosan Z\u00e1gr\u00e1bba l\u00e1togatott. A Mol-INA-\u00fcggyel kapcsolatban Orb\u00e1n Viktor azt mondta, Magyarorsz\u00e1g ezt \u00fczleti konfliktusnak tekinti.<br \/>\n    Z\u00e1gr\u00e1b egy m\u00e1sik nagy projektje is megrekedt. A horv\u00e1t korm\u00e1ny \u00e1ltal l\u00e9trehozott LNG Hrvatska v\u00e1llalat \u00e1ltal ki\u00edrt k\u00f6telez\u0151 elj\u00e1r\u00e1s m\u00e1sodik k\u00f6r\u00e9ben sem siker\u00fclt a krki LNG-termin\u00e1l (cseppfoly\u00f3s\u00edtott f\u00f6ldg\u00e1z-termin\u00e1l) kapacit\u00e1sait \u00e9rt\u00e9kes\u00edteni. E n\u00e9lk\u00fcl azonban nem \u00e9p\u00fclhet meg a horv\u00e1t korm\u00e1ny strat\u00e9giai fontoss\u00e1g\u00fa projektje, amelyet az Eur\u00f3pai Uni\u00f3 (EU) valamivel t\u00f6bb mint 100 milli\u00f3 eur\u00f3val t\u00e1mogatott.<br \/>\n    Horv\u00e1torsz\u00e1g komoly er\u0151fesz\u00edt\u00e9seket tett annak \u00e9rdek\u00e9ben is, hogy miel\u0151bb csatlakozhasson a schengeni \u00f6vezethez. Ezen t\u00f6rekv\u00e9seit azonban h\u00e1tr\u00e1ltatj\u00e1k Boszni\u00e1b\u00f3l \u00e9rkez\u0151 az illeg\u00e1lis bev\u00e1ndorl\u00f3k. A bel\u00fcgyminiszt\u00e9rium adatai szerint ebben az \u00e9vben a hat\u00f3s\u00e1gok k\u00f6zel 8 ezer illeg\u00e1lis hat\u00e1rs\u00e9rt\u0151t tart\u00f3ztattak fel. Ugyanennyien azonban Szlov\u00e9ni\u00e1ba is eljutottak Horv\u00e1torsz\u00e1gon kereszt\u00fcl. Ljubljana ez\u00e9rt azzal v\u00e1dolja Z\u00e1gr\u00e1bot, hogy nem v\u00e9di hat\u00e9konyan a boszniai-horv\u00e1t hat\u00e1rt. B\u00e1r Horv\u00e1torsz\u00e1g v\u00e9di az EU leghosszabb k\u00fcls\u0151 hat\u00e1r\u00e1t, sehol nem \u00e1ll\u00edtott fel fizikai akad\u00e1lyt. K\u00fclf\u00f6ldi \u00e9s hazai jogv\u00e9d\u0151 szervezetek ugyanakkor azzal v\u00e1dolj\u00e1k a horv\u00e1t rend\u0151r\u00f6ket, hogy er\u0151szakkal l\u00e9pnek fel a migr\u00e1nsok ellen, hogy elrettents\u00e9k \u0151ket az \u00fajabb illeg\u00e1lis hat\u00e1rs\u00e9rt\u00e9sekt\u0151l. Ezt a hat\u00f3s\u00e1gok mindig k\u00f6vetkezetesen visszautas\u00edtott\u00e1k.<br \/>\n    Z\u00e1gr\u00e1b t\u00e1mogatta az ENSZ glob\u00e1lis migr\u00e1ci\u00f3s csomagj\u00e1t, b\u00e1r a korm\u00e1nyf\u0151 \u00e9s az \u00e1llamf\u0151 ebben sem \u00e9rtett egyet. Plenkovic szerint nem egy olyan nemzetk\u00f6zi szerz\u0151d\u00e9sr\u0151l van sz\u00f3, amely k\u00f6telez\u0151 jelleg\u0171 int\u00e9zked\u00e9sek katal\u00f3gus\u00e1t tartalmazn\u00e1, \u00e9s mint ilyen, Z\u00e1gr\u00e1b sz\u00e1m\u00e1ra elfogadhat\u00f3. M\u00edg Grabar-Kitarovic \u00fagy v\u00e9lte: nincs nemzetk\u00f6zi konszenzus a paktumr\u00f3l, ez\u00e9rt \u0151 nem ment el Marokk\u00f3ba, ahol decemberben elfogadt\u00e1k a dokumentumot.(mti)<\/p>\n","protected":false},"excerpt":{"rendered":"<p>B\u00e1r Andrej Plenkovic horv\u00e1t korm\u00e1nyf\u0151 m\u00e1r az \u00e9v elej\u00e9n beharangozta, hogy Horv\u00e1torsz\u00e1gban a struktur\u00e1lis reformok \u00e9ve k\u00f6vetkezik, amelyek kulcsfontoss\u00e1g\u00faak az eur\u00f3z\u00f3n\u00e1hoz val\u00f3 csatlakoz\u00e1shoz, a bevezet\u00e9s\u00fck nagyr\u00e9szt elmaradt. A kabinetnek a \u00e9get\u0151bb probl\u00e9m\u00e1k megold\u00e1s\u00e1val kellett foglalkoznia a komoly gazdas\u00e1gpolitikai int\u00e9zked\u00e9sek tervez\u00e9se helyett.<\/p>\n","protected":false},"author":1001003,"featured_media":0,"comment_status":"closed","ping_status":"open","sticky":false,"template":"","format":"standard","meta":[],"categories":[12],"tags":[],"_links":{"self":[{"href":"https:\/\/gazdasagportal.hu\/index.php\/wp-json\/wp\/v2\/posts\/112321"}],"collection":[{"href":"https:\/\/gazdasagportal.hu\/index.php\/wp-json\/wp\/v2\/posts"}],"about":[{"href":"https:\/\/gazdasagportal.hu\/index.php\/wp-json\/wp\/v2\/types\/post"}],"author":[{"embeddable":true,"href":"https:\/\/gazdasagportal.hu\/index.php\/wp-json\/wp\/v2\/users\/1001003"}],"replies":[{"embeddable":true,"href":"https:\/\/gazdasagportal.hu\/index.php\/wp-json\/wp\/v2\/comments?post=112321"}],"version-history":[{"count":1,"href":"https:\/\/gazdasagportal.hu\/index.php\/wp-json\/wp\/v2\/posts\/112321\/revisions"}],"predecessor-version":[{"id":112322,"href":"https:\/\/gazdasagportal.hu\/index.php\/wp-json\/wp\/v2\/posts\/112321\/revisions\/112322"}],"wp:attachment":[{"href":"https:\/\/gazdasagportal.hu\/index.php\/wp-json\/wp\/v2\/media?parent=112321"}],"wp:term":[{"taxonomy":"category","embeddable":true,"href":"https:\/\/gazdasagportal.hu\/index.php\/wp-json\/wp\/v2\/categories?post=112321"},{"taxonomy":"post_tag","embeddable":true,"href":"https:\/\/gazdasagportal.hu\/index.php\/wp-json\/wp\/v2\/tags?post=112321"}],"curies":[{"name":"wp","href":"https:\/\/api.w.org\/{rel}","templated":true}]}}