{"id":112313,"date":"2018-12-31T13:03:30","date_gmt":"2018-12-31T12:03:30","guid":{"rendered":"http:\/\/gazdasagportal.hu\/?p=112313"},"modified":"2018-12-31T13:03:30","modified_gmt":"2018-12-31T12:03:30","slug":"az-europai-unio-2019-ben-is-szimbolikus-hadszinter-maradhat","status":"publish","type":"post","link":"https:\/\/gazdasagportal.hu\/index.php\/az-europai-unio-2019-ben-is-szimbolikus-hadszinter-maradhat\/","title":{"rendered":"Az Eur\u00f3pai Uni\u00f3 2019-ben is szimbolikus hadsz\u00ednt\u00e9r maradhat"},"content":{"rendered":"<p><strong>Az Eur\u00f3pai Uni\u00f3 2019-ben is szimbolikus hadsz\u00ednt\u00e9r maradhat, amelyen a r\u00e9gi tag\u00e1llamok megpr\u00f3b\u00e1lj\u00e1k lenyomni, bekebelezni az \u00fajabbakat &#8211; mondta a Sz\u00e1zadv\u00e9g jogi szak\u00e9rt\u0151je h\u00e9tf\u0151n, a Kossuth R\u00e1di\u00f3 reggeli h\u00edrm\u0171sor\u00e1ban.<\/strong><!--more--><\/p>\n<div class=\"ads-in-post1\"><div id=\"gazdasagportal.hu_fullbanner_wideboard\"><\/div>\r\n<\/div>\n<p>    Lomnici Zolt\u00e1n alkotm\u00e1nyjog\u00e1sz a J\u00f3 Reggelt, Magyarorsz\u00e1g! c\u00edm\u0171 ad\u00e1sban rem\u00e9ny\u00e9t fejezte ki, hogy a j\u00f6v\u0151 m\u00e1jusi EP-voksol\u00e1son megsz\u0171nik az a lend\u00fclet, amelyben a nyugati tag\u00e1llamok pr\u00f3b\u00e1lj\u00e1k b\u00fcntetni azokat az \u00faj tag\u00e1llamokat, amelyek nem folytatnak teljesen szervilis politik\u00e1t.<br \/>\n<div class=\"ads-in-post2\"><script async src=\"https:\/\/pagead2.googlesyndication.com\/pagead\/js\/adsbygoogle.js\"><\/script>\r\n<ins class=\"adsbygoogle\"\r\n     style=\"display:block\"\r\n     data-ad-format=\"fluid\"\r\n     data-ad-layout-key=\"-6t+ed+2i-1n-4w\"\r\n     data-ad-client=\"ca-pub-1959107119989764\"\r\n     data-ad-slot=\"4008251320\"><\/ins>\r\n<script>\r\n     (adsbygoogle = window.adsbygoogle || []).push({});\r\n<\/script><\/div>\n    Kiemelte, minden jogi \u00e9s alkotm\u00e1nyos felt\u00e9tel adott lehetne, hogy az uni\u00f3 megdics\u00e9rje Magyarorsz\u00e1got, ehhez k\u00e9pest a szankci\u00f3kr\u00f3l sz\u00f3lt a 2018-as \u00e9v. A Sz\u00e1zadv\u00e9g munkat\u00e1rsa szerint ennek h\u00e1tter\u00e9ben az \u00e1ll, hogy Magyarorsz\u00e1g &#8211; Lengyelorsz\u00e1ghoz hasonl\u00f3an &#8211; ny\u00edltan szembesz\u00e1llt az uni\u00f3s migr\u00e1ci\u00f3s politik\u00e1val.(MTI)<\/p>\n","protected":false},"excerpt":{"rendered":"<p>Az Eur\u00f3pai Uni\u00f3 2019-ben is szimbolikus hadsz\u00ednt\u00e9r maradhat, amelyen a r\u00e9gi tag\u00e1llamok megpr\u00f3b\u00e1lj\u00e1k lenyomni, bekebelezni az \u00fajabbakat &#8211; mondta a Sz\u00e1zadv\u00e9g jogi szak\u00e9rt\u0151je h\u00e9tf\u0151n, a Kossuth R\u00e1di\u00f3 reggeli h\u00edrm\u0171sor\u00e1ban.<\/p>\n","protected":false},"author":1001003,"featured_media":0,"comment_status":"closed","ping_status":"open","sticky":false,"template":"","format":"standard","meta":[],"categories":[12,246],"tags":[],"_links":{"self":[{"href":"https:\/\/gazdasagportal.hu\/index.php\/wp-json\/wp\/v2\/posts\/112313"}],"collection":[{"href":"https:\/\/gazdasagportal.hu\/index.php\/wp-json\/wp\/v2\/posts"}],"about":[{"href":"https:\/\/gazdasagportal.hu\/index.php\/wp-json\/wp\/v2\/types\/post"}],"author":[{"embeddable":true,"href":"https:\/\/gazdasagportal.hu\/index.php\/wp-json\/wp\/v2\/users\/1001003"}],"replies":[{"embeddable":true,"href":"https:\/\/gazdasagportal.hu\/index.php\/wp-json\/wp\/v2\/comments?post=112313"}],"version-history":[{"count":1,"href":"https:\/\/gazdasagportal.hu\/index.php\/wp-json\/wp\/v2\/posts\/112313\/revisions"}],"predecessor-version":[{"id":112314,"href":"https:\/\/gazdasagportal.hu\/index.php\/wp-json\/wp\/v2\/posts\/112313\/revisions\/112314"}],"wp:attachment":[{"href":"https:\/\/gazdasagportal.hu\/index.php\/wp-json\/wp\/v2\/media?parent=112313"}],"wp:term":[{"taxonomy":"category","embeddable":true,"href":"https:\/\/gazdasagportal.hu\/index.php\/wp-json\/wp\/v2\/categories?post=112313"},{"taxonomy":"post_tag","embeddable":true,"href":"https:\/\/gazdasagportal.hu\/index.php\/wp-json\/wp\/v2\/tags?post=112313"}],"curies":[{"name":"wp","href":"https:\/\/api.w.org\/{rel}","templated":true}]}}