{"id":112305,"date":"2018-12-31T10:02:37","date_gmt":"2018-12-31T09:02:37","guid":{"rendered":"http:\/\/gazdasagportal.hu\/?p=112305"},"modified":"2018-12-31T10:02:37","modified_gmt":"2018-12-31T09:02:37","slug":"hadiallapot-bevezetese-a-moszkvaval-valo-konfliktus-tovabbi-melyulese-jellemezte-ukrajna-eltelt-egy-evet","status":"publish","type":"post","link":"https:\/\/gazdasagportal.hu\/index.php\/hadiallapot-bevezetese-a-moszkvaval-valo-konfliktus-tovabbi-melyulese-jellemezte-ukrajna-eltelt-egy-evet\/","title":{"rendered":"Hadi\u00e1llapot bevezet\u00e9se, a Moszkv\u00e1val val\u00f3 konfliktus tov\u00e1bbi m\u00e9ly\u00fcl\u00e9se jellemezte Ukrajna eltelt egy \u00e9v\u00e9t"},"content":{"rendered":"<p><strong>Tov\u00e1bb m\u00e9ly\u00fclt az id\u00e9n Kijev \u00e9s Moszkva konfliktusa, s a szemben\u00e1ll\u00e1s ahhoz vezetett, hogy az esztend\u0151 v\u00e9g\u00e9n Ukrajna t\u00f6rt\u00e9nelm\u00e9ben el\u0151sz\u00f6r id\u00e9n r\u00e9szleges hadi\u00e1llapotot vezetett be az orsz\u00e1g t\u00edz megy\u00e9j\u00e9ben, harminc napra, december 26-ig.<\/strong><!--more--><\/p>\n<div class=\"ads-in-post1\"><div id=\"gazdasagportal.hu_fullbanner_wideboard\"><\/div>\r\n<\/div>\n<p>    A hadi\u00e1llapot bevezet\u00e9s\u00e9nek el\u0151zm\u00e9nye az volt, hogy a Kercsi-szoros k\u00f6zel\u00e9ben az orosz parti \u0151rs\u00e9g november 25-\u00e9n t\u00fczet nyitott h\u00e1rom ukr\u00e1n hadihaj\u00f3ra, amelyeket elfoglalt, a haditenger\u00e9szeket pedig fogs\u00e1gba ejtette, majd tiltott hat\u00e1r\u00e1tl\u00e9p\u00e9s c\u00edm\u00e9n elj\u00e1r\u00e1st ind\u00edtott ellen\u00fck. Kijev szerint Oroszorsz\u00e1g megs\u00e9rtette a haj\u00f3z\u00e1sr\u00f3l sz\u00f3l\u00f3 nemzetk\u00f6zi \u00e9s k\u00e9toldal\u00fa egyezm\u00e9nyeket. A haj\u00f3kat \u00e9rt t\u00e1mad\u00e1st ny\u00edlt katonai agresszi\u00f3nak min\u0151s\u00edtette, \u00e9s a haditenger\u00e9szek elenged\u00e9s\u00e9t, a haj\u00f3k visszaszolg\u00e1ltat\u00e1s\u00e1t k\u00f6vetelte.<br \/>\n    A Kercsi-szorosn\u00e1l t\u00f6rt\u00e9nt incidens sem volt el\u0151zm\u00e9nyek n\u00e9lk\u00fcli. Az ukr\u00e1n f\u00e9l m\u00e1r ny\u00e1r \u00f3ta folyamatosan jelezte, hogy a Kercsi-szoroson kereszt\u00fcl a Kr\u00edm-f\u00e9lszigetet az orosz sz\u00e1razf\u00f6lddel \u00f6sszek\u00f6t\u0151 h\u00edd \u00e1tad\u00e1sa \u00f3ta az orosz f\u00e9l jogellenesen rendszeresen akad\u00e1lyozza a kereskedelmi haj\u00f3k\u00f6zleked\u00e9st, komoly k\u00e1rt okozva ezzel az ukr\u00e1n gazdas\u00e1gnak. A hadi\u00e1llapot sz\u00fcks\u00e9gess\u00e9g\u00e9t a kijevi vezet\u00e9s azzal indokolta, hogy Oroszorsz\u00e1g a Kr\u00edm f\u00e9lszigeten \u00e9s Ukrajna hat\u00e1rai ment\u00e9n indokolatlanul nagy mennyis\u00e9g\u0171 hadi eszk\u00f6zt \u00e1llom\u00e1soztat. Petro Porosenko eln\u00f6k \u00fagy oldotta fel a hadi\u00e1llapotot, hogy szerinte Oroszorsz\u00e1g r\u00e9sz\u00e9r\u0151l a katonai fenyeget\u00e9s nem m\u00falt el, de a k\u00f6zelg\u0151 eln\u00f6kv\u00e1laszt\u00e1sokra val\u00f3 tekintettel jobbnak l\u00e1tta nem meghosszabb\u00edtani.<br \/>\n<div class=\"ads-in-post2\"><script async src=\"https:\/\/pagead2.googlesyndication.com\/pagead\/js\/adsbygoogle.js\"><\/script>\r\n<ins class=\"adsbygoogle\"\r\n     style=\"display:block\"\r\n     data-ad-format=\"fluid\"\r\n     data-ad-layout-key=\"-6t+ed+2i-1n-4w\"\r\n     data-ad-client=\"ca-pub-1959107119989764\"\r\n     data-ad-slot=\"4008251320\"><\/ins>\r\n<script>\r\n     (adsbygoogle = window.adsbygoogle || []).push({});\r\n<\/script><\/div>\n    Kijev egy\u00e9bk\u00e9nt m\u00e1r az \u00e9v elej\u00e9t\u0151l hat\u00e1rozottabb politik\u00e1ra v\u00e1ltott Moszkv\u00e1val szemben. Febru\u00e1rban \u00e9letbe l\u00e9pett a Donyec-medence Ukrajn\u00e1ba t\u00f6rt\u00e9n\u0151 visszaintegr\u00e1l\u00e1s\u00e1r\u00f3l sz\u00f3l\u00f3 t\u00f6rv\u00e9ny, amely Oroszorsz\u00e1got agresszor \u00e1llamnak, a szakad\u00e1r ellen\u0151rz\u00e9s alatti telep\u00fcl\u00e9seket pedig ideiglenesen megsz\u00e1llt ter\u00fcleteknek min\u0151s\u00edtette. A jogszab\u00e1ly alapj\u00e1n az addig terrorellenesnek nevezett bel\u00fcgyi m\u0171velet katonaiv\u00e1 alakult \u00e1t. M\u00e1jusban Ukrajna \u00fagy d\u00f6nt\u00f6tt, hogy az Oroszorsz\u00e1gt\u00f3l val\u00f3 t\u00e1volod\u00e1s jegy\u00e9ben visszah\u00edvja k\u00e9pvisel\u0151it a F\u00fcggetlen \u00c1llamok K\u00f6z\u00f6ss\u00e9g\u00e9nek (F\u00c1K) koordin\u00e1ci\u00f3s test\u00fcleteib\u0151l, decemberben pedig az ukr\u00e1n parlament megszavazta az ukr\u00e1n-orosz bar\u00e1ts\u00e1gi szerz\u0151d\u00e9s felmond\u00e1s\u00e1t.<br \/>\n    Ezzel p\u00e1rhuzamosan elindult az ukr\u00e1n ortodox egyh\u00e1z egyes\u00edt\u00e9se \u00e9s egyben f\u00fcggetlen\u00edt\u00e9se is Moszkv\u00e1t\u00f3l. Porosenko \u00e1prilisban fordult I. Bartolomaiosz konstantin\u00e1polyi \u00f6kumenikus p\u00e1tri\u00e1rk\u00e1hoz azzal a k\u00e9r\u00e9ssel, hogy adjon \u00f6n\u00e1ll\u00f3s\u00e1got az akkor m\u00e9g az orosz ortodox egyh\u00e1z joghat\u00f3s\u00e1ga al\u00e1 tartoz\u00f3 &#8211; r\u00e1ad\u00e1sul megosztott &#8211; ukr\u00e1n ortodox egyh\u00e1znak. Konstantin\u00e1poly visszavette Moszkv\u00e1t\u00f3l joghat\u00f3s\u00e1g\u00e1t az ukr\u00e1n ortodox egyh\u00e1z f\u00f6l\u00f6tt, okt\u00f3ber elej\u00e9n \u00fagy d\u00f6nt\u00f6tt, hogy amint l\u00e9trej\u00f6n az egyes\u00edtett ukr\u00e1n ortodox egyh\u00e1z, az \u00f6kumenikus p\u00e1tri\u00e1rka megadja az \u00faj egyh\u00e1zvezet\u0151nek az \u00f6n\u00e1ll\u00f3s\u00e1gr\u00f3l sz\u00f3l\u00f3 iratot.<br \/>\n    December 15-\u00e9n Kijevben megtartott\u00e1k az egyh\u00e1zegyes\u00edt\u0151 gy\u0171l\u00e9st, amelyen a Moszkva \u00e1ltal szakad\u00e1rnak tartott kijevi patriark\u00e1tus egyik papj\u00e1t, Jepifanyij metropolit\u00e1t v\u00e1lasztott\u00e1k meg az \u00faj egys\u00e9ges \u00e9s Moszkv\u00e1t\u00f3l f\u00fcggetlen ukr\u00e1n ortodox egyh\u00e1z \u00e9l\u00e9re. A Moszkv\u00e1hoz h\u0171 maradt ukr\u00e1n ortodox egyh\u00e1zi szervezet p\u00fcsp\u00f6kei &#8211; k\u00e9t metropolita kiv\u00e9tel\u00e9vel &#8211; t\u00e1vol maradtak a gy\u0171l\u00e9st\u0151l, \u00e9s kijelentett\u00e9k, hogy nem ismerik el legitimnek az \u00faj egyh\u00e1zat.<br \/>\n    Mindez Porosenko h\u00e1romszavas, &#8222;hadsereg, nyelv, hit&#8221; kamp\u00e1nyszlogenj\u00e9be illeszkedik, amit a j\u00f6v\u0151 m\u00e1rciusban esed\u00e9kes eln\u00f6kv\u00e1laszt\u00e1sok el\u0151tt m\u00e1r id\u00e9n elkezdett \u00f3ri\u00e1splak\u00e1tokon hirdetni.<br \/>\n    Ami a harmadikat, a nyelvet illeti, az alkotm\u00e1nyb\u00edr\u00f3s\u00e1g \u00e9rv\u00e9nytelen\u00edtette a kisebbs\u00e9gi nyelveknek region\u00e1lis st\u00e1tust biztos\u00edt\u00f3 2012-es nyelvt\u00f6rv\u00e9nyt. A t\u00f6rv\u00e9nyhoz\u00e1s els\u0151 olvasatban elfogadott viszont egy \u00faj jogszab\u00e1lyt, amely el\u0151\u00edrja az ukr\u00e1n nyelv haszn\u00e1lat\u00e1t a mag\u00e1nbesz\u00e9lget\u00e9seken k\u00edv\u00fcl az \u00e9let minden szf\u00e9r\u00e1j\u00e1ban. Ez ut\u00f3bbi miatt felvet\u0151d\u00f6tt az az agg\u00e1ly, hogy az ukr\u00e1n nyelv v\u00e9delm\u00e9t Kijev a kisebbs\u00e9gi nyelvek, \u00edgy a magyar rov\u00e1s\u00e1ra k\u00edv\u00e1nja biztos\u00edtani. Ezt az aggodalmat a magyar korm\u00e1ny t\u00f6bb \u00edzben jelezte is Kijevnek.<br \/>\n    A magyar-ukr\u00e1n diplom\u00e1ciai viszonyt a 2017-ben elfogadott ukr\u00e1n oktat\u00e1si t\u00f6rv\u00e9ny ut\u00e1n 2018-ban a kett\u0151s \u00e1llampolg\u00e1rs\u00e1g miatti vita terhelte meg. Szeptemberben kisziv\u00e1rogtattak Ukrajn\u00e1ban egy rejtett kamer\u00e1val k\u00e9sz\u00edtett felv\u00e9telt, amelyen ukr\u00e1n \u00e1llampolg\u00e1rok magyar \u00e1llampolg\u00e1rs\u00e1gi esk\u00fct tesznek, \u00e9s magyar \u00fatlevelet kapnak a beregsz\u00e1szi magyar konzul\u00e1tuson. Pavlo Klimkin k\u00fcl\u00fcgyminiszter kijelentette, hogy a magyar konzul\u00e1tus alkalmazottai ezzel megs\u00e9rtett\u00e9k Ukrajna t\u00f6rv\u00e9nyeit \u00e9s a konzuli kapcsolatokr\u00f3l sz\u00f3l\u00f3 b\u00e9csi egyezm\u00e9nyt, ez\u00e9rt Kijev okt\u00f3ber elej\u00e9n kiutas\u00edtott egy magyar konzult. Budapest ezzel szemben viszont arra az \u00e1ll\u00e1spontra helyezkedett, hogy a konzul\u00e1tus nem s\u00e9rtette meg sem a magyar, sem az ukr\u00e1n, sem a nemzetk\u00f6zi jogszab\u00e1lyokat, ez\u00e9rt v\u00e1laszl\u00e9p\u00e9sk\u00e9nt szint\u00e9n kiutas\u00edtott egy ukr\u00e1n konzult Magyarorsz\u00e1gr\u00f3l.<br \/>\n    A diplom\u00e1ciai fesz\u00fclts\u00e9g okt\u00f3ber v\u00e9g\u00e9n enyh\u00fclt azut\u00e1n, hogy Budapest megv\u00e1ltoztatta a K\u00e1rp\u00e1talja fejleszt\u00e9s\u00e9\u00e9rt felel\u0151s biztosi tiszts\u00e9g Kijev \u00e1ltal kifog\u00e1solt megnevez\u00e9s\u00e9t, Kijev pedig j\u00f3v\u00e1hagyta az \u00faj ukrajnai magyar nagyk\u00f6vet, \u00cdjgy\u00e1rt\u00f3 Istv\u00e1n szem\u00e9ly\u00e9t.<br \/>\n    A kercsi incidens ut\u00e1n, a NATO-tagorsz\u00e1gok k\u00fcl\u00fcgyminisztereinek br\u00fcsszeli december eleji \u00fcl\u00e9s\u00e9n Szijj\u00e1rt\u00f3 P\u00e9ter k\u00fcl\u00fcgyminiszter magyar \u00fajs\u00e1g\u00edr\u00f3knak nyilatkozva azt mondta, hogy Magyarorsz\u00e1g ki\u00e1ll Ukrajna ter\u00fcleti egys\u00e9ge \u00e9s \u00f6n\u00e1ll\u00f3s\u00e1ga mellett, de am\u00edg Ukrajna nem hagy fel a k\u00e1rp\u00e1taljai magyar k\u00f6z\u00f6ss\u00e9g jogainak &#8222;szisztematikus csorb\u00edt\u00e1s\u00e1val&#8221;, addig Magyarorsz\u00e1g tov\u00e1bbra is v\u00e9t\u00f3zni fogja a NATO-Ukrajna Bizotts\u00e1g \u00fcl\u00e9seinek megrendez\u00e9s\u00e9t.(MTI)<\/p>\n","protected":false},"excerpt":{"rendered":"<p>Tov\u00e1bb m\u00e9ly\u00fclt az id\u00e9n Kijev \u00e9s Moszkva konfliktusa, s a szemben\u00e1ll\u00e1s ahhoz vezetett, hogy az esztend\u0151 v\u00e9g\u00e9n Ukrajna t\u00f6rt\u00e9nelm\u00e9ben el\u0151sz\u00f6r id\u00e9n r\u00e9szleges hadi\u00e1llapotot vezetett be az orsz\u00e1g t\u00edz megy\u00e9j\u00e9ben, harminc napra, december 26-ig.<\/p>\n","protected":false},"author":1001003,"featured_media":0,"comment_status":"closed","ping_status":"open","sticky":false,"template":"","format":"standard","meta":[],"categories":[12],"tags":[],"_links":{"self":[{"href":"https:\/\/gazdasagportal.hu\/index.php\/wp-json\/wp\/v2\/posts\/112305"}],"collection":[{"href":"https:\/\/gazdasagportal.hu\/index.php\/wp-json\/wp\/v2\/posts"}],"about":[{"href":"https:\/\/gazdasagportal.hu\/index.php\/wp-json\/wp\/v2\/types\/post"}],"author":[{"embeddable":true,"href":"https:\/\/gazdasagportal.hu\/index.php\/wp-json\/wp\/v2\/users\/1001003"}],"replies":[{"embeddable":true,"href":"https:\/\/gazdasagportal.hu\/index.php\/wp-json\/wp\/v2\/comments?post=112305"}],"version-history":[{"count":1,"href":"https:\/\/gazdasagportal.hu\/index.php\/wp-json\/wp\/v2\/posts\/112305\/revisions"}],"predecessor-version":[{"id":112306,"href":"https:\/\/gazdasagportal.hu\/index.php\/wp-json\/wp\/v2\/posts\/112305\/revisions\/112306"}],"wp:attachment":[{"href":"https:\/\/gazdasagportal.hu\/index.php\/wp-json\/wp\/v2\/media?parent=112305"}],"wp:term":[{"taxonomy":"category","embeddable":true,"href":"https:\/\/gazdasagportal.hu\/index.php\/wp-json\/wp\/v2\/categories?post=112305"},{"taxonomy":"post_tag","embeddable":true,"href":"https:\/\/gazdasagportal.hu\/index.php\/wp-json\/wp\/v2\/tags?post=112305"}],"curies":[{"name":"wp","href":"https:\/\/api.w.org\/{rel}","templated":true}]}}