{"id":112295,"date":"2018-12-31T04:34:26","date_gmt":"2018-12-31T03:34:26","guid":{"rendered":"http:\/\/gazdasagportal.hu\/?p=112295"},"modified":"2018-12-30T17:54:30","modified_gmt":"2018-12-30T16:54:30","slug":"rendkivuli-ovintezkedesek-a-nok-elleni-zaklatasok-es-terrorveszely-ellen-nemetorszagban","status":"publish","type":"post","link":"https:\/\/gazdasagportal.hu\/index.php\/rendkivuli-ovintezkedesek-a-nok-elleni-zaklatasok-es-terrorveszely-ellen-nemetorszagban\/","title":{"rendered":"Rendk\u00edv\u00fcli \u00f3vint\u00e9zked\u00e9sek a n\u0151k elleni zaklat\u00e1sok \u00e9s terrorvesz\u00e9ly ellen N\u00e9metorsz\u00e1gban"},"content":{"rendered":"<p><strong>Ism\u00e9t rendk\u00edv\u00fcli \u00f3vint\u00e9zked\u00e9seket vezetnek be a n\u00e9met nagyv\u00e1rosokban szilveszterkor a terrorvesz\u00e9ly miatt, \u00e9s a n\u0151k elleni zaklat\u00e1sok megakad\u00e1lyoz\u00e1s\u00e1ra.<\/strong><!--more--><\/p>\n<div class=\"ads-in-post1\"><div id=\"gazdasagportal.hu_fullbanner_wideboard\"><\/div>\r\n<\/div>\n<p>    &#8222;Sz\u00e1z sz\u00e1zal\u00e9kos biztons\u00e1g nem l\u00e9tezik&#8221;, de az \u00c9szak-Rajna-Vesztf\u00e1lia tartom\u00e1nyi rend\u0151rs\u00e9g mindent megtesz az\u00e9rt, hogy ne forduljon el\u0151 m\u00e9g egyszer olyasmi, mint 2015 szilveszter\u00e9n K\u00f6lnben &#8211; nyilatkozott Herbert Reul tartom\u00e1nyi bel\u00fcgyminiszter, felid\u00e9zve, hogy a Rajna-parti nagyv\u00e1rosban h\u00e1rom \u00e9ve szilveszterkor t\u00f6megesen zaklattak n\u0151ket f\u00e9kevesztett f\u00e9rfiak, t\u00f6bbnyire \u00e9szak-afrikai mened\u00e9kk\u00e9r\u0151k.<br \/>\n    A tartom\u00e1ny eg\u00e9sz\u00e9ben szilveszter \u00e9jjel 5500 rend\u0151r teljes\u00edt majd szolg\u00e1latot, ami t\u00f6bb mint a dupl\u00e1ja az \u00e9jszakai m\u0171szakban \u00e9v k\u00f6zben szok\u00e1sos 2200 f\u0151nek. K\u00f6ln belv\u00e1ros\u00e1ban \u00e9s D\u00fcsseldorfban, ahol sz\u00e1mos m\u00e1s n\u00e9metorsz\u00e1gi nagyv\u00e1roshoz hasonl\u00f3an szint\u00e9n nagy sz\u00e1mban t\u00f6rt\u00e9ntek zaklat\u00e1sok h\u00e1rom \u00e9ve, sok rend\u0151rn\u0151 dolgozik majd, n\u00e1luk lehet megtenni a szexu\u00e1lis b\u0171ncselekm\u00e9nyekkel kapcsolatos feljelent\u00e9seket.<br \/>\n<div class=\"ads-in-post2\"><script async src=\"https:\/\/pagead2.googlesyndication.com\/pagead\/js\/adsbygoogle.js\"><\/script>\r\n<ins class=\"adsbygoogle\"\r\n     style=\"display:block\"\r\n     data-ad-format=\"fluid\"\r\n     data-ad-layout-key=\"-6t+ed+2i-1n-4w\"\r\n     data-ad-client=\"ca-pub-1959107119989764\"\r\n     data-ad-slot=\"4008251320\"><\/ins>\r\n<script>\r\n     (adsbygoogle = window.adsbygoogle || []).push({});\r\n<\/script><\/div>\n    A 2015-\u00f6s tapasztalatok alapj\u00e1n legink\u00e1bb vesz\u00e9lyes ter\u00fcleteket kivil\u00e1g\u00edtj\u00e1k, hogy elej\u00e9t vegy\u00e9k a b\u0171ncselekm\u00e9nyeknek. \u00cdgy er\u0151s f\u00e9nnyel vil\u00e1g\u00edtj\u00e1k meg p\u00e9ld\u00e1ul a k\u00f6lni d\u00f3m el\u0151tti teret, D\u00fcsseldorfban pedig a Rajna-parti Burgplatzot.<br \/>\n    A biztons\u00e1g er\u0151s\u00edt\u00e9s\u00e9t szolg\u00e1lja a t\u0171zij\u00e1t\u00e9kok haszn\u00e1lat\u00e1nak korl\u00e1toz\u00e1sa is, ami egyre t\u00f6bb n\u00e9met nagyv\u00e1rosra jellemz\u0151. Azonban a pirotechnikai eszk\u00f6z\u00f6k lakoss\u00e1gi haszn\u00e1lat\u00e1r\u00f3l szilveszter k\u00f6r\u00fcl \u00e9vr\u0151l \u00e9vre \u00fajraindul\u00f3 vit\u00e1ban az id\u00e9n az eg\u00e9szs\u00e9g v\u00e9delme a legink\u00e1bb meghat\u00e1roz\u00f3 elem. A sz\u00f6vets\u00e9gi k\u00f6rnyezetv\u00e9delmi hivatal (UBA) ugyanis kimutatta, hogy a szilveszteri t\u0171zij\u00e1t\u00e9kok r\u00e9v\u00e9n egyetlen \u00e9jszaka alatt 4500 tonna sz\u00e1ll\u00f3 por ker\u00fcl a l\u00e9gt\u00e9rbe, ami a k\u00f6z\u00fati k\u00f6zleked\u00e9s miatt eg\u00e9sz \u00e9vben keletkez\u0151 l\u00e9gszennyez\u00e9s 15,5 sz\u00e1zal\u00e9k\u00e1nak felel meg.<br \/>\n    A sz\u00e1ll\u00f3por-koncentr\u00e1ci\u00f3 \u00edgy sz\u00e1mos n\u00e9metorsz\u00e1gi telep\u00fcl\u00e9sen janu\u00e1r 1-j\u00e9n a legmagasabb eg\u00e9sz \u00e9vben, az \u00faj\u00e9v els\u0151 \u00f3r\u00e1iban ak\u00e1r a l\u00e9gk\u00f6bm\u00e9terenk\u00e9nt 2000 mikrogrammot is el\u00e9rheti, ami a sz\u00e1zszorosa a 20 mikrogrammos \u00e1tlagnak, \u00e9s er\u0151sen eg\u00e9szs\u00e9gk\u00e1ros\u00edt\u00f3.<br \/>\n    Ez\u00e9rt egyre t\u00f6bb t\u00e1rsadalmi szervezet \u00e9s politikus s\u00fcrgeti a t\u0171zij\u00e1t\u00e9kok haszn\u00e1lat\u00e1nak nagym\u00e9rt\u00e9k\u0171 korl\u00e1toz\u00e1s\u00e1t, vagy teljes k\u00f6r\u0171 tilt\u00e1s\u00e1t. A rendv\u00e9delmi dolgoz\u00f3k \u00e9rdekk\u00e9pviseletei szerint viszont a teljes tilt\u00e1snak nem lenne \u00e9rtelme, mert nincs annyi rend\u0151r, amennyi a szab\u00e1ly betartat\u00e1s\u00e1hoz kellene. Azonban m\u00e1r most sem lehet minden\u00fctt t\u0171zij\u00e1t\u00e9kokat haszn\u00e1lni szilveszterkor. Biztons\u00e1gi okokb\u00f3l csaknem valamennyi nagyobb v\u00e1ros k\u00f6zpontj\u00e1ban korl\u00e1tozz\u00e1k vagy tiltj\u00e1k az ilyen eszk\u00f6z\u00f6k haszn\u00e1lat\u00e1t.<br \/>\n    A terrorvesz\u00e9ly kezel\u00e9se is kiemelt hat\u00f3s\u00e1gi feladat a n\u00e9met nagyv\u00e1rosokban. A szabadt\u00e9ri rendezv\u00e9nyek biztons\u00e1g\u00e1r\u00f3l minden\u00fctt nagy er\u0151kkel igyekeznek gondoskodni. A rendezv\u00e9nyek ter\u00fclet\u00e9t kordonokkal veszik k\u00f6r\u00fcl, a szigor\u00faan ellen\u0151rz\u00f6tt bej\u00e1ratokn\u00e1l pedig beton terel\u0151 elemeket helyeznek el a teheraut\u00f3s, kamionos t\u00e1mad\u00e1sok elh\u00e1r\u00edt\u00e1s\u00e1ra.<br \/>\n    A legnagyobb szab\u00e1s\u00fa k\u00e9sz\u00fclts\u00e9g az id\u00e9n is Berlinben lesz. A v\u00e1ros k\u00f6zpontj\u00e1t \u00e1tszel\u0151 J\u00fanius 17. sug\u00e1r\u00fatnak a Brandenburgi kapun\u00e1l h\u00faz\u00f3d\u00f3 szakasz\u00e1n 24. alkalommal rendeznek \u00e9vb\u00facs\u00faztat\u00f3t, amelyen v\u00e1rhat\u00f3an ism\u00e9t sz\u00e1zezres nagys\u00e1grend\u0171 t\u00f6meg vesz r\u00e9szt. A biztons\u00e1gi el\u0151\u00edr\u00e1sokat m\u00e1r a 2015. novemberi p\u00e1rizsi terrormer\u00e9nylet ut\u00e1n szigor\u00edtott\u00e1k. Palackot, eserny\u0151t, vesz\u00e9lyes eszk\u00f6z\u00f6ket kor\u00e1bban sem engedtek be, 2015 \u00f3ta pedig nagyobb t\u00e1sk\u00e1val, h\u00e1tizs\u00e1kkal, kofferrel sem lehet bemenni.<br \/>\n    A berlini rend\u0151rs\u00e9g az id\u00e9n sem nem k\u00f6z\u00f6lte el\u0151re, hogy mekkora er\u0151vel biztos\u00edtj\u00e1k a rendezv\u00e9nyt. Tavaly t\u00f6bb sz\u00e1z rend\u0151r \u00e9s egy mag\u00e1n biztons\u00e1gi szolg\u00e1lat 500 munkat\u00e1rsa vigy\u00e1zott a szilveszterez\u0151kre, a bej\u00e1ratokhoz vezet\u0151 utc\u00e1kat p\u00e1nc\u00e9lozott j\u00e1rm\u0171vekkel z\u00e1rt\u00e1k le, \u00e9s a t\u00f6megben g\u00e9pkarab\u00e9llyal felszerelt rend\u0151r\u00f6k mozogtak.<br \/>\n    A biztons\u00e1gi szervek adatai szerint nem tudni el\u0151k\u00e9sz\u00fcletben l\u00e9v\u0151 terrort\u00e1mad\u00e1sr\u00f3l, de az &#8222;absztrakt&#8221; &#8211; elm\u00e9leti &#8211; terrorvesz\u00e9ly tov\u00e1bbra is nagy, vagyis b\u00e1rmikor \u00e9s b\u00e1rhol t\u00f6rt\u00e9nhet terrorcselekm\u00e9ny N\u00e9metorsz\u00e1gban.(MTI)<\/p>\n","protected":false},"excerpt":{"rendered":"<p>Ism\u00e9t rendk\u00edv\u00fcli \u00f3vint\u00e9zked\u00e9seket vezetnek be a n\u00e9met nagyv\u00e1rosokban szilveszterkor a terrorvesz\u00e9ly miatt, \u00e9s a n\u0151k elleni zaklat\u00e1sok megakad\u00e1lyoz\u00e1s\u00e1ra.<\/p>\n","protected":false},"author":1001003,"featured_media":0,"comment_status":"closed","ping_status":"open","sticky":false,"template":"","format":"standard","meta":[],"categories":[12],"tags":[],"_links":{"self":[{"href":"https:\/\/gazdasagportal.hu\/index.php\/wp-json\/wp\/v2\/posts\/112295"}],"collection":[{"href":"https:\/\/gazdasagportal.hu\/index.php\/wp-json\/wp\/v2\/posts"}],"about":[{"href":"https:\/\/gazdasagportal.hu\/index.php\/wp-json\/wp\/v2\/types\/post"}],"author":[{"embeddable":true,"href":"https:\/\/gazdasagportal.hu\/index.php\/wp-json\/wp\/v2\/users\/1001003"}],"replies":[{"embeddable":true,"href":"https:\/\/gazdasagportal.hu\/index.php\/wp-json\/wp\/v2\/comments?post=112295"}],"version-history":[{"count":1,"href":"https:\/\/gazdasagportal.hu\/index.php\/wp-json\/wp\/v2\/posts\/112295\/revisions"}],"predecessor-version":[{"id":112296,"href":"https:\/\/gazdasagportal.hu\/index.php\/wp-json\/wp\/v2\/posts\/112295\/revisions\/112296"}],"wp:attachment":[{"href":"https:\/\/gazdasagportal.hu\/index.php\/wp-json\/wp\/v2\/media?parent=112295"}],"wp:term":[{"taxonomy":"category","embeddable":true,"href":"https:\/\/gazdasagportal.hu\/index.php\/wp-json\/wp\/v2\/categories?post=112295"},{"taxonomy":"post_tag","embeddable":true,"href":"https:\/\/gazdasagportal.hu\/index.php\/wp-json\/wp\/v2\/tags?post=112295"}],"curies":[{"name":"wp","href":"https:\/\/api.w.org\/{rel}","templated":true}]}}