{"id":112289,"date":"2018-12-30T16:16:07","date_gmt":"2018-12-30T15:16:07","guid":{"rendered":"http:\/\/gazdasagportal.hu\/?p=112289"},"modified":"2018-12-30T10:17:07","modified_gmt":"2018-12-30T09:17:07","slug":"evertekelo-iran-a-gazdasagi-szankciok-es-a-nemzetkozi-elszigetelodes-eve","status":"publish","type":"post","link":"https:\/\/gazdasagportal.hu\/index.php\/evertekelo-iran-a-gazdasagi-szankciok-es-a-nemzetkozi-elszigetelodes-eve\/","title":{"rendered":"\u00c9v\u00e9rt\u00e9kel\u0151 &#8211; Ir\u00e1n &#8211; A gazdas\u00e1gi szankci\u00f3k \u00e9s a nemzetk\u00f6zi elszigetel\u0151d\u00e9s \u00e9ve"},"content":{"rendered":"<p><strong>Neh\u00e9z \u00e9v volt a 2018-as az Ir\u00e1ni Iszl\u00e1m K\u00f6zt\u00e1rsas\u00e1g sz\u00e1m\u00e1ra, nagyr\u00e9szt a Washingtonnal ki\u00fajult fesz\u00fclts\u00e9gek miatt. Az Egyes\u00fclt \u00c1llamok id\u00e9n m\u00e1jus elej\u00e9n felmondta a 2015-\u00f6s atomalkut, \u00e9s vissza\u00e1ll\u00edtotta a felf\u00fcggesztett szankci\u00f3kat az orsz\u00e1ggal szemben. A t\u00fcntet\u00e9sek, amelyek az \u00e1remelked\u00e9sek miatt m\u00e1r m\u00e1jus el\u0151tt megkezd\u0151dtek, a gazdas\u00e1g tov\u00e1bbi gyeng\u00fcl\u00e9se miatt az \u00e9v m\u00e1sodik fel\u00e9ben s\u0171r\u0171bb\u00e9 v\u00e1ltak, \u00e9s a rend\u0151rs\u00e9ggel val\u00f3 \u00f6sszecsap\u00e1soknak sok hal\u00e1los \u00e1ldozata volt. <\/strong><!--more--><\/p>\n<div class=\"ads-in-post1\"><div id=\"gazdasagportal.hu_fullbanner_wideboard\"><\/div>\r\n<\/div>\n<p>    A szankci\u00f3k els\u0151 csomagja augusztusban, a m\u00e1sodik pedig novemberben l\u00e9pett \u00e9letbe. A ri\u00e1l jelent\u0151sen el\u00e9rt\u00e9ktelenedett, mindez tov\u00e1bbi demonstr\u00e1ci\u00f3khoz vezetett az orsz\u00e1g t\u00f6bb pontj\u00e1n is, els\u0151sorban Teher\u00e1nban.<br \/>\n    A szankci\u00f3k \u00e9s Washington fenyeget\u0151z\u00e9sei miatt t\u00f6bb k\u00fclf\u00f6ldi nagyv\u00e1llalat elhagyta Ir\u00e1nt vagy felf\u00fcggesztette az ottani m\u0171k\u00f6d\u00e9s\u00e9t, egyebek mellett a Peugeot, a Renault \u00e9s a Total olajv\u00e1llalat is.<br \/>\n    Az ir\u00e1ni diplom\u00e1cia komoly er\u0151fesz\u00edt\u00e9seket tett a szankci\u00f3k megker\u00fcl\u00e9s\u00e9re, nagyr\u00e9szt \u00fagy, hogy megpr\u00f3b\u00e1lt egyezs\u00e9gre jutni a 2015-\u00f6s multilater\u00e1lis atomalku t\u00f6bbi al\u00e1\u00edr\u00f3j\u00e1val, \u00edgy az Egyes\u00fclt Kir\u00e1lys\u00e1ggal, K\u00edn\u00e1val, Oroszorsz\u00e1ggal, Franciaorsz\u00e1ggal \u00e9s N\u00e9metorsz\u00e1ggal. Az al\u00e1\u00edr\u00f3k 2018 szeptember\u00e9ben k\u00f6z\u00f6s nyilatkozatot fogadtak el arr\u00f3l, hogy elk\u00f6telezettek egy fizet\u00e9si mechanizmus l\u00e9trehoz\u00e1sa mellett, az Ir\u00e1nnal val\u00f3 kereskedelmi kapcsolatok fenntart\u00e1sa \u00e9rdek\u00e9ben. Ez az \u00fagynevezett k\u00fcl\u00f6nleges c\u00e9l\u00fa gazdas\u00e1gi egys\u00e9g (SPV), amelyet az ir\u00e1ni exportterm\u00e9kek, k\u00f6zt\u00fck az olaj kifizet\u00e9se \u00e9rdek\u00e9ben hoztak l\u00e9tre.<br \/>\n    Elemz\u0151k szerint Hasz\u00e1n R\u00f3h\u00e1ni eln\u00f6kre mind konzervat\u00edv vall\u00e1si ellenz\u00e9ke, mind pedig a t\u00e1rsadalmi v\u00e1ltoz\u00e1sokat \u00e9s nagyobb liberaliz\u00e1l\u00f3d\u00e1st k\u00f6vetel\u0151 ir\u00e1niak fel\u0151l egyre nagyobb nyom\u00e1s nehezedik. R\u00f3h\u00e1ni eddig k\u00e9tszer, els\u0151sorban a gazdas\u00e1gi reformokkal \u00e9s a k\u00fclvil\u00e1g fel\u00e9 val\u00f3 nyit\u00e1ssal kapcsolatos \u00edg\u00e9reteivel nyert v\u00e1laszt\u00e1sokat, pragmatikus t\u00e1mogat\u00f3inak pedig tov\u00e1bbra is t\u00f6bbs\u00e9ge van az ir\u00e1ni t\u00f6rv\u00e9nyhoz\u00e1sban. Reput\u00e1ci\u00f3ja \u00e9s politikai befoly\u00e1sa azonban s\u00falyos k\u00e1rokat szenvedett a betartatlanul maradt \u00edg\u00e9retei miatt. A fokoz\u00f3d\u00f3 gazdas\u00e1gi v\u00e1ls\u00e1g a korm\u00e1nyban is v\u00e1ltoz\u00e1sokat id\u00e9zett el\u0151: okt\u00f3ber v\u00e9g\u00e9n az eln\u00f6k lecser\u00e9lte gazdas\u00e1gi \u00e9s p\u00e9nz\u00fcgyi, illetve az ipar\u00fcgyi, a munka\u00fcgyi \u00e9s a k\u00f6zleked\u00e9si minisztereit.<br \/>\n<div class=\"ads-in-post2\"><script async src=\"https:\/\/pagead2.googlesyndication.com\/pagead\/js\/adsbygoogle.js\"><\/script>\r\n<ins class=\"adsbygoogle\"\r\n     style=\"display:block\"\r\n     data-ad-format=\"fluid\"\r\n     data-ad-layout-key=\"-6t+ed+2i-1n-4w\"\r\n     data-ad-client=\"ca-pub-1959107119989764\"\r\n     data-ad-slot=\"4008251320\"><\/ins>\r\n<script>\r\n     (adsbygoogle = window.adsbygoogle || []).push({});\r\n<\/script><\/div>\n    Ir\u00e1nban, b\u00e1r parlamenti demokr\u00e1cia, a v\u00e1laszt\u00e1s \u00fatj\u00e1n hatalomra jutott szem\u00e9lyek, bele\u00e9rtve az eln\u00f6k\u00f6t \u00e9s a t\u00f6rv\u00e9nyhoz\u00e1st, nem k\u00e9pesek sz\u00e1mottev\u0151 v\u00e1ltoz\u00e1st el\u00e9rni, mert mozg\u00e1ster\u00fck behat\u00e1rolt. A nem v\u00e1laszt\u00e1s \u00fatj\u00e1n hatalmon l\u00e9v\u0151k, els\u0151sorban a legfels\u0151bb vezet\u0151, a b\u00edr\u00f3i test\u00fclet \u00e9s a biztons\u00e1gi er\u0151k, nagyobb hat\u00e1sk\u00f6rrel b\u00edrnak \u00e9s az orsz\u00e1gban sokan \u00fagy v\u00e9lik: nem v\u00e1rhat\u00f3 sz\u00e1mottev\u0151 v\u00e1ltoz\u00e1s az orsz\u00e1g \u00e9let\u00e9ben am\u00edg az 1989-ben, a legend\u00e1s Khomeini ajatoll\u00e1hot a legfels\u0151bb vall\u00e1si vezet\u0151 (v\u00e1li-e-fak\u00edh) poszton k\u00f6vet\u0151 Ali Hamenei ajatoll\u00e1h van uralmon.<br \/>\n    Meggyeng\u00fclt p\u00e9nz\u00fcgyi helyzete miatt elk\u00e9pzelhet\u0151, hogy Teher\u00e1n j\u00f6v\u0151re nem, vagy csak r\u00e9szben tudja t\u00e1mogatni t\u00e9rs\u00e9gbeli sz\u00f6vets\u00e9geseit, els\u0151sorban a Ham\u00e1sz palesztin radik\u00e1lis szervezetet, Damaszkuszt, a jemeni h\u00faszikat, illetve a libanoni Hezbollahot, ami r\u00e9gi\u00f3s befoly\u00e1s\u00e1nak cs\u00f6kken\u00e9s\u00e9hez vezethet.<br \/>\n    Az id\u00e9n szorosabb\u00e1 v\u00e1ltak a s\u00edita \u00e1llam \u00e9s Katar diplom\u00e1ciai kapcsolatai. T\u00f6bb muszlim orsz\u00e1g mellett Sza\u00fad-Ar\u00e1bia, Bahrein \u00e9s az Egyes\u00fclt Arab Em\u00edrs\u00e9gek tavaly j\u00faniusban megszak\u00edtotta diplom\u00e1ciai kapcsolatait Katarral, mert szerint\u00fck terrorist\u00e1kat t\u00e1mogat, \u00e9s beavatkozik a bel\u00fcgyeikbe, tov\u00e1bb\u00e1 bojkottot is elrendeltek Doha ellen.<br \/>\n    Az ir\u00e1ni Mehr h\u00edr\u00fcgyn\u00f6ks\u00e9g augusztusban r\u00e9szletes tud\u00f3s\u00edt\u00e1st tett k\u00f6zz\u00e9 az ir\u00e1ni-katari kapcsolatok alakul\u00e1s\u00e1r\u00f3l, amelyben id\u00e9zte Tam\u00edm bin Hamad \u00e1sz-Sz\u00e1ni katari em\u00edrt, aki a bojkottal kapcsolatban azt mondta, orsz\u00e1ga olyan \u00e1llamok seg\u00edts\u00e9g\u00e9vel tudott talpon maradni, mint Ir\u00e1n. J\u00faniusban a The Times of Israel c\u00edm\u0171 angol nyelv\u0171 honlap id\u00e9zte H\u00e1lid al-Att\u00edja katari v\u00e9delmi minisztert, aki egy nemzetk\u00f6zi konferenci\u00e1n \u00f3va intett egy Ir\u00e1n elleni h\u00e1bor\u00fat\u00f3l akkor is, ha azt a t\u00e9rs\u00e9g egy m\u00e1sik orsz\u00e1ga sz\u00edtan\u00e1. Elemz\u0151k szerint Att\u00edja egy\u00e9rtelm\u0171en Sza\u00fad-Ar\u00e1bi\u00e1ra gondolt.<br \/>\n    Ir\u00e1n az id\u00e9n is akt\u00edv szerepet v\u00e1llalt a sz\u00edriai rendez\u00e9s k\u00e9rd\u00e9s\u00e9ben: az asztanai h\u00e1romoldal\u00fa folyamat keret\u00e9ben szeptemberben Teher\u00e1nban R\u00f3h\u00e1ni tal\u00e1lkozott orosz \u00e9s t\u00f6r\u00f6k koll\u00e9g\u00e1ival a sz\u00edriai helyzet megold\u00e1sa \u00fcgy\u00e9ben. Teher\u00e1n r\u00e9gi t\u00e1mogat\u00f3ja Bass\u00e1r el-Aszad korm\u00e1ny\u00e1nak, \u00e9s a j\u00f6v\u0151 \u00e9v k\u00e9rd\u00e9sei k\u00f6z\u00e9 tartozik, vajon a k\u00f6zt\u00fck l\u00e9v\u0151 sz\u00f6vets\u00e9g ki\u00e1llja-e az Ir\u00e1n elleni szankci\u00f3k &#8211; \u00e9s \u00edgy az orsz\u00e1g gazdas\u00e1gi meggyeng\u00fcl\u00e9s\u00e9nek &#8211; a pr\u00f3b\u00e1j\u00e1t.<br \/>\n    Az id\u00e9n az iszl\u00e1m k\u00f6zt\u00e1rsas\u00e1got bel\u00fclr\u0151l \u00e9rkez\u0151 t\u00e1mad\u00e1s is \u00e9rte: fegyveresek szeptemberben t\u00fczet nyitottak egy katonai par\u00e1d\u00e9n a d\u00e9lnyugat-ir\u00e1ni Ahv\u00e1z v\u00e1ros\u00e1ban, \u00e9s meg\u00f6lt\u00e9k a Forradalmi G\u00e1rda legal\u00e1bb nyolc tagj\u00e1t, tov\u00e1bb\u00e1 h\u00fasz embert megsebes\u00edtettek. Az Arab Harci Mozgalom Ahv\u00e1z Felszabad\u00edt\u00e1s\u00e1\u00e9rt sz\u00f3viv\u0151je az AP h\u00edr\u00fcgyn\u00f6ks\u00e9gnek nyilatkozva azt \u00e1ll\u00edtotta, hogy az \u0151 embereik hajtott\u00e1k v\u00e9gre a t\u00e1mad\u00e1st, Hamenei ajatoll\u00e1h azonban Washingtont \u00e9s az \u00e1ltala t\u00e1mogatott Perzsa (Arab)-\u00f6b\u00f6l menti \u00e1llamokat is felel\u0151ss\u00e9 tette a mer\u00e9nylet\u00e9rt.<br \/>\n    Az \u00e9v v\u00e9g\u00e9n az ir\u00e1ni Forradalmi G\u00e1rda elismerte, hogy a k\u00f6zelm\u00faltban rak\u00e9tak\u00eds\u00e9rletet hajtott v\u00e9gre. A december tizenegyediki bejelent\u00e9s, amelyet a F\u00e1rsz h\u00edr\u00fcgyn\u00f6ks\u00e9g tett k\u00f6zz\u00e9, hozz\u00e1teszi, a teszteket Teher\u00e1n 2019-ben is folytatni akarja.<br \/>\n    A j\u00f6v\u0151 \u00e9v k\u00e9rd\u00e9sei teh\u00e1t els\u0151sorban az, hogyan birk\u00f3zik meg Ir\u00e1n gazdas\u00e1ga a szankci\u00f3kkal, illetve a megv\u00e1ltozott k\u00f6r\u00fclm\u00e9nyek hat\u00e1s\u00e1ra be\u00e1llhat-e b\u00e1rmilyen t\u00e1rsadalmi v\u00e1ltoz\u00e1s az orsz\u00e1gban. Ha pedig a v\u00e1lasz igen, tov\u00e1bbra sem vil\u00e1gos, az ir\u00e1niak a reformok fel\u00e9 indulnak majd el, vagy a bez\u00e1rk\u00f3z\u00e1st \u00e9s a kem\u00e9nyvonalasokat v\u00e1lasztj\u00e1k-e.<br \/>\n    Egyel\u0151re nem tudni azt sem, k\u00e9pes lesz-e a s\u00edita \u00e1llam megtartani r\u00e9gi\u00f3s nagyhatalmi szerep\u00e9t a neh\u00e9zs\u00e9gek ellen\u00e9re, illetve ha elvesz\u00edten\u00e9 azt, melyik orsz\u00e1g t\u00f6lti be majd a kialakult hatalmi v\u00e1kuumot.(MTI)<\/p>\n","protected":false},"excerpt":{"rendered":"<p>Neh\u00e9z \u00e9v volt a 2018-as az Ir\u00e1ni Iszl\u00e1m K\u00f6zt\u00e1rsas\u00e1g sz\u00e1m\u00e1ra, nagyr\u00e9szt a Washingtonnal ki\u00fajult fesz\u00fclts\u00e9gek miatt. Az Egyes\u00fclt \u00c1llamok id\u00e9n m\u00e1jus elej\u00e9n felmondta a 2015-\u00f6s atomalkut, \u00e9s vissza\u00e1ll\u00edtotta a felf\u00fcggesztett szankci\u00f3kat az orsz\u00e1ggal szemben. A t\u00fcntet\u00e9sek, amelyek az \u00e1remelked\u00e9sek miatt m\u00e1r m\u00e1jus el\u0151tt megkezd\u0151dtek, a gazdas\u00e1g tov\u00e1bbi gyeng\u00fcl\u00e9se miatt az \u00e9v m\u00e1sodik fel\u00e9ben s\u0171r\u0171bb\u00e9 v\u00e1ltak, &#8230;<\/p>\n","protected":false},"author":1001003,"featured_media":0,"comment_status":"closed","ping_status":"open","sticky":false,"template":"","format":"standard","meta":[],"categories":[16,5],"tags":[],"_links":{"self":[{"href":"https:\/\/gazdasagportal.hu\/index.php\/wp-json\/wp\/v2\/posts\/112289"}],"collection":[{"href":"https:\/\/gazdasagportal.hu\/index.php\/wp-json\/wp\/v2\/posts"}],"about":[{"href":"https:\/\/gazdasagportal.hu\/index.php\/wp-json\/wp\/v2\/types\/post"}],"author":[{"embeddable":true,"href":"https:\/\/gazdasagportal.hu\/index.php\/wp-json\/wp\/v2\/users\/1001003"}],"replies":[{"embeddable":true,"href":"https:\/\/gazdasagportal.hu\/index.php\/wp-json\/wp\/v2\/comments?post=112289"}],"version-history":[{"count":1,"href":"https:\/\/gazdasagportal.hu\/index.php\/wp-json\/wp\/v2\/posts\/112289\/revisions"}],"predecessor-version":[{"id":112290,"href":"https:\/\/gazdasagportal.hu\/index.php\/wp-json\/wp\/v2\/posts\/112289\/revisions\/112290"}],"wp:attachment":[{"href":"https:\/\/gazdasagportal.hu\/index.php\/wp-json\/wp\/v2\/media?parent=112289"}],"wp:term":[{"taxonomy":"category","embeddable":true,"href":"https:\/\/gazdasagportal.hu\/index.php\/wp-json\/wp\/v2\/categories?post=112289"},{"taxonomy":"post_tag","embeddable":true,"href":"https:\/\/gazdasagportal.hu\/index.php\/wp-json\/wp\/v2\/tags?post=112289"}],"curies":[{"name":"wp","href":"https:\/\/api.w.org\/{rel}","templated":true}]}}