{"id":112285,"date":"2018-12-31T04:04:09","date_gmt":"2018-12-31T03:04:09","guid":{"rendered":"http:\/\/gazdasagportal.hu\/?p=112285"},"modified":"2018-12-30T10:12:13","modified_gmt":"2018-12-30T09:12:13","slug":"sztrajkok-valasztasok-es-honapokig-huzodo-koalicios-targyalasok-jegyeben-telt-az-ev-szloveniaban","status":"publish","type":"post","link":"https:\/\/gazdasagportal.hu\/index.php\/sztrajkok-valasztasok-es-honapokig-huzodo-koalicios-targyalasok-jegyeben-telt-az-ev-szloveniaban\/","title":{"rendered":"Sztr\u00e1jkok, v\u00e1laszt\u00e1sok \u00e9s h\u00f3napokig h\u00faz\u00f3d\u00f3 koal\u00edci\u00f3s t\u00e1rgyal\u00e1sok jegy\u00e9ben telt az \u00e9v Szlov\u00e9ni\u00e1ban"},"content":{"rendered":"<p><strong>Szlov\u00e9ni\u00e1ban a k\u00f6zszf\u00e9r\u00e1ban dolgoz\u00f3k sztr\u00e1jkhull\u00e1m\u00e1val kezd\u0151d\u00f6tt az \u00e9v, ami el\u0151rehozott v\u00e1laszt\u00e1sokhoz, majd h\u00f3napokig tart\u00f3 korm\u00e1nyalak\u00edt\u00e1si t\u00e1rgyal\u00e1sokhoz vezetett.<\/strong><!--more--><\/p>\n<div class=\"ads-in-post1\"><div id=\"gazdasagportal.hu_fullbanner_wideboard\"><\/div>\r\n<\/div>\n<p>    A k\u00f6zszf\u00e9r\u00e1ban dolgoz\u00f3k sztr\u00e1jkja janu\u00e1rban kezd\u0151d\u00f6tt, a t\u00fcntet\u0151k b\u00e9remel\u00e9st k\u00f6veteltek, az orsz\u00e1gos munkabesz\u00fcntet\u00e9sek pedig oda vezettek, hogy m\u00e1rciusban lemondott posztj\u00e1r\u00f3l Miro Cerar baloldali korm\u00e1nyf\u0151, \u00e9s el\u0151rehozott parlamenti v\u00e1laszt\u00e1sokat \u00edrtak ki az orsz\u00e1gban. Cerar lemond\u00e1s\u00e1nak m\u00e1sik oka azt volt, hogy a szlov\u00e9n legfels\u0151bb b\u00edr\u00f3s\u00e1g m\u00e1rciusban megsemmis\u00edtette a korm\u00e1ny csaknem egymilli\u00e1rd eur\u00f3s kiemelt projektj\u00e9r\u0151l, a Koper-Divaca vas\u00fatvonal 27 kilom\u00e9teres szakasz\u00e1n tervezett m\u00e1sodik v\u00e1g\u00e1ny \u00e9p\u00edt\u00e9s\u00e9r\u0151l, 2017 szeptember\u00e9ben rendezett n\u00e9pszavaz\u00e1st, arra hivatkozva, hogy a kamp\u00e1nyt a kabinet \u00e1llami p\u00e9nz felhaszn\u00e1l\u00e1s\u00e1val finansz\u00edrozta. Az alacsony r\u00e9szv\u00e9teli ar\u00e1ny miatt azonban a referendum am\u00fagy is \u00e9rv\u00e9nytelen volt.<br \/>\n    M\u00e1jusban \u00faj n\u00e9pszavaz\u00e1st \u00edrtak ki, de ekkor sem \u00e9rte el a r\u00e9szv\u00e9teli ar\u00e1ny az \u00e9rv\u00e9nyess\u00e9gi k\u00fcsz\u00f6b\u00f6t. Az \u00e9v v\u00e9g\u00e9ig nem t\u00f6rt\u00e9nt el\u0151rel\u00e9p\u00e9s a projekt megval\u00f3s\u00edt\u00e1s\u00e1ban, \u00e9s id\u0151k\u00f6zben Magyarorsz\u00e1g is kivonult a koperi kik\u00f6t\u0151 fejleszt\u00e9s\u00e9b\u0151l, valamint az odavezet\u0151 vas\u00fat b\u0151v\u00edt\u00e9s\u00e9b\u0151l. Budapest kor\u00e1bban jelezte, hogy k\u00e9sz anyagilag &#8211; ak\u00e1r 200 milli\u00f3 eur\u00f3val &#8211; t\u00e1mogatni a szlov\u00e9n korm\u00e1ny projektj\u00e9t, mivel a koperi a magyar v\u00e1llalatok \u00e1ltal legink\u00e1bb haszn\u00e1lt kik\u00f6t\u0151. A beruh\u00e1z\u00e1s k\u00f6r\u00fcli bizonytalans\u00e1gok miatt &#8211; Szlov\u00e9nia nem tudja eld\u00f6nteni, bevonjon-e a projektbe m\u00e1s orsz\u00e1gokat vagy egyed\u00fcl val\u00f3s\u00edtsa meg &#8211; Magyarorsz\u00e1g m\u00e1s kik\u00f6t\u0151kben, Triesztben keres kik\u00f6t\u0151szerz\u00e9si \u00e9s -beruh\u00e1z\u00e1si t\u00e1rgyal\u00e1sokat.<br \/>\n<div class=\"ads-in-post2\"><script async src=\"https:\/\/pagead2.googlesyndication.com\/pagead\/js\/adsbygoogle.js\"><\/script>\r\n<ins class=\"adsbygoogle\"\r\n     style=\"display:block\"\r\n     data-ad-format=\"fluid\"\r\n     data-ad-layout-key=\"-6t+ed+2i-1n-4w\"\r\n     data-ad-client=\"ca-pub-1959107119989764\"\r\n     data-ad-slot=\"4008251320\"><\/ins>\r\n<script>\r\n     (adsbygoogle = window.adsbygoogle || []).push({});\r\n<\/script><\/div>\n    A j\u00fanius eleji el\u0151rehozott parlamenti v\u00e1laszt\u00e1sokat a Janez Jansa volt minisztereln\u00f6k vezette jobboldali, bev\u00e1ndorl\u00e1sellenes Szlov\u00e9n Demokrata P\u00e1rt (SDS) nyerte meg 25 mand\u00e1tumot szerezve, de nem tudott korm\u00e1nyt alak\u00edtani. A korm\u00e1nyalak\u00edt\u00e1si konzult\u00e1ci\u00f3k h\u00e1rom h\u00f3napig tartottak. Egy baloldali \u00f6tp\u00e1rti, kisebbs\u00e9gi koal\u00edci\u00f3s korm\u00e1ny alakult Szlov\u00e9ni\u00e1ban, a v\u00e1laszt\u00e1sokon a m\u00e1sodik helyen befutott Marjan Sarec vezet\u00e9s\u00e9vel. Novemberben helyhat\u00f3s\u00e1gi v\u00e1laszt\u00e1sokat is tartottak az orsz\u00e1gban, amelynek eredm\u00e9nye hasonl\u00f3 volt a parlamenti v\u00e1laszt\u00e1sok\u00e9hoz: a jobboldali ellenz\u00e9ki p\u00e1rtok \u00e9s a f\u00fcggetlenek voltak a legeredm\u00e9nyesebbek. A k\u00f6zv\u00e9lem\u00e9ny-kutat\u00e1sok az \u00e9v v\u00e9g\u00e9n is azt mutatt\u00e1k, hogy Janez Jansa p\u00e1rtja toronymagasan vezet a n\u00e9pszer\u0171s\u00e9gi list\u00e1kon a t\u00f6bbi p\u00e1rthoz, nagyobb a t\u00e1mogatotts\u00e1ga Marjan Sarec korm\u00e1nyf\u0151 p\u00e1rtj\u00e1n\u00e1l (LMS) is.<br \/>\n    Jans\u00e1t a legt\u00f6bb p\u00e1rt a bev\u00e1ndorl\u00e1sellenes politik\u00e1ja miatt utas\u00edtotta el, \u00e9s ez\u00e9rt nem volt hajland\u00f3 t\u00e1rgyalni vagy koal\u00edci\u00f3ra l\u00e9pni vele. Szlov\u00e9ni\u00e1t tov\u00e1bbra is \u00e9rinti a migr\u00e1ci\u00f3s v\u00e1ls\u00e1g, a hat\u00e1rs\u00e9rt\u00e9sek mindennaposak. Ljubljan\u00e1nak emiatt t\u00f6bb vit\u00e1ja is volt Z\u00e1gr\u00e1bbal. Szlov\u00e9nia felr\u00f3tta Horv\u00e1torsz\u00e1gnak, hogy nem v\u00e9di hat\u00e9konyan a boszniai-horv\u00e1t hat\u00e1rt (havonta \u00e1tlagosan ezer migr\u00e1nst tart\u00f3ztattak fel a szlov\u00e9n hat\u00f3s\u00e1gok illeg\u00e1lis hat\u00e1r\u00e1tl\u00e9p\u00e9s k\u00f6zben a horv\u00e1t-szlov\u00e9n hat\u00e1ron). Szlov\u00e9nia az \u00e9v elej\u00e9n folytatta csat\u00e1roz\u00e1s\u00e1t Horv\u00e1torsz\u00e1ggal a t\u00f6bb \u00e9ve h\u00faz\u00f3d\u00f3 hat\u00e1rvita miatt is.<br \/>\n    Az \u00faj szlov\u00e9n korm\u00e1ny b\u00e1r el\u00edt\u00e9lte a jobboldali p\u00e1rtok szerint\u00fck &#8222;migr\u00e1nsellenes \u00e9s gy\u0171l\u00f6letkelt\u0151&#8221; politik\u00e1j\u00e1t, nem v\u00e1ltoztatott a kor\u00e1bbi hat\u00e1rv\u00e9delmi rendszer\u00e9n, \u00e9s a ny\u00e1ri h\u00f3napok n\u00f6vekv\u0151 illeg\u00e1lis migr\u00e1ci\u00f3ja miatt a ker\u00edt\u00e9st sem bontotta le Horv\u00e1torsz\u00e1ggal k\u00f6z\u00f6s hat\u00e1r\u00e1n, amit a Baloldal p\u00e1rt koal\u00edci\u00f3s felt\u00e9telk\u00e9nt szabott. A megosztotts\u00e1got migr\u00e1ci\u00f3s k\u00e9rd\u00e9s\u00e9ben az is mutatja, hogy b\u00e1r a szlov\u00e9n korm\u00e1ny \u00fagy d\u00f6nt\u00f6tt, csatlakozik az ENSZ glob\u00e1lis migr\u00e1ci\u00f3s csomagj\u00e1hoz, amelyet Marokk\u00f3ban fogadtak el december k\u00f6zep\u00e9n, a jobboldali p\u00e1rtok hevesen ellenezt\u00e9k, n\u00e9pszavaz\u00e1s ki\u00edr\u00e1s\u00e1t k\u00f6vetelt\u00e9k, \u00e9s v\u00e9g\u00fcl a szlov\u00e9n parlament elutas\u00edtotta.<br \/>\n    Szlov\u00e9nia a gazdas\u00e1gi t\u00e9ren j\u00f3l teljes\u00edtett, k\u00f6zel \u00f6tsz\u00e1zal\u00e9kos GDP-n\u00f6veked\u00e9st \u00e9rt el \u00e9s a munkan\u00e9lk\u00fclis\u00e9g is rekordalacsony volt az orsz\u00e1gban.<br \/>\n    Ljubljana tov\u00e1bb\u00e1 teljes\u00edtette egyik legnagyobb k\u00f6telezetts\u00e9gv\u00e1llal\u00e1s\u00e1t is az Eur\u00f3pai Uni\u00f3 fel\u00e9: nyilv\u00e1nos r\u00e9szv\u00e9nykibocs\u00e1t\u00e1ssal (IPO) els\u0151 k\u00f6rben eladta az \u00e1llami tulajdonban l\u00e9v\u0151 Nova Ljubljanska Banka (NLB) 59 sz\u00e1zal\u00e9k\u00e1t. Szlov\u00e9nia kor\u00e1bban k\u00e9tszer halasztotta el a NLB privatiz\u00e1ci\u00f3j\u00e1t.(MTI)<\/p>\n","protected":false},"excerpt":{"rendered":"<p>Szlov\u00e9ni\u00e1ban a k\u00f6zszf\u00e9r\u00e1ban dolgoz\u00f3k sztr\u00e1jkhull\u00e1m\u00e1val kezd\u0151d\u00f6tt az \u00e9v, ami el\u0151rehozott v\u00e1laszt\u00e1sokhoz, majd h\u00f3napokig tart\u00f3 korm\u00e1nyalak\u00edt\u00e1si t\u00e1rgyal\u00e1sokhoz vezetett.<\/p>\n","protected":false},"author":1001003,"featured_media":0,"comment_status":"closed","ping_status":"open","sticky":false,"template":"","format":"standard","meta":[],"categories":[12,5],"tags":[],"_links":{"self":[{"href":"https:\/\/gazdasagportal.hu\/index.php\/wp-json\/wp\/v2\/posts\/112285"}],"collection":[{"href":"https:\/\/gazdasagportal.hu\/index.php\/wp-json\/wp\/v2\/posts"}],"about":[{"href":"https:\/\/gazdasagportal.hu\/index.php\/wp-json\/wp\/v2\/types\/post"}],"author":[{"embeddable":true,"href":"https:\/\/gazdasagportal.hu\/index.php\/wp-json\/wp\/v2\/users\/1001003"}],"replies":[{"embeddable":true,"href":"https:\/\/gazdasagportal.hu\/index.php\/wp-json\/wp\/v2\/comments?post=112285"}],"version-history":[{"count":1,"href":"https:\/\/gazdasagportal.hu\/index.php\/wp-json\/wp\/v2\/posts\/112285\/revisions"}],"predecessor-version":[{"id":112286,"href":"https:\/\/gazdasagportal.hu\/index.php\/wp-json\/wp\/v2\/posts\/112285\/revisions\/112286"}],"wp:attachment":[{"href":"https:\/\/gazdasagportal.hu\/index.php\/wp-json\/wp\/v2\/media?parent=112285"}],"wp:term":[{"taxonomy":"category","embeddable":true,"href":"https:\/\/gazdasagportal.hu\/index.php\/wp-json\/wp\/v2\/categories?post=112285"},{"taxonomy":"post_tag","embeddable":true,"href":"https:\/\/gazdasagportal.hu\/index.php\/wp-json\/wp\/v2\/tags?post=112285"}],"curies":[{"name":"wp","href":"https:\/\/api.w.org\/{rel}","templated":true}]}}