{"id":112268,"date":"2018-12-29T15:54:06","date_gmt":"2018-12-29T14:54:06","guid":{"rendered":"http:\/\/gazdasagportal.hu\/?p=112268"},"modified":"2018-12-29T15:54:06","modified_gmt":"2018-12-29T14:54:06","slug":"evertekelo-az-ot-csillag-liga-kormany-megalakulasa-volt-a-legjelentosebb-esemeny-2018-ban-olaszorszagban","status":"publish","type":"post","link":"https:\/\/gazdasagportal.hu\/index.php\/evertekelo-az-ot-csillag-liga-kormany-megalakulasa-volt-a-legjelentosebb-esemeny-2018-ban-olaszorszagban\/","title":{"rendered":"\u00c9v\u00e9rt\u00e9kel\u0151 &#8211; Az \u00d6t Csillag-Liga korm\u00e1ny megalakul\u00e1sa volt a legjelent\u0151sebb esem\u00e9ny 2018-ban Olaszorsz\u00e1gban"},"content":{"rendered":"<p><strong>A 2018-as \u00e9v f\u0151 esem\u00e9ny\u00e9nek Olaszorsz\u00e1gban az \u00d6t Csillag Mozgalom \u00e9s a Liga korm\u00e1ny\u00e1nak l\u00e9trej\u00f6tte sz\u00e1m\u00edt, hiszen kor\u00e1bban senki sem gondolta, hogy a k\u00e9t k\u00e1rt k\u00f6z\u00f6sen veheti \u00e1t a mediterr\u00e1n orsz\u00e1g vezet\u00e9s\u00e9t.<\/strong><!--more--><\/p>\n<div class=\"ads-in-post1\"><div id=\"gazdasagportal.hu_fullbanner_wideboard\"><\/div>\r\n<\/div>\n<p>    A politikai esztend\u0151 tavasszal vette kezdet\u00e9t It\u00e1li\u00e1ban a m\u00e1rcius 4-\u00e9n tartott parlamenti v\u00e1laszt\u00e1sokkal.<br \/>\n    \u00d6t \u00e9v balk\u00f6z\u00e9p korm\u00e1nyz\u00e1s ut\u00e1n az olaszok azt a k\u00e9t er\u0151t jutalmazt\u00e1k szavazatukkal, amelyek szak\u00edtottak az addigi nemzeti \u00e9s eur\u00f3pai politik\u00e1val. A v\u00e1laszt\u00e1sokon a legnagyobb \u00f6n\u00e1ll\u00f3 p\u00e1rtnak a populista \u00d6t Csillag Mozgalom (M5S) bizonyult t\u00f6bb mint 32 sz\u00e1zal\u00e9kkal, \u00e9s t\u00f6rt\u00e9net\u00e9ben el\u0151sz\u00f6r felhatalmaz\u00e1st kapott a korm\u00e1nyalak\u00edt\u00e1sra. A jobboldali p\u00e1rtsz\u00f6vets\u00e9g 37 sz\u00e1zal\u00e9kot szerzett, a Matteo Salvini vezette Liga a maga 17,4 sz\u00e1zal\u00e9k\u00e1val megel\u0151zte a Silvio Berlusconi f\u00e9mjelezte Hajr\u00e1 Olaszorsz\u00e1got.<br \/>\n<div class=\"ads-in-post2\"><script async src=\"https:\/\/pagead2.googlesyndication.com\/pagead\/js\/adsbygoogle.js\"><\/script>\r\n<ins class=\"adsbygoogle\"\r\n     style=\"display:block\"\r\n     data-ad-format=\"fluid\"\r\n     data-ad-layout-key=\"-6t+ed+2i-1n-4w\"\r\n     data-ad-client=\"ca-pub-1959107119989764\"\r\n     data-ad-slot=\"4008251320\"><\/ins>\r\n<script>\r\n     (adsbygoogle = window.adsbygoogle || []).push({});\r\n<\/script><\/div>\n    H\u00e1rom h\u00f3napig tart\u00f3 korm\u00e1nyalak\u00edt\u00e1si egyeztet\u00e9s kezd\u0151d\u00f6tt Sergio Mattarella \u00e1llamf\u0151 vezet\u00e9s\u00e9vel, amely fordulatokt\u00f3l sem volt mentes. Az M5S, miut\u00e1n kiz\u00e1rta a jobboldallal k\u00f6z\u00f6s korm\u00e1nyalak\u00edt\u00e1s lehet\u0151s\u00e9g\u00e9t, v\u00e9g\u00fcl m\u00e9gis \u00fagynevezett korm\u00e1nyszerz\u0151d\u00e9st dolgozott ki a Lig\u00e1val. A k\u00e9t p\u00e1rt m\u00e1jus 21-\u00e9n az addig az olasz k\u00f6z\u00e9letben majdnem ismeretlen Giuseppe Conte jog\u00e1szprofesszort jel\u00f6lte minisztereln\u00f6knek. Conte m\u00e1jus 27-\u00e9n azonban visszaadta megb\u00edzat\u00e1s\u00e1t, mivel az olasz \u00e1llamf\u0151 megv\u00e9t\u00f3zta, hogy az \u00faj korm\u00e1ny p\u00e9nz\u00fcgyminisztere Paolo Savona legyen. Az \u00e1llamf\u0151 Sergio Cottarelli k\u00f6zgazd\u00e1szt k\u00e9sz\u00fclt megb\u00edzni szak\u00e9rt\u0151i korm\u00e1ny fel\u00e1ll\u00edt\u00e1s\u00e1val, amikor az M5S-Liga engedett, \u00e9s Savon\u00e1t m\u00e1s t\u00e1rca \u00e9l\u00e9re helyezte \u00e1t. A &#8222;v\u00e1ltoz\u00e1s korm\u00e1nya&#8221; Giuseppe Conte vezet\u00e9s\u00e9vel j\u00fanius 1-j\u00e9n tette le esk\u00fcj\u00e9t. Az M5S vezet\u0151je, Luigi Di Maio a munka\u00fcgyi, Matteo Salvini pedig a bel\u00fcgyi t\u00e1rc\u00e1t szerezte meg mag\u00e1nak \u00e9s mindkett\u0151 korm\u00e1nyf\u0151-helyettes is lett egyben.<br \/>\n    A &#8222;k\u00eds\u00e9rleti laborat\u00f3riumnak&#8221; kiki\u00e1ltott \u00faj olasz korm\u00e1ny t\u00f6bb szempontb\u00f3l is ennek sz\u00e1m\u00edtott: k\u00e9t olyan p\u00e1rt l\u00e9pett sz\u00f6vets\u00e9gre, amely n\u00e9pszer\u0171s\u00e9g\u00e9t az olaszorsz\u00e1gi \u00e9s az eur\u00f3pai politikai int\u00e9zm\u00e9nyrendszer lev\u00e1lt\u00e1s\u00e1nak hirdet\u00e9s\u00e9re \u00e9p\u00edtette, m\u00e9gis a korm\u00e1nyalak\u00edt\u00e1sig egym\u00e1ssal is szemben \u00e1lltak. Kor\u00e1bbi korm\u00e1nytapasztalat n\u00e9lk\u00fcli er\u0151k sorakoztak fel a 32 \u00e9ves Luigi Di Maio, valamint a 45 \u00e9ves Matteo Salvini m\u00f6g\u00f6tt, akikhez k\u00e9pest a hasonl\u00f3 kor\u00fa Matteo Renzi baloldali politik\u00e1ja azonnal r\u00e9gm\u00faltnak t\u0171nt Olaszorsz\u00e1gban.<br \/>\n    A korm\u00e1ny els\u0151 int\u00e9zked\u00e9se az olaszorsz\u00e1gi kik\u00f6t\u0151k lez\u00e1r\u00e1sa volt a migr\u00e1nsokkal teli haj\u00f3k el\u0151tt: Matteo Salvini megtagadta a civil szervezetek migr\u00e1nsokat sz\u00e1ll\u00edt\u00f3 civil haj\u00f3inak, a kereskedelmi haj\u00f3knak \u00e9s a F\u00f6ldk\u00f6zi-tengeren szolg\u00e1l\u00f3 eur\u00f3pai katonai haj\u00f3knak a kik\u00f6t\u00e9s\u00e9t is, majd augusztusban ugyanezt tette az olasz parti \u0151rs\u00e9g Diciotti nev\u0171 haj\u00f3j\u00e1nak \u00e9rkez\u00e9sekor is. Ezzel a L\u00edbi\u00e1b\u00f3l \u00e9rkez\u0151 migr\u00e1ci\u00f3 majdnem teljesen le\u00e1llt, az civil szervezetek felf\u00fcggesztett\u00e9k tengeri m\u0171veleteiket &#8211; a tavalyi majdnem 119 ezerhez k\u00e9pest 2018-ban 23 ezer migr\u00e1ns \u00e9rkezett Olaszorsz\u00e1gba.<br \/>\n    A Salvini nev\u00e9vel f\u00e9mjelzett \u00faj olasz migr\u00e1ci\u00f3s-biztons\u00e1gi rendszer novemberben emelkedett t\u00f6rv\u00e9nyer\u0151re. Ez a kor\u00e1bbi befogad\u00e1si gyakorlattal szemben szigor\u00edtotta a humanit\u00e1rius indokkal adott mened\u00e9kjog felt\u00e9teleit. A 2019-es \u00e9v k\u00e9rd\u00e9se az lesz, hogy az \u00e9rkez\u00e9sek \u00e9s a mened\u00e9kk\u00e9relmek le\u00e1ll\u00edt\u00e1sa ut\u00e1n a r\u00f3mai korm\u00e1ny mik\u00e9nt lesz k\u00e9pes elt\u00e1vol\u00edtani Olaszorsz\u00e1gb\u00f3l az illeg\u00e1lis bev\u00e1ndorl\u00f3k t\u00f6bb sz\u00e1zezres t\u00f6meg\u00e9t.<br \/>\n    A korm\u00e1nyz\u00e1s j\u00f3t tett a Lig\u00e1nak: h\u00e9t h\u00f3nap alatt a p\u00e1rt n\u00e9pszer\u0171s\u00e9ge 32 sz\u00e1zal\u00e9kra ugrott \u00e9s maga m\u00f6g\u00e9 szor\u00edtotta az M5S-t.<br \/>\n    Matteo Salvini az EU-ban is vezet\u0151 szerepre p\u00e1ly\u00e1zik: az Orb\u00e1n Viktor minisztereln\u00f6kkel augusztus 28-\u00e1n Mil\u00e1n\u00f3ban tartott tal\u00e1lkoz\u00f3n az olasz politikus sz\u00f6vets\u00e9get hirdetett meg az Eur\u00f3pai Bizotts\u00e1g meg\u00faj\u00edt\u00e1s\u00e1ra.<br \/>\n    Az \u00faj olasz korm\u00e1ny k\u00f6lts\u00e9gvet\u00e9si tervezete is fordul\u00f3pontot jelentett. Az Eur\u00f3pai Bizotts\u00e1ggal folytatott hossz\u00fa er\u0151pr\u00f3ba v\u00e9g\u00e9n R\u00f3ma cs\u00f6kkentette a kit\u0171z\u00f6tt hi\u00e1nyc\u00e9lt, de Br\u00fcsszel is el\u00e1llt a t\u00falzottdeficit-elj\u00e1r\u00e1st\u00f3l annak ellen\u00e9re, hogy az olasz csomag messze nem felelt meg a dikt\u00e1lt param\u00e9tereknek.<br \/>\n    A permanens v\u00e1laszt\u00e1si kamp\u00e1nyban munk\u00e1lkod\u00f3 M5S-Liga korm\u00e1ny sors\u00e1t a m\u00e1jusi eur\u00f3pai v\u00e1laszt\u00e1sok hat\u00e1rozz\u00e1k majd meg szak\u00e9rt\u0151k szerint.<br \/>\n    Olaszorsz\u00e1g 2018-ban sem volt mentes a trag\u00e9di\u00e1t\u00f3l: augusztus 14-\u00e9n leomlott a genovai Morandi-h\u00edd, 43 ember halt meg. A h\u00edd \u00fajj\u00e1\u00e9p\u00edt\u00e9se v\u00e1rhat\u00f3an m\u00e1rciusban indul.(MTI)<\/p>\n","protected":false},"excerpt":{"rendered":"<p>A 2018-as \u00e9v f\u0151 esem\u00e9ny\u00e9nek Olaszorsz\u00e1gban az \u00d6t Csillag Mozgalom \u00e9s a Liga korm\u00e1ny\u00e1nak l\u00e9trej\u00f6tte sz\u00e1m\u00edt, hiszen kor\u00e1bban senki sem gondolta, hogy a k\u00e9t k\u00e1rt k\u00f6z\u00f6sen veheti \u00e1t a mediterr\u00e1n orsz\u00e1g vezet\u00e9s\u00e9t.<\/p>\n","protected":false},"author":1001003,"featured_media":0,"comment_status":"closed","ping_status":"open","sticky":false,"template":"","format":"standard","meta":[],"categories":[12],"tags":[],"_links":{"self":[{"href":"https:\/\/gazdasagportal.hu\/index.php\/wp-json\/wp\/v2\/posts\/112268"}],"collection":[{"href":"https:\/\/gazdasagportal.hu\/index.php\/wp-json\/wp\/v2\/posts"}],"about":[{"href":"https:\/\/gazdasagportal.hu\/index.php\/wp-json\/wp\/v2\/types\/post"}],"author":[{"embeddable":true,"href":"https:\/\/gazdasagportal.hu\/index.php\/wp-json\/wp\/v2\/users\/1001003"}],"replies":[{"embeddable":true,"href":"https:\/\/gazdasagportal.hu\/index.php\/wp-json\/wp\/v2\/comments?post=112268"}],"version-history":[{"count":1,"href":"https:\/\/gazdasagportal.hu\/index.php\/wp-json\/wp\/v2\/posts\/112268\/revisions"}],"predecessor-version":[{"id":112269,"href":"https:\/\/gazdasagportal.hu\/index.php\/wp-json\/wp\/v2\/posts\/112268\/revisions\/112269"}],"wp:attachment":[{"href":"https:\/\/gazdasagportal.hu\/index.php\/wp-json\/wp\/v2\/media?parent=112268"}],"wp:term":[{"taxonomy":"category","embeddable":true,"href":"https:\/\/gazdasagportal.hu\/index.php\/wp-json\/wp\/v2\/categories?post=112268"},{"taxonomy":"post_tag","embeddable":true,"href":"https:\/\/gazdasagportal.hu\/index.php\/wp-json\/wp\/v2\/tags?post=112268"}],"curies":[{"name":"wp","href":"https:\/\/api.w.org\/{rel}","templated":true}]}}