{"id":112264,"date":"2018-12-29T14:20:40","date_gmt":"2018-12-29T13:20:40","guid":{"rendered":"http:\/\/gazdasagportal.hu\/?p=112264"},"modified":"2018-12-29T13:01:36","modified_gmt":"2018-12-29T12:01:36","slug":"evertekelo-eszak-korea-a-bekules-es-az-igeretek-eve-volt-2018","status":"publish","type":"post","link":"https:\/\/gazdasagportal.hu\/index.php\/evertekelo-eszak-korea-a-bekules-es-az-igeretek-eve-volt-2018\/","title":{"rendered":"\u00c9v\u00e9rt\u00e9kel\u0151 &#8211; \u00c9szak-Korea &#8211; A b\u00e9k\u00fcl\u00e9s \u00e9s az \u00edg\u00e9retek \u00e9ve volt 2018"},"content":{"rendered":"<p><strong>A b\u00e9k\u00fcl\u00e9sr\u0151l \u00e9s az \u00edg\u00e9retekr\u0151l sz\u00f3lt az idei \u00e9v \u00c9szak-Kore\u00e1ban, Kim Dzsong Un tal\u00e1lkozott a d\u00e9l-koreai eln\u00f6kkel, megind\u00edtva a k\u00e9t Korea k\u00f6zti k\u00f6zeled\u00e9st, illetve Donald Trumppal, akinek \u00edg\u00e9retet tett a Koreai-f\u00e9lsziget atommentes\u00edt\u00e9s\u00e9re, hogy &#8211; megfigyel\u0151k szerint &#8211; el\u00e9rje az amerikai eln\u00f6kn\u00e9l az \u00c9szak-Korea elleni szankci\u00f3k felold\u00e1s\u00e1t.<\/strong><!--more--><\/p>\n<div class=\"ads-in-post1\"><div id=\"gazdasagportal.hu_fullbanner_wideboard\"><\/div>\r\n<\/div>\n<p>    A k\u00e9t Korea k\u00f6zti fesz\u00fclts\u00e9gek cs\u00f6kkent\u00e9s\u00e9nek el\u0151szele m\u00e1r janu\u00e1rban \u00e9rezhet\u0151 volt, amikor Phenjan \u00e9s Sz\u00f6ul megegyezett, el\u0151bbi is k\u00e9pviselteti mag\u00e1t a d\u00e9l-koreai Phjongcshangban megrendezett t\u00e9li olimpi\u00e1n. Az \u00e9szaki \u00e9s a d\u00e9li sportol\u00f3k egy\u00fctt vonultak be a nyit\u00f3\u00fcnneps\u00e9gen a Koreai-f\u00e9lsziget egys\u00e9g\u00e9t jelk\u00e9pez\u0151 k\u00e9k-feh\u00e9r z\u00e1szl\u00f3 alatt, a k\u00e9t Korea r\u00e1ad\u00e1sul k\u00f6z\u00f6s n\u0151i j\u00e9gkorong-v\u00e1logatottat ind\u00edtott a versenyen. Emellett sz\u00e1mos magas rang\u00fa \u00e9szak-koreai tisztvisel\u0151 l\u00e1togatott el a t\u00e9li j\u00e1t\u00e9kokra.<br \/>\n    Az olimpiai p\u00e1rbesz\u00e9d sikere megteremtette a lehet\u0151s\u00e9get a Kim Dzsong Un \u00e9s Mun Dzse In d\u00e9l-koreai eln\u00f6k k\u00f6z\u00f6tti, illetve k\u00e9s\u0151bb a Kim-Trump cs\u00facshoz.<br \/>\n    Kim \u00e9s Mun tal\u00e1lkoz\u00f3j\u00e1ra \u00e1prilis 27-\u00e9n volt a jogilag egym\u00e1ssal m\u00e9g mindig hadban \u00e1ll\u00f3 k\u00e9t Kore\u00e1t elv\u00e1laszt\u00f3 demark\u00e1ci\u00f3s vonal ment\u00e9n fekv\u0151 Panmindzsonban. 1953 \u00f3ta Kim Dzsong Un volt az els\u0151 \u00e9szak-koreai vezet\u0151, aki D\u00e9l-Korea ter\u00fclet\u00e9re l\u00e9pett.<br \/>\n    A k\u00e9t koreai vezet\u0151 megbesz\u00e9l\u00e9sei jelent\u0151s eredm\u00e9nyekkel z\u00e1rultak: c\u00e9lul t\u0171zt\u00e9k ki a Koreai-f\u00e9lsziget teljes atommentes\u00edt\u00e9s\u00e9t, a b\u00e9keszerz\u0151d\u00e9s megk\u00f6t\u00e9s\u00e9t, diplom\u00e1ciai kapcsolataik szorosabbra f\u0171z\u00e9s\u00e9t, a rendszeres katonai egyeztet\u00e9seket, a gazdas\u00e1gi kapcsolatok er\u0151s\u00edt\u00e9s\u00e9t.<br \/>\n<div class=\"ads-in-post2\"><script async src=\"https:\/\/pagead2.googlesyndication.com\/pagead\/js\/adsbygoogle.js\"><\/script>\r\n<ins class=\"adsbygoogle\"\r\n     style=\"display:block\"\r\n     data-ad-format=\"fluid\"\r\n     data-ad-layout-key=\"-6t+ed+2i-1n-4w\"\r\n     data-ad-client=\"ca-pub-1959107119989764\"\r\n     data-ad-slot=\"4008251320\"><\/ins>\r\n<script>\r\n     (adsbygoogle = window.adsbygoogle || []).push({});\r\n<\/script><\/div>\n    A sikeres tal\u00e1lkoz\u00f3 nyom\u00e1n Kim Dzsong Un meg\u00edt\u00e9l\u00e9se is v\u00e1ltoz\u00e1son ment \u00e1t D\u00e9l-Kore\u00e1ban, a fiatalok k\u00f6r\u00e9ben kedvez\u0151 benyom\u00e1s alakult ki r\u00f3la. Szak\u00e9rt\u0151k azonban eml\u00e9keztettek, hogy Kim tov\u00e1bbra is a n\u00e9p\u00e9t sanyargat\u00f3, brut\u00e1lis rezsim vezet\u0151je.<br \/>\n    Az elk\u00f6vetkez\u0151 h\u00f3napokban egyre gyakoribb\u00e1 v\u00e1ltak a Korea-k\u00f6zti egyeztet\u00e9sek. A f\u00e9lsziget atommentes\u00edt\u00e9s\u00e9t Sz\u00f6ul &#8211; \u00fagy t\u0171nik &#8211; nem tette els\u0151dleges c\u00e9lj\u00e1v\u00e1, fontosabbnak tal\u00e1lta a kapcsolatok szorosabbra f\u0171z\u00e9s\u00e9t. Egyebek k\u00f6zt meg\u00e1llapodtak arr\u00f3l, hogy tart\u00f3zkodnak minden ellens\u00e9ges tev\u00e9keny\u00e9gt\u0151l a k\u00f6z\u00f6s hat\u00e1r\u00f6vezetben, \u00e9s megkezdt\u00e9k a fegyverek kivon\u00e1s\u00e1t Panmindzsonb\u00f3l, hat\u00e1rellen\u0151rz\u00e9si posztok felsz\u00e1mol\u00e1s\u00e1t, az \u00e9szak-koreai vas\u00fatvonal moderniz\u00e1l\u00e1s\u00e1t \u00e9s a hat\u00e1ron \u00e1t\u00edvel\u0151 \u00f6sszekapcsol\u00e1s\u00e1nak el\u0151munk\u00e1latait. Egyel\u0151re teh\u00e1t minden jel arra utal, hogy Sz\u00f6ul komolyan gondolja a k\u00f6zeled\u00e9st Phenjanhoz, elt\u00f6k\u00e9lt abban, hogy a demilitariz\u00e1lt \u00f6vezetet &#8211; Kim szavai szerint &#8211; a b\u00e9ke sziget\u00e9v\u00e9 tegye.<br \/>\n    Phenjan Washington ir\u00e1nti j\u00f3 sz\u00e1nd\u00e9ka jel\u00e9\u00fcl m\u00e1jusban lerombolta a Phungeriben l\u00e9v\u0151 atoml\u00e9tes\u00edtm\u00e9nyt. Szak\u00e9rt\u0151k szerint tette ezt az\u00e9rt, mert m\u00e1r nem volt sz\u00fcks\u00e9ge a l\u00e9tes\u00edtm\u00e9nyre, amelynek lebont\u00e1sa nem gyakorolt hat\u00e1st az \u00e1zsiai orsz\u00e1g nukle\u00e1ris arzen\u00e1lj\u00e1ra.<br \/>\n    Donald Trump j\u00faniusban szem\u00e9lyesen tal\u00e1lkozott Kim Dzson Unnal Szingap\u00farban. A k\u00e9t vezet\u0151 a tavalyi \u00e9vben s\u00e9rt\u00e9sek t\u00f6mkeleg\u00e9vel illette egym\u00e1st, Trump egyebek k\u00f6zt k\u00f6pc\u00f6s, rak\u00e9t\u00e1s embernek nevezte az \u00e9szak-koreai vezet\u0151t, Phenjan pedig nemes egyszer\u0171s\u00e9ggel lefogyat\u00e9kosozta az amerikai eln\u00f6k\u00f6t.<br \/>\n    A szingap\u00fari cs\u00facs ut\u00e1n ez a kapcsolat radik\u00e1lis v\u00e1ltoz\u00e1son ment \u00e1t, Trump megenyh\u00fclt, szavai szerint bar\u00e1ti kapcsolatot \u00e9p\u00edtett ki Kimmel. A tal\u00e1lkoz\u00f3n ugyanis Kim meger\u0151s\u00edtette orsz\u00e1ga elt\u00f6k\u00e9lts\u00e9g\u00e9t a nukle\u00e1ris leszerel\u00e9sben, \u00e9s meg\u00e1llapodtak a koreai h\u00e1bor\u00faban elesett amerikai katon\u00e1k f\u00f6ldi maradv\u00e1nyainak visszaszolg\u00e1ltat\u00e1s\u00e1ban.<br \/>\n    \u00c9szak-Korea sz\u00e1mos gesztust tett Washingtonnak: betartva \u00edg\u00e9ret\u00e9t, t\u00f6bb sz\u00e1z katona maradv\u00e1nyait adta vissza az Egyes\u00fclt \u00c1llamoknak, \u00e9s bont\u00e1si munk\u00e1latokba kezdett a Dongcsang-riben tal\u00e1lhat\u00f3 rak\u00e9tak\u00f6zpontj\u00e1ban. A ny\u00e1r v\u00e9g\u00e9re azonban e munk\u00e1latok le\u00e1lltak, mik\u00f6zben a jongbjoni atomer\u0151m\u0171ben \u00e9p\u00edtkez\u00e9sek indultak.<br \/>\n    A nukle\u00e1ris leszerel\u00e9snek Washington nem szabott hat\u00e1rid\u0151t, amit az amerikai eln\u00f6k v\u00e9delm\u00e9be is vett. Mi t\u00f6bb, kijelentette: megsz\u0171nt az \u00c9szak-Korea jelentette vesz\u00e9ly, \u00e9s nem kell s\u00fcrgetni a leszerel\u00e9st.<br \/>\n    Mik\u00f6zben Trump a Kimmel \u00e1polt j\u00f3 kapcsolat\u00e1val dicsekedett, az atommentes\u00edt\u00e9sre vonatkoz\u00f3 t\u00e1rgyal\u00e1sok elakadtak. Mike Pompeo t\u00f6bb alkalommal is Phenjanba utazott hogy el\u0151rel\u00e9p\u00e9st \u00e9rjen el, de mindig \u00fcres k\u00e9zzel t\u00e9rt vissza.<br \/>\n    Az amerika-\u00e9szak-koreai t\u00e1rgyal\u00e1sok a ny\u00e1ron j\u00f3 ir\u00e1nyba haladtak, Trump j\u00f3 sz\u00e1nd\u00e9ka jel\u00e9\u00fcl felf\u00fcggesztett egy augusztusi amerikai-d\u00e9l-koreai hadgyakorlatot is. Washington mindazon\u00e1ltal nem enyh\u00edtett a Phenjan elleni szankci\u00f3kon, mi t\u00f6bb, \u00fajabbakat hozott.<br \/>\n    Phenjan egyre v\u00e9rmesebben az ellene kivetett szankci\u00f3k felold\u00e1s\u00e1t k\u00f6vetelte, indokl\u00e1sa szerint a nukle\u00e1ris leszerel\u00e9se folytat\u00e1s\u00e1hoz. Washington azonban nem engedett ebb\u0151l, \u00e9s novemberben a Koreai-f\u00e9lsziget k\u00f6r\u00fcli hadgyakorlatokat is \u00fajraind\u00edtotta.<br \/>\n    A Phenjan val\u00f3di sz\u00e1nd\u00e9kait \u00f6vez\u0151 k\u00f6d\u00f6t szertefoszlatta a KCNA \u00e9szak-koreai h\u00edr\u00fcgyn\u00f6ks\u00e9g kar\u00e1csony el\u0151tt kiadott, \u00e9les hangv\u00e9tel\u0171, Washingtonnak sz\u00e1nt k\u00f6zlem\u00e9nye, melyben lesz\u00f6gezte: \u00c9szak-Korea sosem fogja egyoldal\u00faan feladni nukle\u00e1ris fegyverzet\u00e9t.<br \/>\n    Sz\u00f6ul felismerte azt, hogy nem k\u00e9rheti \u00e9szaki szomsz\u00e9dj\u00e1t\u00f3l, hogy v\u00e1ljon meg egyetlen adu\u00e1sz\u00e1t\u00f3l, a nukle\u00e1ris fegyverekt\u0151l. Ehelyett a k\u00f6lcs\u00f6n\u00f6s bizalmat \u00e9p\u00edt\u0151 politik\u00e1ra helyezte a hangs\u00falyt, amivel hossz\u00fa t\u00e1von mindk\u00e9t Korea gazdas\u00e1ga j\u00f3l j\u00e1rhat, az \u00edgy szorosabbra f\u0171z\u00f6tt egy\u00fcttm\u0171k\u00f6d\u00e9s r\u00e9v\u00e9n pedig biztos\u00edthatja a f\u00e9lsziget b\u00e9k\u00e9j\u00e9t. V\u00e9lhet\u0151en Sz\u00f6ul tiszt\u00e1ban van azzal, hogy Kim Dzsong Un sz\u00edv\u00e9hez a gazdas\u00e1gi fellend\u00fcl\u00e9sen \u00e1t vezet az \u00fat.<br \/>\n    Ennek viszont akad\u00e1lya az Egyes\u00fclt \u00c1llamok \u00e9s az ENSZ szankci\u00f3i Phenjan ellen.<br \/>\n    Mindennek f\u00e9ny\u00e9ben meg\u00e1llap\u00edthat\u00f3, hogy patthelyzet alakult ki: Washington nem oldja fel szankci\u00f3it, am\u00edg Phenjan nem bizony\u00edtja, el\u0151rel\u00e9p\u00e9st t\u00f6rt\u00e9nt a leszerel\u00e9s ter\u00fclet\u00e9n, Phenjannak viszont gazdas\u00e1gi \u00f6szt\u00f6nz\u00e9s n\u00e9lk\u00fcl esze \u00e1g\u00e1ban sem lesz megv\u00e1lni fegyvereit\u0151l.(MTI)<\/p>\n","protected":false},"excerpt":{"rendered":"<p>A b\u00e9k\u00fcl\u00e9sr\u0151l \u00e9s az \u00edg\u00e9retekr\u0151l sz\u00f3lt az idei \u00e9v \u00c9szak-Kore\u00e1ban, Kim Dzsong Un tal\u00e1lkozott a d\u00e9l-koreai eln\u00f6kkel, megind\u00edtva a k\u00e9t Korea k\u00f6zti k\u00f6zeled\u00e9st, illetve Donald Trumppal, akinek \u00edg\u00e9retet tett a Koreai-f\u00e9lsziget atommentes\u00edt\u00e9s\u00e9re, hogy &#8211; megfigyel\u0151k szerint &#8211; el\u00e9rje az amerikai eln\u00f6kn\u00e9l az \u00c9szak-Korea elleni szankci\u00f3k felold\u00e1s\u00e1t.<\/p>\n","protected":false},"author":1001003,"featured_media":0,"comment_status":"closed","ping_status":"open","sticky":false,"template":"","format":"standard","meta":[],"categories":[14,5],"tags":[],"_links":{"self":[{"href":"https:\/\/gazdasagportal.hu\/index.php\/wp-json\/wp\/v2\/posts\/112264"}],"collection":[{"href":"https:\/\/gazdasagportal.hu\/index.php\/wp-json\/wp\/v2\/posts"}],"about":[{"href":"https:\/\/gazdasagportal.hu\/index.php\/wp-json\/wp\/v2\/types\/post"}],"author":[{"embeddable":true,"href":"https:\/\/gazdasagportal.hu\/index.php\/wp-json\/wp\/v2\/users\/1001003"}],"replies":[{"embeddable":true,"href":"https:\/\/gazdasagportal.hu\/index.php\/wp-json\/wp\/v2\/comments?post=112264"}],"version-history":[{"count":1,"href":"https:\/\/gazdasagportal.hu\/index.php\/wp-json\/wp\/v2\/posts\/112264\/revisions"}],"predecessor-version":[{"id":112265,"href":"https:\/\/gazdasagportal.hu\/index.php\/wp-json\/wp\/v2\/posts\/112264\/revisions\/112265"}],"wp:attachment":[{"href":"https:\/\/gazdasagportal.hu\/index.php\/wp-json\/wp\/v2\/media?parent=112264"}],"wp:term":[{"taxonomy":"category","embeddable":true,"href":"https:\/\/gazdasagportal.hu\/index.php\/wp-json\/wp\/v2\/categories?post=112264"},{"taxonomy":"post_tag","embeddable":true,"href":"https:\/\/gazdasagportal.hu\/index.php\/wp-json\/wp\/v2\/tags?post=112264"}],"curies":[{"name":"wp","href":"https:\/\/api.w.org\/{rel}","templated":true}]}}