{"id":112260,"date":"2018-12-29T11:50:29","date_gmt":"2018-12-29T10:50:29","guid":{"rendered":"http:\/\/gazdasagportal.hu\/?p=112260"},"modified":"2018-12-29T11:50:29","modified_gmt":"2018-12-29T10:50:29","slug":"evertekelo-az-alkotmanymodositas-es-a-kereskedelmi-haboru-eve-volt-2018-kinaban","status":"publish","type":"post","link":"https:\/\/gazdasagportal.hu\/index.php\/evertekelo-az-alkotmanymodositas-es-a-kereskedelmi-haboru-eve-volt-2018-kinaban\/","title":{"rendered":"\u00c9v\u00e9rt\u00e9kel\u0151 &#8211; Az alkotm\u00e1nym\u00f3dos\u00edt\u00e1s \u00e9s a kereskedelmi h\u00e1bor\u00fa \u00e9ve volt 2018 K\u00edn\u00e1ban"},"content":{"rendered":"<p><strong>A k\u00ednai \u00e1llamf\u0151 hivatali idej\u00e9re vonatkoz\u00f3 korl\u00e1toz\u00e1st elt\u00f6rl\u0151 alkotm\u00e1nym\u00f3dos\u00edt\u00e1s, az Egyes\u00fclt \u00c1llamokkal kialakult kereskedelmi cs\u00f6rte \u00e9s a muszlim vall\u00e1s\u00fa ujgur kisebbs\u00e9g tagjainak fogva tart\u00e1s\u00e1ra kialak\u00edtott \u00e1tnevel\u0151 t\u00e1borok vezett\u00e9k a K\u00edn\u00e1val kapcsolatos h\u00edreket 2018-ban, mik\u00f6zben Peking fontos szerepet t\u00f6lt\u00f6tt be a Koreai-f\u00e9lsziget atommentes\u00edt\u00e9s\u00e9re tett nemzetk\u00f6zi er\u0151fesz\u00edt\u00e9sekben, valamint hossz\u00fa id\u0151 ut\u00e1n jav\u00edtotta viszony\u00e1t Jap\u00e1nnal. <\/strong><!--more--><\/p>\n<div class=\"ads-in-post1\"><div id=\"gazdasagportal.hu_fullbanner_wideboard\"><\/div>\r\n<\/div>\n<p>    A k\u00ednai parlament m\u00e1rcius 11-\u00e9n megszavazta az alkotm\u00e1nym\u00f3dos\u00edt\u00e1st, amelynek \u00e9rtelm\u00e9ben elt\u00f6rlik a k\u00ednai \u00e1llamf\u0151 hivatali idej\u00e9re vonatkoz\u00f3 korl\u00e1toz\u00e1st. Az eddigi szab\u00e1lyoz\u00e1s szerint ugyanaz a szem\u00e9ly legfeljebb k\u00e9tszer \u00f6t \u00e9vig viselhette az \u00e1llamf\u0151i tiszts\u00e9get. A korl\u00e1toz\u00e1s elt\u00f6rl\u00e9s\u00e9vel a 2013 \u00f3ta eln\u00f6k Hszi Csin-ping ak\u00e1r \u00e9lete v\u00e9g\u00e9ig is \u00e1llamf\u0151 maradhat. A k\u00ednai parlament egy h\u00e9ttel k\u00e9s\u0151bb ellenszavazat n\u00e9lk\u00fcl v\u00e1lasztotta \u00fajra \u00e1llamf\u0151nek \u00e9s a K\u00ednai Kommunista P\u00e1rt K\u00f6zponti Katonai Bizotts\u00e1g\u00e1nak eln\u00f6k\u00e9v\u00e9 \u00fajabb \u00f6t \u00e9vre Hszi Csin-pinget, akit sokan azzal v\u00e1dolnak, hogy szem\u00e9lyi kultuszt \u00e9p\u00edt maga k\u00f6r\u00e9.<br \/>\n    A vil\u00e1g m\u00e1sodik legnagyobb gazdas\u00e1ga mindek\u00f6zben kereskedelmi konfliktusba ker\u00fclt a vil\u00e1g legnagyobb gazdas\u00e1g\u00e1val, az Egyes\u00fclt \u00c1llamokkal.<br \/>\n    Donald Trump amerikai eln\u00f6k rendszeresen azzal v\u00e1dolta a k\u00ednai korm\u00e1nyt, hogy az amerikai c\u00e9geket szellemi tulajdonuk \u00e1tad\u00e1s\u00e1ra k\u00e9nyszer\u00edti annak fej\u00e9ben, hogy gazdas\u00e1gi tev\u00e9kenys\u00e9get folytathassanak az \u00e1zsiai orsz\u00e1gban. Washingtont emellett egyre ink\u00e1bb aggasztotta a k\u00ednai t\u00f6bblet nagys\u00e1ga a k\u00e9toldal\u00fa kereskedelemben. 2017-ben 375 milli\u00e1rd doll\u00e1r amerikai k\u00fclkereskedelmi deficit alakult ki a K\u00edn\u00e1val foly\u00f3 kereskedelemben.<br \/>\n    Trump eln\u00f6k m\u00e1rciusban rendeletet \u00edrt al\u00e1, melynek el\u0151\u00edr\u00e1sa szerint 60 milli\u00e1rd doll\u00e1r \u00e9rt\u00e9k\u0171 k\u00ednai importcikkekre k\u00e9sz\u00fcltek \u00faj v\u00e1mokat kivetni, els\u0151sorban technol\u00f3giai \u00e9s telekommunik\u00e1ci\u00f3s term\u00e9kekre. Peking ar\u00e1nyos v\u00e1laszt \u00edg\u00e9rt.<br \/>\n<div class=\"ads-in-post2\"><script async src=\"https:\/\/pagead2.googlesyndication.com\/pagead\/js\/adsbygoogle.js\"><\/script>\r\n<ins class=\"adsbygoogle\"\r\n     style=\"display:block\"\r\n     data-ad-format=\"fluid\"\r\n     data-ad-layout-key=\"-6t+ed+2i-1n-4w\"\r\n     data-ad-client=\"ca-pub-1959107119989764\"\r\n     data-ad-slot=\"4008251320\"><\/ins>\r\n<script>\r\n     (adsbygoogle = window.adsbygoogle || []).push({});\r\n<\/script><\/div>\n    A k\u00f6vetkez\u0151 h\u00f3napok sor\u00e1n Washington \u00e9s Peking az adok-kapok elv alapj\u00e1n sorra jelentette be az \u00fajabb \u00e9s \u00fajabb term\u00e9kekre vonatkoz\u00f3 p\u00f3tv\u00e1mok bevezet\u00e9s\u00e9t.<br \/>\n    Washington fenyeget\u00e9seit betartva j\u00falius 6-t\u00f3l 25 sz\u00e1zal\u00e9kos p\u00f3tl\u00f3lagos v\u00e1mot vetett ki 818, \u00f6sszesen 34 milli\u00e1rd doll\u00e1rnyi, K\u00edn\u00e1ban gy\u00e1rtott term\u00e9kre. K\u00edna v\u00e1laszul 25 sz\u00e1zal\u00e9kos p\u00f3tl\u00f3lagos v\u00e1mot vetett ki ugyancsak 34 milli\u00e1rd doll\u00e1r \u00e9rt\u00e9k\u0171 amerikai term\u00e9kre.<br \/>\n    December elej\u00e9n a G20 orsz\u00e1gcsoport Buenos Aires-i cs\u00facs\u00e9rtekezlet\u00e9t k\u00f6vet\u0151en Trump eln\u00f6k Hszi Csin-pinggel tal\u00e1lkozott, \u00e9s meg\u00e1llapodtak, hogy az Egyes\u00fclt \u00c1llamokban nem vezetik be a p\u00f3tl\u00f3lagos v\u00e1mokat janu\u00e1rt\u00f3l a k\u00ednai \u00e1rukra, a k\u00e9toldal\u00fa t\u00e1rgyal\u00e1sokat pedig folytatj\u00e1k. Donald Trump beleegyezett abba, hogy az \u00faj v\u00e1mtarif\u00e1k bevezet\u00e9s\u00e9t 90 napra felf\u00fcggesztik a mintegy 200 milli\u00e1rd doll\u00e1rnyi k\u00ednai \u00e1rura. A k\u00ednai f\u00e9l ugyanakkor elfogadta azt, hogy jelent\u0151s m\u00e9rt\u00e9k\u0171 amerikai mez\u0151gazdas\u00e1gi, energetikai, ipari, valamint m\u00e1s term\u00e9ket v\u00e1s\u00e1rol, hogy cs\u00f6kkenjen az Egyes\u00fclt \u00c1llamoknak K\u00edn\u00e1val szemben fenn\u00e1ll\u00f3 hatalmas m\u00e9rt\u00e9k\u0171 kereskedelmi deficitje.<br \/>\n    K\u00edna vitathatatlanul fontos szerepet j\u00e1tszott az \u00e1prilis v\u00e9g\u00e9n lezajlott Korea-k\u00f6zi tal\u00e1lkoz\u00f3 megval\u00f3sul\u00e1s\u00e1ban, valamint abban, hogy \u00c9szak-Korea \u00edg\u00e9retet tett a f\u00e9lsziget atommentes\u00edt\u00e9s\u00e9re.<br \/>\n    Peking m\u00e9g tavaly decemberben drasztikusan &#8211; 81,6 sz\u00e1zal\u00e9kkal &#8211; cs\u00f6kkentette kereskedelm\u00e9t \u00c9szak-Kore\u00e1val, ezzel er\u0151s\u00edtend\u0151 a nemzetk\u00f6zi nyom\u00e1st \u00e9szaki szomsz\u00e9dj\u00e1ra, hogy hagyjon fel rak\u00e9ta- \u00e9s atomfegyverprogramj\u00e1val. K\u00edna a kommunista diktat\u00fara legfontosabba gazdas\u00e1gi partnere, Phenjan k\u00fclkereskedelmi forgalm\u00e1nak 90 sz\u00e1zal\u00e9k\u00e1t Pekinggel bonyol\u00edtja, amely a legf\u0151bb olajell\u00e1t\u00f3ja is.<br \/>\n    Az \u00e9v sor\u00e1n Kim Dzsong Un \u00e9szak-koreai vezet\u0151 h\u00e1rom l\u00e1togat\u00e1st tett K\u00edn\u00e1ban.<br \/>\n    M\u00e1jus k\u00f6zep\u00e9n nagy port kavart az a sajt\u00f3\u00e9rtes\u00fcl\u00e9s, miszerint a nyugat-k\u00ednai Hszincsiang tartom\u00e1nyban olyan \u00e1tnevel\u0151t\u00e1borok m\u0171k\u00f6dnek, ahol arra k\u00e9nyszer\u00edtik a muzulm\u00e1n fogvatartottakat, hogy tagadj\u00e1k meg vall\u00e1sukat.<br \/>\n    Az amerikai k\u00fcl\u00fcgyminiszt\u00e9rium \u00e1ll\u00edt\u00e1sa szerint t\u00f6bb t\u00edzezer ember raboskodik ilyen t\u00e1borokban. M\u00e1s forr\u00e1sok szerint 900 ezer \u00e9s 1 milli\u00f3 felettire is tehet\u0151 az \u00e1llami ideol\u00f3gi\u00e1t tanul\u00f3k sz\u00e1ma, mik\u00f6zben er\u0151s a gyan\u00fa, hogy folyamatosan \u00e9p\u00fclnek a l\u00e1gerek.<br \/>\n    A k\u00ednai k\u00fcl\u00fcgyminiszt\u00e9rium eleinte teljes m\u00e9rt\u00e9kben tagadta a t\u00e1borok l\u00e9tez\u00e9s\u00e9t. Augusztusban az ENSZ egyik test\u00fclet\u00e9nek erre vonatkoz\u00f3 jelent\u00e9s\u00e9t is elutas\u00edtotta, annyit azonban elismert, hogy n\u00e9h\u00e1ny embert \u00e1tnevel\u00e9s al\u00e1 vetettek, miut\u00e1n &#8211; Peking szerint &#8211; sz\u00e9ls\u0151s\u00e9gesek t\u00e9v\u00fatra vezett\u00e9k \u0151ket. A k\u00ednai \u00e1ll\u00e1spont szerint Hszincsiang b\u00e9k\u00e9j\u00e9t iszlamista mil\u00edci\u00e1k \u00e9s szakad\u00e1rok vesz\u00e9lyeztetik, akik t\u00e1mad\u00e1sokat terveznek \u00e9s megpr\u00f3b\u00e1lj\u00e1k ki\u00e9lezni a fesz\u00fclts\u00e9get a muszlim ujgur kisebbs\u00e9g \u00e9s a han k\u00ednai t\u00f6bbs\u00e9g k\u00f6z\u00f6tt.<br \/>\n    Novemberben a k\u00ednai k\u00fcl\u00fcgyminiszter m\u00e1r \u00fagy nyilatkozott: a Hszincsiang-Ujgur Auton\u00f3m Ter\u00fcleten tal\u00e1lhat\u00f3 \u00e1tnevel\u0151 t\u00e1borok a terrorizmus elleni &#8222;megel\u0151z\u0151 int\u00e9zked\u00e9s&#8221; r\u00e9szei.<br \/>\n    Ami\u00f3ta Caj Jing-ven tajvani eln\u00f6k a f\u00fcggetlens\u00e9g-p\u00e1rti Demokratikus Halad\u00f3 P\u00e1rt (DPP) jel\u00f6ltjek\u00e9nt k\u00e9t \u00e9ve elfoglalta a hivatal\u00e1t, K\u00edna egyre ellens\u00e9gesebb magatart\u00e1st tan\u00fas\u00edt az \u00e1ltala<br \/>\nsaj\u00e1t ter\u00fclet\u00e9nek tekintett sziget ir\u00e1nt, j\u00f3llehet Caj \u00edg\u00e9retet tett a jelen \u00e1llapot meg\u0151rz\u00e9s\u00e9re \u00e9s a b\u00e9ke fenntart\u00e1s\u00e1ra. K\u00edna r\u00e1ad\u00e1sul mindek\u00f6zben rohaml\u00e9pt\u00e9kkel fejleszti haderej\u00e9t, hogy az \u00e9vsz\u00e1zad k\u00f6zep\u00e9re vil\u00e1gsz\u00ednvonal\u00fa hadsereggel rendelkezzen. E k\u00e9t t\u00e9nyez\u0151 egy\u00fctt nem csup\u00e1n a t\u00e9rs\u00e9gben, de Washingtonban is komoly aggodalmat kelt.<br \/>\n    M\u00e1jus elej\u00e9n a k\u00ednai l\u00e9gier\u0151 bomb\u00e1z\u00f3rep\u00fcl\u0151i \u00e9s vad\u00e1szg\u00e9pei gyakorlatoztak Tajvan k\u00f6r\u00fcl, j\u00fanius elej\u00e9n pedig a tajvani hadsereg szimul\u00e1lta egy k\u00ednai l\u00e9git\u00e1mad\u00e1s visszaver\u00e9s\u00e9t.<br \/>\n    2018-ben megkezd\u0151d\u00f6tt a jap\u00e1n-k\u00ednai kapcsolatok \u00fajj\u00e1\u00e9p\u00edt\u00e9se. T\u00f6bb \u00e9ves hi\u00e1tus ut\u00e1n id\u00e9n k\u00fcl\u00fcgyminiszteri, minisztereln\u00f6ki-\u00e1llamf\u0151i cs\u00facstal\u00e1lkoz\u00f3 is l\u00e9trej\u00f6tt a k\u00e9t orsz\u00e1g k\u00f6z\u00f6tt.(MTI)<\/p>\n","protected":false},"excerpt":{"rendered":"<p>A k\u00ednai \u00e1llamf\u0151 hivatali idej\u00e9re vonatkoz\u00f3 korl\u00e1toz\u00e1st elt\u00f6rl\u0151 alkotm\u00e1nym\u00f3dos\u00edt\u00e1s, az Egyes\u00fclt \u00c1llamokkal kialakult kereskedelmi cs\u00f6rte \u00e9s a muszlim vall\u00e1s\u00fa ujgur kisebbs\u00e9g tagjainak fogva tart\u00e1s\u00e1ra kialak\u00edtott \u00e1tnevel\u0151 t\u00e1borok vezett\u00e9k a K\u00edn\u00e1val kapcsolatos h\u00edreket 2018-ban, mik\u00f6zben Peking fontos szerepet t\u00f6lt\u00f6tt be a Koreai-f\u00e9lsziget atommentes\u00edt\u00e9s\u00e9re tett nemzetk\u00f6zi er\u0151fesz\u00edt\u00e9sekben, valamint hossz\u00fa id\u0151 ut\u00e1n jav\u00edtotta viszony\u00e1t Jap\u00e1nnal.<\/p>\n","protected":false},"author":1001003,"featured_media":0,"comment_status":"closed","ping_status":"open","sticky":false,"template":"","format":"standard","meta":[],"categories":[14,5],"tags":[],"_links":{"self":[{"href":"https:\/\/gazdasagportal.hu\/index.php\/wp-json\/wp\/v2\/posts\/112260"}],"collection":[{"href":"https:\/\/gazdasagportal.hu\/index.php\/wp-json\/wp\/v2\/posts"}],"about":[{"href":"https:\/\/gazdasagportal.hu\/index.php\/wp-json\/wp\/v2\/types\/post"}],"author":[{"embeddable":true,"href":"https:\/\/gazdasagportal.hu\/index.php\/wp-json\/wp\/v2\/users\/1001003"}],"replies":[{"embeddable":true,"href":"https:\/\/gazdasagportal.hu\/index.php\/wp-json\/wp\/v2\/comments?post=112260"}],"version-history":[{"count":1,"href":"https:\/\/gazdasagportal.hu\/index.php\/wp-json\/wp\/v2\/posts\/112260\/revisions"}],"predecessor-version":[{"id":112261,"href":"https:\/\/gazdasagportal.hu\/index.php\/wp-json\/wp\/v2\/posts\/112260\/revisions\/112261"}],"wp:attachment":[{"href":"https:\/\/gazdasagportal.hu\/index.php\/wp-json\/wp\/v2\/media?parent=112260"}],"wp:term":[{"taxonomy":"category","embeddable":true,"href":"https:\/\/gazdasagportal.hu\/index.php\/wp-json\/wp\/v2\/categories?post=112260"},{"taxonomy":"post_tag","embeddable":true,"href":"https:\/\/gazdasagportal.hu\/index.php\/wp-json\/wp\/v2\/tags?post=112260"}],"curies":[{"name":"wp","href":"https:\/\/api.w.org\/{rel}","templated":true}]}}