{"id":112252,"date":"2018-12-29T04:51:11","date_gmt":"2018-12-29T03:51:11","guid":{"rendered":"http:\/\/gazdasagportal.hu\/?p=112252"},"modified":"2018-12-28T20:54:11","modified_gmt":"2018-12-28T19:54:11","slug":"evertekelo-nem-javult-de-nem-is-romlott-az-erdelyi-magyarsag-helyzete-a-roman-centenarium-eveben","status":"publish","type":"post","link":"https:\/\/gazdasagportal.hu\/index.php\/evertekelo-nem-javult-de-nem-is-romlott-az-erdelyi-magyarsag-helyzete-a-roman-centenarium-eveben\/","title":{"rendered":"\u00c9v\u00e9rt\u00e9kel\u0151 &#8211; Nem javult, de nem is romlott az erd\u00e9lyi magyars\u00e1g helyzete a rom\u00e1n centen\u00e1rium \u00e9v\u00e9ben"},"content":{"rendered":"<p><strong>Nem javult, de nem is romlott az erd\u00e9lyi magyars\u00e1g helyzete 2018-ban, Erd\u00e9ly \u00e9s Rom\u00e1nia egyes\u00fcl\u00e9se egyoldal\u00fa kinyilv\u00e1n\u00edt\u00e1s\u00e1nak a centen\u00e1riumi \u00e9v\u00e9ben. <\/strong><!--more--><\/p>\n<div class=\"ads-in-post1\"><div id=\"gazdasagportal.hu_fullbanner_wideboard\"><\/div>\r\n<\/div>\n<p>    A magyar politikai szervezetek hi\u00e1ba kezdem\u00e9nyezt\u00e9k, hogy a centen\u00e1riumi \u00e9v legyen egy \u00faj kezdet \u00e9ve, \u00e9s induljanak t\u00e1rgyal\u00e1sok a rom\u00e1n-magyar viszony rendez\u00e9s\u00e9re. A t\u00e1rgyal\u00e1sok elmaradtak, de arra a magyarellenes kamp\u00e1nyra sem ker\u00fclt sor, amelyt\u0151l az \u00e9vfordul\u00f3 kapcs\u00e1n tartani lehetett. S\u0151t, mintha a magyarok k\u00e9sz\u00fcltek volna fel jobban az \u00e9vfordul\u00f3ra. A Rom\u00e1niai Magyar Demokrata Sz\u00f6vets\u00e9g (RMDSZ) \u00e9v elej\u00e9n elind\u00edtotta az 1000 \u00e9v Erd\u00e9lyben, 100 \u00e9v Rom\u00e1ni\u00e1ban programsorozatot, mely keret\u00e9ben t\u00f6rt\u00e9nelmi el\u0151ad\u00e1sokon id\u00e9zt\u00e9k az imp\u00e9riumv\u00e1lt\u00e1st, dokumentumfilm-sorozat k\u00e9sz\u00fclt az erd\u00e9lyi magyarok elm\u00falt \u00e9vsz\u00e1zad\u00e1r\u00f3l, ki\u00e1ll\u00edt\u00e1sokon, rendezv\u00e9nyeken mutatt\u00e1k be, hogy mivel j\u00e1rultak hozz\u00e1 a magyarok Rom\u00e1nia sikereihez. Kap\u00f3ra j\u00f6tt az is, hogy Tord\u00e1n janu\u00e1rban \u00fcnnepelt\u00e9k a vall\u00e1sszabads\u00e1g erd\u00e9lyi kinyilv\u00e1n\u00edt\u00e1s\u00e1nak a 450. \u00e9vfordul\u00f3j\u00e1t. Az \u00e9vfordul\u00f3k kapcs\u00e1n sokan sokf\u00e9lek\u00e9ppen elmondt\u00e1k, hogy m\u00edg 450 \u00e9vvel ezel\u0151tt Erd\u00e9ly a felekezetk\u00f6zi viszonyok rendez\u00e9s\u00e9vel megel\u0151zte Nyugat-Eur\u00f3p\u00e1t, ma Rom\u00e1nia az etnikumk\u00f6zi viszony rendez\u00e9s\u00e9ben elmarad az eur\u00f3pai j\u00f3 p\u00e9ld\u00e1kt\u00f3l.<br \/>\n<div class=\"ads-in-post2\"><script async src=\"https:\/\/pagead2.googlesyndication.com\/pagead\/js\/adsbygoogle.js\"><\/script>\r\n<ins class=\"adsbygoogle\"\r\n     style=\"display:block\"\r\n     data-ad-format=\"fluid\"\r\n     data-ad-layout-key=\"-6t+ed+2i-1n-4w\"\r\n     data-ad-client=\"ca-pub-1959107119989764\"\r\n     data-ad-slot=\"4008251320\"><\/ins>\r\n<script>\r\n     (adsbygoogle = window.adsbygoogle || []).push({});\r\n<\/script><\/div>\n    Az RMDSZ azzal pr\u00f3b\u00e1lt \u00faj helyzetet teremteni, hogy a rom\u00e1n \u00fcnnep m\u00e1snapj\u00e1n olyan t\u00f6rv\u00e9nytervezetet ny\u00fajtott be a parlamentben, amely az 1918 december elsej\u00e9n elfogadott gyulafeh\u00e9rv\u00e1ri nyilatkozatnak az egy\u00fctt \u00e9l\u0151 n\u00e9pekre vonatkoz\u00f3 bekezd\u00e9s\u00e9b\u0151l kiindulva pr\u00f3b\u00e1l auton\u00f3mi\u00e1t, nyelvhaszn\u00e1lati jogokat kodifik\u00e1lni. Sz\u00e9kelyf\u00f6ld auton\u00f3miastat\u00fatum\u00e1nak a t\u00f6rv\u00e9nytervezet\u00e9t imm\u00e1r harmadszor utas\u00edtotta el 2018-ban a rom\u00e1n parlament an\u00e9lk\u00fcl, hogy \u00e9rdemi t\u00e1rsadalmi vit\u00e1t siker\u00fclt volna kiv\u00e1ltani a t\u00e9m\u00e1ban. Nem siker\u00fclt a nyelvhaszn\u00e1lati jogok b\u0151v\u00edt\u00e9se sem. Hi\u00e1ba fogadta el a parlament a k\u00f6zigazgat\u00e1si t\u00f6rv\u00e9nyk\u00f6nyv kisebbs\u00e9gek sz\u00e1m\u00e1ra kedvez\u0151 m\u00f3dos\u00edt\u00e1sait, az Alkotm\u00e1nyb\u00edr\u00f3s\u00e1g \u00fagy \u00edt\u00e9lte meg, hogy s\u00e9rtette az alapt\u00f6rv\u00e9nyt a t\u00f6rv\u00e9nym\u00f3dos\u00edt\u00e1s elj\u00e1r\u00e1sa, ez\u00e9rt visszak\u00fcldte a jogszab\u00e1lyt a parlamentnek.<br \/>\n    A magyar \u00e9rdekk\u00e9pviseletnek t\u00f6bbnyire a k\u00e1rment\u00e9s foglalta le az energi\u00e1it. T\u00f6bbsz\u00f6ri nekifut\u00e1sra v\u00e9g\u00fcl miniszteri rendelet tette lehet\u0151v\u00e9, hogy szeptembert\u0151l \u00fajrainduljon az egy \u00e9vvel kor\u00e1bban felsz\u00e1molt marosv\u00e1s\u00e1rhelyi R\u00f3mai Katolikus Gimn\u00e1zium. T\u00f6bb h\u00f3napi egyeztet\u00e9st ig\u00e9nyelt az is, hogy \u00e9rv\u00e9nytelen\u00edts\u00e9k azt a miniszteri rendeletet, amely megtiltotta, hogy az elemi iskol\u00e1k magyar oszt\u00e1lyaiban a magyar tan\u00edt\u00f3k oktass\u00e1k a rom\u00e1n nyelvet.<br \/>\n    A sz\u00e9kely \u00e9s magyar nemzeti szimb\u00f3lumok, valamint a magyar feliratok ellen folytatott peresked\u00e9st jobb\u00e1ra a M\u00e9lt\u00f3s\u00e1g\u00e9rt Eur\u00f3p\u00e1ban Polg\u00e1ri Egyes\u00fclet (ADEC) vette \u00e1t a korm\u00e1ny megb\u00edzottjak\u00e9nt m\u0171k\u00f6d\u0151 sz\u00e9kelyf\u00f6ldi prefektusokt\u00f3l. Az egyes\u00fclet az\u00e9rt is pert ind\u00edtott a sepsiszentgy\u00f6rgyi \u00f6nkorm\u00e1nyzat ellen, mert magyar nyelv\u0171 diplom\u00e1t \u00e1ll\u00edtott ki a Pro Urbe d\u00edjjal kit\u00fcntetett Farkas \u00c1rp\u00e1d k\u00f6lt\u0151nek. A b\u00edr\u00f3s\u00e1gok az ADEC keresete nyom\u00e1n sorra mondt\u00e1k ki az \u00edt\u00e9leteket, amelyekben k\u00f6zter\u00fcletre kit\u0171z\u00f6tt sz\u00e9kely z\u00e1szl\u00f3k elt\u00e1vol\u00edt\u00e1s\u00e1ra, &#8222;k\u00f6zs\u00e9gh\u00e1za&#8221; vagy &#8222;v\u00e1rosh\u00e1za&#8221; feliratok elt\u00fcntet\u00e9s\u00e9re, vagy ezek elmulaszt\u00e1sa eset\u00e9n tetemes b\u00edrs\u00e1gok kifizet\u00e9s\u00e9re k\u00f6telezt\u00e9k a b\u00edr\u00f3s\u00e1gok a polg\u00e1rmestereket. A b\u00edrs\u00e1gok ellen az RMDSZ szolidarit\u00e1si alap l\u00e9trehoz\u00e1s\u00e1val pr\u00f3b\u00e1lt v\u00e9dekezni.<br \/>\n    Az \u00e9v sor\u00e1n az erd\u00e9lyi magyars\u00e1g \u00fajabb bizony\u00edt\u00e9kokat kapott arra, hogy szimbolikus magyar \u00fcgyekben aligha sz\u00e1m\u00edthat a rom\u00e1n igazs\u00e1gszolg\u00e1ltat\u00e1sra. A Brass\u00f3i T\u00e1blab\u00edr\u00f3s\u00e1g p\u00e9ld\u00e1ul joger\u0151s \u00edt\u00e9letben k\u00f6telezte a Kov\u00e1szna megyei \u00f6nkorm\u00e1nyzatot a megyez\u00e1szl\u00f3, a sz\u00e9kely \u00e9s a magyar z\u00e1szl\u00f3 elt\u00e1vol\u00edt\u00e1s\u00e1ra a tan\u00e1csterm\u00e9b\u0151l, de ugyanabban a teremben maradhatott az ezekkel egy\u00fctt adom\u00e1nyozott amerikai, n\u00e9met \u00e9s izraeli z\u00e1szl\u00f3.<br \/>\n    Az erd\u00e9lyi magyar sajt\u00f3 a k\u00f6z\u00f6ss\u00e9g elleni t\u00e1mad\u00e1sk\u00e9nt k\u00f6nyvelte el, hogy a legfels\u0151bb b\u00edr\u00f3s\u00e1g terrorizmus v\u00e1dj\u00e1val \u00f6t-\u00f6t \u00e9v b\u00f6rt\u00f6nb\u00fcntet\u00e9sre \u00edt\u00e9lte Beke Istv\u00e1nt, a Hatvann\u00e9gy V\u00e1rmegye Ifj\u00fas\u00e1gi Mozgalom (HVIM) k\u00e9zdiv\u00e1s\u00e1rhelyi eln\u00f6k\u00e9t \u00e9s Sz\u0151cs Zolt\u00e1nt, a HVIM erd\u00e9lyi szervezet\u00e9nek vezet\u0151j\u00e9t. Az egyik\u00fckn\u00e9l tal\u00e1lt pet\u00e1rd\u00e1kat bizony\u00edt\u00e9knak tekintett\u00e9k arra, hogy robbant\u00e1sos mer\u00e9nyletet k\u00edv\u00e1ntak v\u00e9grehajtani a K\u00e9zdiv\u00e1s\u00e1rhelyen par\u00e1d\u00e9z\u00f3 rom\u00e1n katon\u00e1k ellen. Az \u00edt\u00e9let az\u00e9rt is sokkolta a k\u00f6zv\u00e9lem\u00e9nyt, mert az els\u0151 fokon elj\u00e1r\u00f3 b\u00edr\u00f3s\u00e1g gyakorlatilag megsemmis\u00edtette a k\u00e9t f\u00e9rfi elleni v\u00e1diratot.<br \/>\n    Az igazs\u00e1gszolg\u00e1ltat\u00e1s 2018-ban is t\u00f6bb hangzatos \u00edt\u00e9lettel mutatta meg, hogy Rom\u00e1ni\u00e1ban lez\u00e1rult a visszaszolg\u00e1ltat\u00e1sok kora. Els\u0151 fokon elutas\u00edtotta a leg\u00e9rt\u00e9kesebb visszaig\u00e9nyelt \u00e9p\u00fclet \u00e9s gy\u0171jtem\u00e9ny, a gyulafeh\u00e9rv\u00e1ri Batthy\u00e1neum restit\u00faci\u00f3j\u00e1t, \u00e9s joger\u0151s \u00edt\u00e9letben utas\u00edtotta el az egyszer m\u00e1r visszaszolg\u00e1ltatott, de vissza\u00e1llamos\u00edtott sepsiszentgy\u00f6rgyi Sz\u00e9kely Mik\u00f3 Koll\u00e9gium restit\u00faci\u00f3j\u00e1t is. Visszaperelte ugyanakkor a rom\u00e1n \u00e1llam azt a 9300 hekt\u00e1r erd\u0151t is amelyet jogilag 2007-ben visszaszolg\u00e1ltattak B\u00e1nffy D\u00e1niel b\u00e1r\u00f3 lesz\u00e1rmazottjainak, de amelyet soha nem adtak \u00e1t az \u00f6r\u00f6k\u00f6s\u00f6knek.<br \/>\n    Az \u00e9v sor\u00e1n k\u00e9t emblematikus alakj\u00e1t, Kall\u00f3s Zolt\u00e1nt \u00e9s K\u00e1ny\u00e1di S\u00e1ndort is elveszt\u0151 erd\u00e9lyi magyar k\u00f6z\u00f6ss\u00e9g annak \u00f6rvendhetett, hogy a magyar \u00e1llam minden kor\u00e1bbin\u00e1l nagyobb volumen\u0171 t\u00e1mogat\u00e1st ny\u00fajtott sz\u00e1m\u00e1ra: meg\u00fajulhattak iskol\u00e1k, \u00e9p\u00fclhettek \u00f3vod\u00e1k, \u00e9s a Maros-mez\u0151s\u00e9gi k\u00eds\u00e9rleti gazdas\u00e1gfejleszt\u00e9si program sikere ut\u00e1n decemberben meghirdett\u00e9k a sz\u00e9kelyf\u00f6ldi gazdas\u00e1gfejleszt\u00e9si programot, amelyre 25 milli\u00e1rd forintot k\u00fcl\u00f6n\u00edtett el a korm\u00e1ny.<br \/>\n    J\u00f3 h\u00edrnek tekinthet\u0151 az is, hogy n\u00e9gy erd\u00e9lyi nagyv\u00e1ros polg\u00e1rmester\u00e9nek \u00e9ppen a rom\u00e1n centen\u00e1rium \u00e9v\u00e9ben lett elege abb\u00f3l, hogy Bukarest nem v\u00e9gzi el a r\u00e1 h\u00e1rul\u00f3 feladatokat az\u00e9rt, hogy a v\u00e1rosaik az EU alapjaib\u00f3l fejl\u0151dhessenek. Ez\u00e9rt Kolozsv\u00e1r, Temesv\u00e1r, Arad \u00e9s Nagyv\u00e1rad l\u00e9trehozta a Nyugat Sz\u00f6vets\u00e9g\u00e9t, hogy \u00edgy pr\u00f3b\u00e1lja megszerezni azokat az EU-s forr\u00e1sokat, amelyek Rom\u00e1ni\u00e1t illetik meg, de amelyek leh\u00edv\u00e1s\u00e1ra Bukarest k\u00e9ptelen.(MTI)<\/p>\n","protected":false},"excerpt":{"rendered":"<p>Nem javult, de nem is romlott az erd\u00e9lyi magyars\u00e1g helyzete 2018-ban, Erd\u00e9ly \u00e9s Rom\u00e1nia egyes\u00fcl\u00e9se egyoldal\u00fa kinyilv\u00e1n\u00edt\u00e1s\u00e1nak a centen\u00e1riumi \u00e9v\u00e9ben.<\/p>\n","protected":false},"author":1001003,"featured_media":0,"comment_status":"closed","ping_status":"open","sticky":false,"template":"","format":"standard","meta":[],"categories":[4,12],"tags":[],"_links":{"self":[{"href":"https:\/\/gazdasagportal.hu\/index.php\/wp-json\/wp\/v2\/posts\/112252"}],"collection":[{"href":"https:\/\/gazdasagportal.hu\/index.php\/wp-json\/wp\/v2\/posts"}],"about":[{"href":"https:\/\/gazdasagportal.hu\/index.php\/wp-json\/wp\/v2\/types\/post"}],"author":[{"embeddable":true,"href":"https:\/\/gazdasagportal.hu\/index.php\/wp-json\/wp\/v2\/users\/1001003"}],"replies":[{"embeddable":true,"href":"https:\/\/gazdasagportal.hu\/index.php\/wp-json\/wp\/v2\/comments?post=112252"}],"version-history":[{"count":1,"href":"https:\/\/gazdasagportal.hu\/index.php\/wp-json\/wp\/v2\/posts\/112252\/revisions"}],"predecessor-version":[{"id":112253,"href":"https:\/\/gazdasagportal.hu\/index.php\/wp-json\/wp\/v2\/posts\/112252\/revisions\/112253"}],"wp:attachment":[{"href":"https:\/\/gazdasagportal.hu\/index.php\/wp-json\/wp\/v2\/media?parent=112252"}],"wp:term":[{"taxonomy":"category","embeddable":true,"href":"https:\/\/gazdasagportal.hu\/index.php\/wp-json\/wp\/v2\/categories?post=112252"},{"taxonomy":"post_tag","embeddable":true,"href":"https:\/\/gazdasagportal.hu\/index.php\/wp-json\/wp\/v2\/tags?post=112252"}],"curies":[{"name":"wp","href":"https:\/\/api.w.org\/{rel}","templated":true}]}}