{"id":112247,"date":"2018-12-28T16:36:40","date_gmt":"2018-12-28T15:36:40","guid":{"rendered":"http:\/\/gazdasagportal.hu\/?p=112247"},"modified":"2018-12-28T16:36:40","modified_gmt":"2018-12-28T15:36:40","slug":"varga-2018-ban-tovabb-erosodott-a-magyar-gazdasag","status":"publish","type":"post","link":"https:\/\/gazdasagportal.hu\/index.php\/varga-2018-ban-tovabb-erosodott-a-magyar-gazdasag\/","title":{"rendered":"Varga: 2018-ban tov\u00e1bb er\u0151s\u00f6d\u00f6tt a magyar gazdas\u00e1g"},"content":{"rendered":"<p><strong>Id\u00e9n tov\u00e1bb er\u0151s\u00f6d\u00f6tt a magyar gazdas\u00e1g, k\u00e9t \u00e9vtizede nem l\u00e1tott m\u00e9rt\u00e9kben b\u0151v\u00fclt a hazai gazdas\u00e1g teljes\u00edtm\u00e9nye, ezt bizony\u00edtja, hogy a harmadik negyed\u00e9vben 5,2 sz\u00e1zal\u00e9kos volt a b\u0151v\u00fcl\u00e9s &#8211; mondta Varga Mih\u00e1ly p\u00e9nz\u00fcgyminiszter p\u00e9nteken, Budapesten \u00fajs\u00e1g\u00edr\u00f3knak.<\/strong><!--more--><\/p>\n<div class=\"ads-in-post1\"><div id=\"gazdasagportal.hu_fullbanner_wideboard\"><\/div>\r\n<\/div>\n<p>    A p\u00e9nz\u00fcgyminiszter kiemelte, hogy a gazdas\u00e1g n\u00f6veked\u00e9s\u00e9ben k\u00e9t h\u00faz\u00f3er\u0151 j\u00e1tszik szerepet: a fogyaszt\u00e1s \u00e9s a beruh\u00e1z\u00e1sok n\u00f6veked\u00e9se, a fogyaszt\u00e1s b\u0151v\u00fcl\u00e9s\u00e9t id\u00e9n a b\u00e9rek jelent\u0151s n\u00f6veked\u00e9se alapozta meg, a beruh\u00e1z\u00e1si r\u00e1ta pedig 20 sz\u00e1zal\u00e9k f\u00f6l\u00f6tti szintet \u00e9rt el.<br \/>\n    Az infl\u00e1ci\u00f3 &#8211; b\u00e1r voltak \u00e9vk\u00f6zbeni kileng\u00e9sek &#8211; 3 sz\u00e1zal\u00e9k alatt marad az \u00e9v eg\u00e9sz\u00e9t tekintve, a fegyelmezett \u00e1llamh\u00e1ztart\u00e1si politik\u00e1nak k\u00f6sz\u00f6nhet\u0151en pedig az \u00e1llamh\u00e1ztart\u00e1si deficit a GDP-hez m\u00e9rten, uni\u00f3s szeml\u00e9letben 2,4 sz\u00e1zal\u00e9k alatt marad id\u00e9n &#8211; mondta Varga Mih\u00e1ly.<br \/>\n    A p\u00e9nz\u00fcgyminiszter szerint az ipar is j\u00f3l teljes\u00edtett ebben az \u00e9vben, az ipari \u00e1gazatok k\u00f6z\u00fcl a j\u00e1rm\u0171ipar, a vegyipar, \u00e9s a gy\u00f3gyszeripar igen j\u00f3 eredm\u00e9nyeket mutatott fel.<br \/>\n<div class=\"ads-in-post2\"><script async src=\"https:\/\/pagead2.googlesyndication.com\/pagead\/js\/adsbygoogle.js\"><\/script>\r\n<ins class=\"adsbygoogle\"\r\n     style=\"display:block\"\r\n     data-ad-format=\"fluid\"\r\n     data-ad-layout-key=\"-6t+ed+2i-1n-4w\"\r\n     data-ad-client=\"ca-pub-1959107119989764\"\r\n     data-ad-slot=\"4008251320\"><\/ins>\r\n<script>\r\n     (adsbygoogle = window.adsbygoogle || []).push({});\r\n<\/script><\/div>\n    Varga Mih\u00e1ly r\u00e1mutatott: az \u00e9p\u00edt\u0151ipar id\u00e9n kiugr\u00f3 teljes\u00edtm\u00e9nyt \u00e9rt el, az els\u0151 t\u00edz h\u00f3napban t\u00f6bb mint 20 sz\u00e1zal\u00e9kkal b\u0151v\u00fclt, ebben jelent\u0151s szerepet j\u00e1tszott az is, hogy egyre t\u00f6bben veszik ig\u00e9nybe a csal\u00e1di otthonteremt\u00e9si kedvezm\u00e9nyt.<br \/>\n    Jelezte: a fogyaszt\u00e1s az\u00e9rt b\u0151v\u00fclhetett nagyon jelent\u0151sen, mert a re\u00e1lkeresetek is nagym\u00e9rt\u00e9kben, mintegy 9 sz\u00e1zal\u00e9kkal b\u0151v\u00fcltek az id\u00e9n.<br \/>\n    Varga Mih\u00e1ly szerint minden rem\u00e9ny megvan arra, hogy 2019-ben is 4 sz\u00e1zal\u00e9k k\u00f6r\u00fcl b\u0151v\u00fcl majd a hazai gazdas\u00e1g.<br \/>\n    J\u00f6v\u0151re is folytat\u00f3dik az ad\u00f3cs\u00f6kkent\u00e9s, az ad\u00f3z\u00e1s ter\u00e9n a kis- \u00e9s k\u00f6z\u00e9pv\u00e1llalkoz\u00e1sok terheinek \u00fajabb k\u00f6nny\u00edt\u00e9se v\u00e1rhat\u00f3, az ad\u00f3z\u00e1sban tov\u00e1bbi egyszer\u0171s\u00edt\u00e9sekre lehet sz\u00e1m\u00edtani. Emellett 2019-ben t\u00f6bb ezer csal\u00e1d fog jobb ad\u00f3felt\u00e9telekkel ad\u00f3zni, a k\u00e9tgyermekes csal\u00e1dok ad\u00f3kedvezm\u00e9nyei b\u0151v\u00fclnek j\u00f6v\u0151re &#8211; mondta Varga Mih\u00e1ly.(MTI)<\/p>\n","protected":false},"excerpt":{"rendered":"<p>Id\u00e9n tov\u00e1bb er\u0151s\u00f6d\u00f6tt a magyar gazdas\u00e1g, k\u00e9t \u00e9vtizede nem l\u00e1tott m\u00e9rt\u00e9kben b\u0151v\u00fclt a hazai gazdas\u00e1g teljes\u00edtm\u00e9nye, ezt bizony\u00edtja, hogy a harmadik negyed\u00e9vben 5,2 sz\u00e1zal\u00e9kos volt a b\u0151v\u00fcl\u00e9s &#8211; mondta Varga Mih\u00e1ly p\u00e9nz\u00fcgyminiszter p\u00e9nteken, Budapesten \u00fajs\u00e1g\u00edr\u00f3knak.<\/p>\n","protected":false},"author":1001003,"featured_media":0,"comment_status":"closed","ping_status":"open","sticky":false,"template":"","format":"standard","meta":[],"categories":[4,19],"tags":[],"_links":{"self":[{"href":"https:\/\/gazdasagportal.hu\/index.php\/wp-json\/wp\/v2\/posts\/112247"}],"collection":[{"href":"https:\/\/gazdasagportal.hu\/index.php\/wp-json\/wp\/v2\/posts"}],"about":[{"href":"https:\/\/gazdasagportal.hu\/index.php\/wp-json\/wp\/v2\/types\/post"}],"author":[{"embeddable":true,"href":"https:\/\/gazdasagportal.hu\/index.php\/wp-json\/wp\/v2\/users\/1001003"}],"replies":[{"embeddable":true,"href":"https:\/\/gazdasagportal.hu\/index.php\/wp-json\/wp\/v2\/comments?post=112247"}],"version-history":[{"count":1,"href":"https:\/\/gazdasagportal.hu\/index.php\/wp-json\/wp\/v2\/posts\/112247\/revisions"}],"predecessor-version":[{"id":112248,"href":"https:\/\/gazdasagportal.hu\/index.php\/wp-json\/wp\/v2\/posts\/112247\/revisions\/112248"}],"wp:attachment":[{"href":"https:\/\/gazdasagportal.hu\/index.php\/wp-json\/wp\/v2\/media?parent=112247"}],"wp:term":[{"taxonomy":"category","embeddable":true,"href":"https:\/\/gazdasagportal.hu\/index.php\/wp-json\/wp\/v2\/categories?post=112247"},{"taxonomy":"post_tag","embeddable":true,"href":"https:\/\/gazdasagportal.hu\/index.php\/wp-json\/wp\/v2\/tags?post=112247"}],"curies":[{"name":"wp","href":"https:\/\/api.w.org\/{rel}","templated":true}]}}