{"id":112245,"date":"2018-12-28T14:06:20","date_gmt":"2018-12-28T13:06:20","guid":{"rendered":"http:\/\/gazdasagportal.hu\/?p=112245"},"modified":"2018-12-28T14:06:20","modified_gmt":"2018-12-28T13:06:20","slug":"ukran-valsag-ujabb-tuzszunetet-leptetnek-eletbe-a-donyec-medenceben-az-ujevi-unnepek-idejere","status":"publish","type":"post","link":"https:\/\/gazdasagportal.hu\/index.php\/ukran-valsag-ujabb-tuzszunetet-leptetnek-eletbe-a-donyec-medenceben-az-ujevi-unnepek-idejere\/","title":{"rendered":"Ukr\u00e1n v\u00e1ls\u00e1g &#8211; \u00dajabb t\u0171zsz\u00fcnetet l\u00e9ptetnek \u00e9letbe a Donyec-medenc\u00e9ben az \u00faj\u00e9vi \u00fcnnepek idej\u00e9re"},"content":{"rendered":"<p><strong>\u00dajabb t\u0171zsz\u00fcnet \u00e9letbe l\u00e9ptet\u00e9s\u00e9r\u0151l \u00e1llapodott meg a Donyec-medenc\u00e9ben az \u00faj\u00e9vi \u00fcnnepek idej\u00e9re a h\u00e1romoldal\u00fa, Kijev, Moszkva \u00e9s az Eur\u00f3pai Biztons\u00e1gi \u00e9s Egy\u00fcttm\u0171k\u00f6d\u00e9si Szervezet (EBESZ) k\u00e9pvisel\u0151ib\u0151l \u00e1ll\u00f3 minszki \u00f6sszek\u00f6t\u0151 csoport &#8211; er\u0151s\u00edtette meg Martin Sajdik, az EBESZ k\u00fcl\u00f6nmegb\u00edzottja \u00e9s Ertugrul Apakan, a szervezet ukrajnai megfigyel\u0151i misszi\u00f3j\u00e1nak vezet\u0151je p\u00e9nteki k\u00f6zlem\u00e9ny\u00e9ben.<\/strong><!--more--><\/p>\n<div class=\"ads-in-post1\"><div id=\"gazdasagportal.hu_fullbanner_wideboard\"><\/div>\r\n<\/div>\n<p>    A fegyvernyugv\u00e1s a meg\u00e1llapod\u00e1s szerint december 29-\u00e9n l\u00e9p \u00e9letbe. Jevhen Marcsuk, az \u00f6sszek\u00f6t\u0151 csoport biztons\u00e1gi k\u00e9rd\u00e9sekkel foglalkoz\u00f3 alcsoportj\u00e1nak Kijevet k\u00e9pvisel\u0151 tagja az egyik ukr\u00e1n telev\u00edzi\u00f3nak nyilatkozva elmondta, hogy az el\u0151zetes meg\u00e1llapod\u00e1s cs\u00fct\u00f6rt\u00f6k\u00f6n az albizotts\u00e1g vide\u00f3konferenci\u00e1val tartott tan\u00e1csoz\u00e1s\u00e1n sz\u00fcletett meg. A javaslatot Kijev terjesztette el\u0151 m\u00e9g a legut\u00f3bbi, december 19-i minszki tal\u00e1lkoz\u00f3n. Hozz\u00e1f\u0171zte, hogy a fegyvernyugv\u00e1st az ukr\u00e1n f\u00e9l a harcokban megs\u00e9r\u00fclt infrastruktur\u00e1lis l\u00e9tes\u00edtm\u00e9nyek helyre\u00e1ll\u00edt\u00e1s\u00e1ra tervezi kihaszn\u00e1lni.<br \/>\n<div class=\"ads-in-post2\"><script async src=\"https:\/\/pagead2.googlesyndication.com\/pagead\/js\/adsbygoogle.js\"><\/script>\r\n<ins class=\"adsbygoogle\"\r\n     style=\"display:block\"\r\n     data-ad-format=\"fluid\"\r\n     data-ad-layout-key=\"-6t+ed+2i-1n-4w\"\r\n     data-ad-client=\"ca-pub-1959107119989764\"\r\n     data-ad-slot=\"4008251320\"><\/ins>\r\n<script>\r\n     (adsbygoogle = window.adsbygoogle || []).push({});\r\n<\/script><\/div>\n    Eduard Baszurin a donyecki szakad\u00e1rok &#8222;parancsnokhelyettese&#8221; a DAN szakad\u00e1r h\u00edr\u00fcgyn\u00f6ks\u00e9g jelent\u00e9se szerint k\u00f6z\u00f6lte, hogy fegyvereseiknek utas\u00edt\u00e1sba adt\u00e1k a fegyvernyugv\u00e1s betart\u00e1s\u00e1t moszkvai id\u0151 szerint december 29-\u00e9n hajnali 01.01-t\u0151l.<br \/>\n    A csaknem \u00f6t \u00e9ve tart\u00f3 Donyec-medencei fegyveres konfliktus sor\u00e1n m\u00e1r sokadszor l\u00e9ptettek \u00e9letbe fegyvernyugv\u00e1st a t\u00e9rs\u00e9gben, de eddig egy sem bizonyult tart\u00f3snak. Utolj\u00e1ra az iskolai tan\u00e9v kezdet\u00e9re val\u00f3 tekintettel augusztus v\u00e9g\u00e9n hirdettek  t\u0171zsz\u00fcnetet.(MTI)<\/p>\n","protected":false},"excerpt":{"rendered":"<p>\u00dajabb t\u0171zsz\u00fcnet \u00e9letbe l\u00e9ptet\u00e9s\u00e9r\u0151l \u00e1llapodott meg a Donyec-medenc\u00e9ben az \u00faj\u00e9vi \u00fcnnepek idej\u00e9re a h\u00e1romoldal\u00fa, Kijev, Moszkva \u00e9s az Eur\u00f3pai Biztons\u00e1gi \u00e9s Egy\u00fcttm\u0171k\u00f6d\u00e9si Szervezet (EBESZ) k\u00e9pvisel\u0151ib\u0151l \u00e1ll\u00f3 minszki \u00f6sszek\u00f6t\u0151 csoport &#8211; er\u0151s\u00edtette meg Martin Sajdik, az EBESZ k\u00fcl\u00f6nmegb\u00edzottja \u00e9s Ertugrul Apakan, a szervezet ukrajnai megfigyel\u0151i misszi\u00f3j\u00e1nak vezet\u0151je p\u00e9nteki k\u00f6zlem\u00e9ny\u00e9ben.<\/p>\n","protected":false},"author":1001003,"featured_media":0,"comment_status":"closed","ping_status":"open","sticky":false,"template":"","format":"standard","meta":[],"categories":[12,139],"tags":[],"_links":{"self":[{"href":"https:\/\/gazdasagportal.hu\/index.php\/wp-json\/wp\/v2\/posts\/112245"}],"collection":[{"href":"https:\/\/gazdasagportal.hu\/index.php\/wp-json\/wp\/v2\/posts"}],"about":[{"href":"https:\/\/gazdasagportal.hu\/index.php\/wp-json\/wp\/v2\/types\/post"}],"author":[{"embeddable":true,"href":"https:\/\/gazdasagportal.hu\/index.php\/wp-json\/wp\/v2\/users\/1001003"}],"replies":[{"embeddable":true,"href":"https:\/\/gazdasagportal.hu\/index.php\/wp-json\/wp\/v2\/comments?post=112245"}],"version-history":[{"count":1,"href":"https:\/\/gazdasagportal.hu\/index.php\/wp-json\/wp\/v2\/posts\/112245\/revisions"}],"predecessor-version":[{"id":112246,"href":"https:\/\/gazdasagportal.hu\/index.php\/wp-json\/wp\/v2\/posts\/112245\/revisions\/112246"}],"wp:attachment":[{"href":"https:\/\/gazdasagportal.hu\/index.php\/wp-json\/wp\/v2\/media?parent=112245"}],"wp:term":[{"taxonomy":"category","embeddable":true,"href":"https:\/\/gazdasagportal.hu\/index.php\/wp-json\/wp\/v2\/categories?post=112245"},{"taxonomy":"post_tag","embeddable":true,"href":"https:\/\/gazdasagportal.hu\/index.php\/wp-json\/wp\/v2\/tags?post=112245"}],"curies":[{"name":"wp","href":"https:\/\/api.w.org\/{rel}","templated":true}]}}