{"id":112227,"date":"2018-12-28T04:04:48","date_gmt":"2018-12-28T03:04:48","guid":{"rendered":"http:\/\/gazdasagportal.hu\/?p=112227"},"modified":"2018-12-27T18:51:00","modified_gmt":"2018-12-27T17:51:00","slug":"kulfoldi-sajto-magyarorszagrol-a-financial-times-az-ep-valasztasrol","status":"publish","type":"post","link":"https:\/\/gazdasagportal.hu\/index.php\/kulfoldi-sajto-magyarorszagrol-a-financial-times-az-ep-valasztasrol\/","title":{"rendered":"K\u00fclf\u00f6ldi sajt\u00f3 Magyarorsz\u00e1gr\u00f3l &#8211; A Financial Times az EP-v\u00e1laszt\u00e1sr\u00f3l"},"content":{"rendered":"<p><strong>A Financial Times c\u00edm\u0171 brit \u00fczleti napilap a tavasszal esed\u00e9kes eur\u00f3pai parlamenti v\u00e1laszt\u00e1sokkal foglalkoz\u00f3 cikk\u00e9ben azt \u00edrta cs\u00fct\u00f6rt\u00f6k\u00f6n, hogy Eur\u00f3pa megosztotts\u00e1ga nemcsak a kelet-nyugat tengely ment\u00e9n lesz tapasztalhat\u00f3, hanem a liber\u00e1lisokat \u00e9s a konzervat\u00edv nacionalist\u00e1kat \u00e1ll\u00edtja majd egym\u00e1ssal szemben az uni\u00f3ban marad\u00f3 27 tag\u00e1llam mindegyik\u00e9ben.<\/strong><!--more--><\/p>\n<div class=\"ads-in-post1\"><div id=\"gazdasagportal.hu_fullbanner_wideboard\"><\/div>\r\n<\/div>\n<p>    A cikk \u00edr\u00f3ja, Tony Barber kiemelte, az eur\u00f3pai integr\u00e1ci\u00f3 &#8222;bajnoka&#8221;, Emmanuel Macron francia eln\u00f6k nagyon elt\u00e9r\u0151 politikai n\u00e9zeteket vall, mint a &#8222;konzervat\u00edv nacionalista&#8221; Orb\u00e1n Viktor magyar minisztereln\u00f6k.<br \/>\n    Amennyiben a magyar korm\u00e1nyf\u0151 \u00e9s a hozz\u00e1 hasonl\u00f3 politikai meggy\u0151z\u0151d\u00e9s\u0171ek j\u00f3l teljes\u00edtenek a v\u00e1laszt\u00e1sokon, elegend\u0151 befoly\u00e1st gyakorolhatnak majd arra, hogy akad\u00e1lyozz\u00e1k Macron Eur\u00f3p\u00e1r\u00f3l alkotott elk\u00e9pzel\u00e9seinek megval\u00f3sul\u00e1s\u00e1t az Eur\u00f3pai Parlamentben, az Eur\u00f3pai Bizotts\u00e1gban \u00e9s m\u00e1s uni\u00f3s int\u00e9zm\u00e9nyekben.<br \/>\n<div class=\"ads-in-post2\"><script async src=\"https:\/\/pagead2.googlesyndication.com\/pagead\/js\/adsbygoogle.js\"><\/script>\r\n<ins class=\"adsbygoogle\"\r\n     style=\"display:block\"\r\n     data-ad-format=\"fluid\"\r\n     data-ad-layout-key=\"-6t+ed+2i-1n-4w\"\r\n     data-ad-client=\"ca-pub-1959107119989764\"\r\n     data-ad-slot=\"4008251320\"><\/ins>\r\n<script>\r\n     (adsbygoogle = window.adsbygoogle || []).push({});\r\n<\/script><\/div>\n    A szerz\u0151 megjegyezte, hogy a magyarorsz\u00e1gi parlamenti v\u00e1laszt\u00e1sokon Orb\u00e1n Viktor politikai ellenfelei legy\u0151zt\u00e9k a Fideszt a liber\u00e1lis b\u00e1sty\u00e1nak sz\u00e1m\u00edt\u00f3 Budapesten. Az id\u0151sebb, konzervat\u00edvabb, kev\u00e9sb\u00e9 k\u00e9pzett vid\u00e9ki szavaz\u00f3k azonban a korm\u00e1nyf\u0151t t\u00e1mogatt\u00e1k.<br \/>\n    Hasonl\u00f3 szavaz\u00e1si mint\u00e1k \u00e9rv\u00e9nyes\u00fcltek a 2016-os osztr\u00e1k eln\u00f6kv\u00e1laszt\u00e1son \u00e9s az Egyes\u00fclt Kir\u00e1lys\u00e1g uni\u00f3s tags\u00e1g\u00e1r\u00f3l tartott n\u00e9pszavaz\u00e1son is &#8211; h\u00edvta fel a figyelmet a szerz\u0151.(MTI)<\/p>\n","protected":false},"excerpt":{"rendered":"<p>A Financial Times c\u00edm\u0171 brit \u00fczleti napilap a tavasszal esed\u00e9kes eur\u00f3pai parlamenti v\u00e1laszt\u00e1sokkal foglalkoz\u00f3 cikk\u00e9ben azt \u00edrta cs\u00fct\u00f6rt\u00f6k\u00f6n, hogy Eur\u00f3pa megosztotts\u00e1ga nemcsak a kelet-nyugat tengely ment\u00e9n lesz tapasztalhat\u00f3, hanem a liber\u00e1lisokat \u00e9s a konzervat\u00edv nacionalist\u00e1kat \u00e1ll\u00edtja majd egym\u00e1ssal szemben az uni\u00f3ban marad\u00f3 27 tag\u00e1llam mindegyik\u00e9ben.<\/p>\n","protected":false},"author":1001003,"featured_media":93084,"comment_status":"closed","ping_status":"open","sticky":false,"template":"","format":"standard","meta":[],"categories":[146,4],"tags":[],"_links":{"self":[{"href":"https:\/\/gazdasagportal.hu\/index.php\/wp-json\/wp\/v2\/posts\/112227"}],"collection":[{"href":"https:\/\/gazdasagportal.hu\/index.php\/wp-json\/wp\/v2\/posts"}],"about":[{"href":"https:\/\/gazdasagportal.hu\/index.php\/wp-json\/wp\/v2\/types\/post"}],"author":[{"embeddable":true,"href":"https:\/\/gazdasagportal.hu\/index.php\/wp-json\/wp\/v2\/users\/1001003"}],"replies":[{"embeddable":true,"href":"https:\/\/gazdasagportal.hu\/index.php\/wp-json\/wp\/v2\/comments?post=112227"}],"version-history":[{"count":1,"href":"https:\/\/gazdasagportal.hu\/index.php\/wp-json\/wp\/v2\/posts\/112227\/revisions"}],"predecessor-version":[{"id":112228,"href":"https:\/\/gazdasagportal.hu\/index.php\/wp-json\/wp\/v2\/posts\/112227\/revisions\/112228"}],"wp:featuredmedia":[{"embeddable":true,"href":"https:\/\/gazdasagportal.hu\/index.php\/wp-json\/wp\/v2\/media\/93084"}],"wp:attachment":[{"href":"https:\/\/gazdasagportal.hu\/index.php\/wp-json\/wp\/v2\/media?parent=112227"}],"wp:term":[{"taxonomy":"category","embeddable":true,"href":"https:\/\/gazdasagportal.hu\/index.php\/wp-json\/wp\/v2\/categories?post=112227"},{"taxonomy":"post_tag","embeddable":true,"href":"https:\/\/gazdasagportal.hu\/index.php\/wp-json\/wp\/v2\/tags?post=112227"}],"curies":[{"name":"wp","href":"https:\/\/api.w.org\/{rel}","templated":true}]}}