{"id":112225,"date":"2018-12-28T04:48:22","date_gmt":"2018-12-28T03:48:22","guid":{"rendered":"http:\/\/gazdasagportal.hu\/?p=112225"},"modified":"2018-12-27T18:49:17","modified_gmt":"2018-12-27T17:49:17","slug":"borus-sokfele-esos-ido-varhato-az-ev-utolso-hetvegejen","status":"publish","type":"post","link":"https:\/\/gazdasagportal.hu\/index.php\/borus-sokfele-esos-ido-varhato-az-ev-utolso-hetvegejen\/","title":{"rendered":"Bor\u00fas, sokfel\u00e9 es\u0151s id\u0151 v\u00e1rhat\u00f3 az \u00e9v utols\u00f3 h\u00e9tv\u00e9g\u00e9j\u00e9n"},"content":{"rendered":"<p><strong>Bor\u00fas, sokfel\u00e9 es\u0151s id\u0151 v\u00e1rhat\u00f3 az \u00e9v utols\u00f3 h\u00e9tv\u00e9g\u00e9j\u00e9n &#8211; der\u00fcl ki az Orsz\u00e1gos Meteorol\u00f3giai Szolg\u00e1lat orsz\u00e1gos, k\u00f6z\u00e9pt\u00e1v\u00fa el\u0151rejelz\u00e9s\u00e9b\u0151l, amelyet cs\u00fct\u00f6rt\u00f6k\u00f6n juttattak el az MTI-hez.<\/strong><!--more--><\/p>\n<div class=\"ads-in-post1\"><div id=\"gazdasagportal.hu_fullbanner_wideboard\"><\/div>\r\n<\/div>\n<p>    P\u00e9nteken a hajnali \u00f3r\u00e1kt\u00f3l els\u0151sorban a Dun\u00e1t\u00f3l keletre, estefel\u00e9 pedig ink\u00e1bb m\u00e1r csak a Tisz\u00e1nt\u00falon v\u00e1rhat\u00f3 es\u0151, z\u00e1pores\u0151. A sz\u00e9l egyre nagyobb ter\u00fcleten meg\u00e9l\u00e9nk\u00fcl, n\u00e9hol meger\u0151s\u00f6dik. A minimumh\u0151m\u00e9rs\u00e9klet \u00e1ltal\u00e1ban m\u00ednusz 3 \u00e9s plusz 3, a maximumh\u0151m\u00e9rs\u00e9klet 3 \u00e9s 10 fok k\u00f6z\u00f6tt val\u00f3sz\u00edn\u0171.<br \/>\n    Szombaton a Nyugat-Dun\u00e1nt\u00falon s\u00fcthet ki hosszabb id\u0151re a nap, m\u00edg \u00e9szakkeleten tart\u00f3san borult t\u00e1jak is lehetnek. \u00c9rdemi es\u0151 els\u0151sorban a nap els\u0151 fel\u00e9ben lehet a Tisz\u00e1nt\u00falon, a hegyekben havas es\u0151 is kialakulhat. Hajnalban az \u00e9szakkeleti hat\u00e1r k\u00f6zel\u00e9ben \u00f3nos es\u0151 sem kiz\u00e1rt. N\u00e9hol meger\u0151s\u00f6dik a sz\u00e9l. A leghidegebb \u00f3r\u00e1kban m\u00ednusz 2 \u00e9s plusz 4, napk\u00f6zben plusz 2 \u00e9s 7 fok k\u00f6z\u00f6tt alakul a h\u0151m\u00e9rs\u00e9klet.<br \/>\n<div class=\"ads-in-post2\"><script async src=\"https:\/\/pagead2.googlesyndication.com\/pagead\/js\/adsbygoogle.js\"><\/script>\r\n<ins class=\"adsbygoogle\"\r\n     style=\"display:block\"\r\n     data-ad-format=\"fluid\"\r\n     data-ad-layout-key=\"-6t+ed+2i-1n-4w\"\r\n     data-ad-client=\"ca-pub-1959107119989764\"\r\n     data-ad-slot=\"4008251320\"><\/ins>\r\n<script>\r\n     (adsbygoogle = window.adsbygoogle || []).push({});\r\n<\/script><\/div>\n    Vas\u00e1rnap reggelig az orsz\u00e1g \u00e9szaki fel\u00e9n, k\u00e9s\u0151bb sokfel\u00e9 v\u00e1rhat\u00f3 es\u0151, illetve \u00e9szakkelet fel\u00e9 haladva egyre nagyobb es\u00e9llyel havas es\u0151. Est\u00e9re kelet fel\u00e9 elvonul a csapad\u00e9k, de m\u00f6g\u00f6tte m\u00e9g egy-egy z\u00e1por kialakulhat. A sz\u00e9l er\u0151s, f\u0151leg az \u00c9szak-Dun\u00e1nt\u00falon viharos lehet. A legalacsonyabb h\u0151m\u00e9rs\u00e9klet m\u00ednusz 3 \u00e9s plusz 2, a legmagasabb h\u0151m\u00e9rs\u00e9klet plusz 2 \u00e9s 8 fok k\u00f6z\u00f6tt alakul.(MTI)<\/p>\n","protected":false},"excerpt":{"rendered":"<p>Bor\u00fas, sokfel\u00e9 es\u0151s id\u0151 v\u00e1rhat\u00f3 az \u00e9v utols\u00f3 h\u00e9tv\u00e9g\u00e9j\u00e9n &#8211; der\u00fcl ki az Orsz\u00e1gos Meteorol\u00f3giai Szolg\u00e1lat orsz\u00e1gos, k\u00f6z\u00e9pt\u00e1v\u00fa el\u0151rejelz\u00e9s\u00e9b\u0151l, amelyet cs\u00fct\u00f6rt\u00f6k\u00f6n juttattak el az MTI-hez.<\/p>\n","protected":false},"author":1001003,"featured_media":0,"comment_status":"closed","ping_status":"open","sticky":false,"template":"","format":"standard","meta":[],"categories":[4],"tags":[],"_links":{"self":[{"href":"https:\/\/gazdasagportal.hu\/index.php\/wp-json\/wp\/v2\/posts\/112225"}],"collection":[{"href":"https:\/\/gazdasagportal.hu\/index.php\/wp-json\/wp\/v2\/posts"}],"about":[{"href":"https:\/\/gazdasagportal.hu\/index.php\/wp-json\/wp\/v2\/types\/post"}],"author":[{"embeddable":true,"href":"https:\/\/gazdasagportal.hu\/index.php\/wp-json\/wp\/v2\/users\/1001003"}],"replies":[{"embeddable":true,"href":"https:\/\/gazdasagportal.hu\/index.php\/wp-json\/wp\/v2\/comments?post=112225"}],"version-history":[{"count":1,"href":"https:\/\/gazdasagportal.hu\/index.php\/wp-json\/wp\/v2\/posts\/112225\/revisions"}],"predecessor-version":[{"id":112226,"href":"https:\/\/gazdasagportal.hu\/index.php\/wp-json\/wp\/v2\/posts\/112225\/revisions\/112226"}],"wp:attachment":[{"href":"https:\/\/gazdasagportal.hu\/index.php\/wp-json\/wp\/v2\/media?parent=112225"}],"wp:term":[{"taxonomy":"category","embeddable":true,"href":"https:\/\/gazdasagportal.hu\/index.php\/wp-json\/wp\/v2\/categories?post=112225"},{"taxonomy":"post_tag","embeddable":true,"href":"https:\/\/gazdasagportal.hu\/index.php\/wp-json\/wp\/v2\/tags?post=112225"}],"curies":[{"name":"wp","href":"https:\/\/api.w.org\/{rel}","templated":true}]}}