{"id":112211,"date":"2018-12-27T13:46:01","date_gmt":"2018-12-27T12:46:01","guid":{"rendered":"http:\/\/gazdasagportal.hu\/?p=112211"},"modified":"2018-12-27T12:47:09","modified_gmt":"2018-12-27T11:47:09","slug":"nemetorszag-ellenezne-ujabb-atomraketak-telepiteset-europaban","status":"publish","type":"post","link":"https:\/\/gazdasagportal.hu\/index.php\/nemetorszag-ellenezne-ujabb-atomraketak-telepiteset-europaban\/","title":{"rendered":"N\u00e9metorsz\u00e1g ellenezn\u00e9 \u00fajabb atomrak\u00e9t\u00e1k telep\u00edt\u00e9s\u00e9t Eur\u00f3p\u00e1ban"},"content":{"rendered":"<p><strong>N\u00e9metorsz\u00e1g ellenezn\u00e9 \u00fajabb nukle\u00e1ris rak\u00e9t\u00e1k eur\u00f3pai telep\u00edt\u00e9s\u00e9t, ha \u00e9rv\u00e9ny\u00e9t veszten\u00e9 az ilyen fegyverek megsemmis\u00edt\u00e9s\u00e9r\u0151l sz\u00f3l\u00f3 orosz-amerikai szerz\u0151d\u00e9s (INF) &#8211; jelezte a n\u00e9met k\u00fcl\u00fcgyminiszter egy cs\u00fct\u00f6rt\u00f6k\u00f6n ismertetett interj\u00faban<\/strong><!--more--><\/p>\n<div class=\"ads-in-post1\"><div id=\"gazdasagportal.hu_fullbanner_wideboard\"><\/div>\r\n<\/div>\n<p>    Heiko Maas a S\u00fcddeutsche Zeitung c\u00edm\u0171 lapban ismertetett interj\u00faban kiemelte, hogy Eur\u00f3pa nem lehet \u00faj fegyverkez\u00e9si verseny sz\u00edntere.<br \/>\n    Hozz\u00e1tette, hogy N\u00e9metorsz\u00e1gban &#8222;sz\u00e9lesk\u00f6r\u0171 ellen\u00e1ll\u00e1s&#8221; lenne a v\u00e1lasz minden t\u00f6rekv\u00e9sre, amelynek c\u00e9lja \u00fajabb k\u00f6zepes hat\u00f3t\u00e1vols\u00e1g\u00fa nukle\u00e1ris rak\u00e9t\u00e1k eur\u00f3pai telep\u00edt\u00e9se lenne.<br \/>\n    Hangs\u00falyozta, hogy a sz\u00e1razf\u00f6ldi telep\u00edt\u00e9s\u0171,  k\u00f6zepes \u00e9s r\u00f6vid hat\u00f3t\u00e1vols\u00e1g\u00fa nukle\u00e1ris eszk\u00f6z\u00f6k megsemmis\u00edt\u00e9s\u00e9r\u0151l sz\u00f3l\u00f3 INF-szerz\u0151d\u00e9s Washington \u00e1ltal kil\u00e1t\u00e1sba helyezett felmond\u00e1s\u00e1nak \u00fcgy\u00e9ben &#8222;a nukle\u00e1ris fegyverkez\u00e9s eg\u00e9sz biztosan rossz v\u00e1lasz&#8221;.<br \/>\n    Ink\u00e1bb a fegyverzetkorl\u00e1toz\u00e1s \u00faj rendszer\u00e9nek kialak\u00edt\u00e1s\u00e1ra kellene t\u00f6rekedni &#8211; mondta a N\u00e9met Szoci\u00e1ldemokrata P\u00e1rt (SPD) politikusa, kiemelve, hogy a leg\u00fajabb harci eszk\u00f6z\u00f6k, k\u00f6zt\u00fck az ember\u00e9let kiolt\u00e1s\u00e1ra kifejlesztett robotok haszn\u00e1lat\u00e1nak korl\u00e1toz\u00e1s\u00e1ra is kiterjed\u0151 rendszert kellene kidolgozni.<br \/>\n<div class=\"ads-in-post2\"><script async src=\"https:\/\/pagead2.googlesyndication.com\/pagead\/js\/adsbygoogle.js\"><\/script>\r\n<ins class=\"adsbygoogle\"\r\n     style=\"display:block\"\r\n     data-ad-format=\"fluid\"\r\n     data-ad-layout-key=\"-6t+ed+2i-1n-4w\"\r\n     data-ad-client=\"ca-pub-1959107119989764\"\r\n     data-ad-slot=\"4008251320\"><\/ins>\r\n<script>\r\n     (adsbygoogle = window.adsbygoogle || []).push({});\r\n<\/script><\/div>\n    A S\u00fcddeutsche Zeitung besz\u00e1mol\u00f3ja szerint a koal\u00edci\u00f3s t\u00e1rs Kereszt\u00e9nydemokrata Uni\u00f3 (CDU) r\u00e9sz\u00e9r\u0151l b\u00edr\u00e1lt\u00e1k a minisztert, szerint\u00fck elhamarkodottan utas\u00edtotta el \u00fajabb rak\u00e9tarendszerek eur\u00f3pai telep\u00edt\u00e9s\u00e9t. Heiko Maas sz\u00fcks\u00e9gtelen\u00fcl korl\u00e1tozza a n\u00e9met diplom\u00e1cia mozg\u00e1ster\u00e9t, \u00e9s nem veszi figyelembe a kelet-eur\u00f3pai orsz\u00e1gok ig\u00e9ny\u00e9t a biztons\u00e1guk meger\u0151s\u00edt\u00e9s\u00e9re &#8211; mondta a lapnak Roderich Kiesewetter, a CDU egyik vezet\u0151 k\u00fclpolitikai szakpolitikusa.<br \/>\n     A vita k\u00f6zvetlen el\u0151zm\u00e9nye, hogy Washington szerint Moszkva nem tartja be az INF-szerz\u0151d\u00e9st, ez\u00e9rt Mike Pompeo amerikai k\u00fcl\u00fcgyminiszter december 4-\u00e9n bejelentette, 60 napos hat\u00e1rid\u0151t adnak Oroszorsz\u00e1gnak arra, hogy ism\u00e9t megfeleljen a meg\u00e1llapod\u00e1s el\u0151\u00edr\u00e1sainak. Ellenkez\u0151 esetben Washington felmondja az 1987-es egyezm\u00e9nyt. A moszkvai vezet\u00e9s szerint Oroszorsz\u00e1g nem s\u00e9rtette meg a szerz\u0151d\u00e9st, \u00e9s nem hagyja v\u00e1lasz n\u00e9lk\u00fcl, ha az Egyes\u00fclt \u00c1llamok kil\u00e9p abb\u00f3l.(MTI)<\/p>\n","protected":false},"excerpt":{"rendered":"<p>N\u00e9metorsz\u00e1g ellenezn\u00e9 \u00fajabb nukle\u00e1ris rak\u00e9t\u00e1k eur\u00f3pai telep\u00edt\u00e9s\u00e9t, ha \u00e9rv\u00e9ny\u00e9t veszten\u00e9 az ilyen fegyverek megsemmis\u00edt\u00e9s\u00e9r\u0151l sz\u00f3l\u00f3 orosz-amerikai szerz\u0151d\u00e9s (INF) &#8211; jelezte a n\u00e9met k\u00fcl\u00fcgyminiszter egy cs\u00fct\u00f6rt\u00f6k\u00f6n ismertetett interj\u00faban<\/p>\n","protected":false},"author":1001003,"featured_media":0,"comment_status":"closed","ping_status":"open","sticky":false,"template":"","format":"standard","meta":[],"categories":[12],"tags":[],"_links":{"self":[{"href":"https:\/\/gazdasagportal.hu\/index.php\/wp-json\/wp\/v2\/posts\/112211"}],"collection":[{"href":"https:\/\/gazdasagportal.hu\/index.php\/wp-json\/wp\/v2\/posts"}],"about":[{"href":"https:\/\/gazdasagportal.hu\/index.php\/wp-json\/wp\/v2\/types\/post"}],"author":[{"embeddable":true,"href":"https:\/\/gazdasagportal.hu\/index.php\/wp-json\/wp\/v2\/users\/1001003"}],"replies":[{"embeddable":true,"href":"https:\/\/gazdasagportal.hu\/index.php\/wp-json\/wp\/v2\/comments?post=112211"}],"version-history":[{"count":1,"href":"https:\/\/gazdasagportal.hu\/index.php\/wp-json\/wp\/v2\/posts\/112211\/revisions"}],"predecessor-version":[{"id":112212,"href":"https:\/\/gazdasagportal.hu\/index.php\/wp-json\/wp\/v2\/posts\/112211\/revisions\/112212"}],"wp:attachment":[{"href":"https:\/\/gazdasagportal.hu\/index.php\/wp-json\/wp\/v2\/media?parent=112211"}],"wp:term":[{"taxonomy":"category","embeddable":true,"href":"https:\/\/gazdasagportal.hu\/index.php\/wp-json\/wp\/v2\/categories?post=112211"},{"taxonomy":"post_tag","embeddable":true,"href":"https:\/\/gazdasagportal.hu\/index.php\/wp-json\/wp\/v2\/tags?post=112211"}],"curies":[{"name":"wp","href":"https:\/\/api.w.org\/{rel}","templated":true}]}}