{"id":112192,"date":"2018-12-26T15:57:22","date_gmt":"2018-12-26T14:57:22","guid":{"rendered":"http:\/\/gazdasagportal.hu\/?p=112192"},"modified":"2018-12-26T15:57:22","modified_gmt":"2018-12-26T14:57:22","slug":"megszunt-a-hadiallapot-ukrajnaban","status":"publish","type":"post","link":"https:\/\/gazdasagportal.hu\/index.php\/megszunt-a-hadiallapot-ukrajnaban\/","title":{"rendered":"Megsz\u0171nt a hadi\u00e1llapot Ukrajn\u00e1ban"},"content":{"rendered":"<p><strong>Megsz\u0171nt az egy h\u00f3napra elrendelt a hadi\u00e1llapot Ukrajn\u00e1ban &#8211; jelentette be Petro Porosenko ukr\u00e1n eln\u00f6k szerd\u00e1n a Nemzetbiztons\u00e1gi \u00e9s V\u00e9delmi Tan\u00e1cs (RNBO) \u00fcl\u00e9s\u00e9n.<\/strong><!--more--><\/p>\n<div class=\"ads-in-post1\"><div id=\"gazdasagportal.hu_fullbanner_wideboard\"><\/div>\r\n<\/div>\n<p>    Az Ukrajinszka Pravda ukr\u00e1n h\u00edrport\u00e1l besz\u00e1mol\u00f3ja szerint Porosenko k\u00f6z\u00f6lte, hogy a hadi\u00e1llapot besz\u00fcntet\u00e9se az \u0151 elvi d\u00f6nt\u00e9se, amely az orsz\u00e1g biztons\u00e1gi helyzet\u00e9nek \u00e9rt\u00e9kel\u00e9s\u00e9n alapul. Kor\u00e1bban m\u00e1r t\u00f6bbsz\u00f6r kijelentette, hogy nem fogj\u00e1k meghosszabb\u00edtani a hadi\u00e1llapotot annak lej\u00e1rta ut\u00e1n, kiv\u00e9ve, ha Oroszorsz\u00e1g nagyszab\u00e1s\u00fa t\u00e1mad\u00e1st ind\u00edtana Ukrajna ellen.<br \/>\n    Porosenko ugyanakkor meg\u00e1llap\u00edtotta, hogy ami az orsz\u00e1g fenyegetetts\u00e9g\u00e9t illeti, &#8222;a helyzet jelent\u0151sen nem v\u00e1ltozott&#8221;.<br \/>\n    &#8222;Az Eur\u00f3pai Biztons\u00e1gi \u00e9s Egy\u00fcttm\u0171k\u00f6d\u00e9si Szervezet (EBESZ) meger\u0151s\u00edtette felder\u00edt\u00e9s\u00fcnk inform\u00e1ci\u00f3t, miszerint (a szakad\u00e1r ellen\u0151rz\u00e9s alatti) Luhanszk k\u00f6rzet\u00e9ben Grad rak\u00e9ta-sorozatvet\u0151ket \u00e9szleltek, tov\u00e1bb\u00e1 n\u00f6velt\u00e9k a t\u00fcz\u00e9rs\u00e9gi fegyverek sz\u00e1m\u00e1t, \u00e9s a harckocsikat sem vont\u00e1k h\u00e1tr\u00e9bb. Nem cs\u00f6kkent Oroszorsz\u00e1g katonai jelenl\u00e9te az Azovi-tengeren sem&#8221; &#8211; sz\u00f6gezte le az ukr\u00e1n eln\u00f6k.<br \/>\n<div class=\"ads-in-post2\"><script async src=\"https:\/\/pagead2.googlesyndication.com\/pagead\/js\/adsbygoogle.js\"><\/script>\r\n<ins class=\"adsbygoogle\"\r\n     style=\"display:block\"\r\n     data-ad-format=\"fluid\"\r\n     data-ad-layout-key=\"-6t+ed+2i-1n-4w\"\r\n     data-ad-client=\"ca-pub-1959107119989764\"\r\n     data-ad-slot=\"4008251320\"><\/ins>\r\n<script>\r\n     (adsbygoogle = window.adsbygoogle || []).push({});\r\n<\/script><\/div>\n    Porosenko azonban kijelentette, hogy a k\u00f6zelg\u0151 &#8211; m\u00e1rcius v\u00e9g\u00e9n esed\u00e9kes &#8211; eln\u00f6kv\u00e1laszt\u00e1s miatt sz\u00fcks\u00e9gesnek \u00edt\u00e9lte a hadi\u00e1llapot megsz\u00fcntet\u00e9s\u00e9t. &#8222;Szeretn\u00e9m hangs\u00falyozni, hogy az orosz fenyeget\u00e9s nem m\u00falt el&#8221; &#8211; jelentette ki, hozz\u00e1t\u00e9ve, hogy ha nem lenn\u00e9nek most v\u00e1laszt\u00e1sok, ind\u00edtv\u00e1nyozn\u00e1 a parlamentn\u00e9l a hadi\u00e1llapot meghosszabb\u00edt\u00e1s\u00e1t.<br \/>\n    Szerinte az orsz\u00e1got egyszerre k\u00e9t vesz\u00e9ly is fenyegeti, az egyik a ny\u00edlt katonai agresszi\u00f3, a m\u00e1sik a demokratikus jogokat \u00e9s az \u00e1llampolg\u00e1ri szabads\u00e1got vesz\u00e9lyezteti, \u00e9s ez ut\u00f3bbi miatt d\u00f6nt\u00f6tt a hadi\u00e1llapot felold\u00e1sa mellett.<br \/>\n    Porosenko kiemelte: meggy\u0151z\u0151d\u00e9se, hogy a hadi\u00e1llapot egy\u00fattal kedvez\u0151 hat\u00e1ssal volt az orsz\u00e1g v\u00e9delmi k\u00e9pess\u00e9geire, javult a harck\u00e9sz\u00fclts\u00e9g a fegyveres er\u0151kn\u00e9l, \u00faj, illetve korszer\u0171s\u00edtett fegyvereket kaptak a k\u00fcl\u00f6nb\u00f6z\u0151 alakulatok.<br \/>\n    A hadi\u00e1llapotot &#8211; ami az ukr\u00e1n jogrendben a rendk\u00edv\u00fcli \u00e1llapot egy form\u00e1ja &#8211; azut\u00e1n vezette be az eln\u00f6k kezdem\u00e9nyez\u00e9s\u00e9re az ukr\u00e1n parlament az orsz\u00e1g t\u00edz megy\u00e9j\u00e9ben 30 napra, azaz december 26-ig, hogy november 25-\u00e9n a Kercsi-szoros k\u00f6zel\u00e9ben az orosz parti \u0151rs\u00e9g t\u00fczet nyitott h\u00e1rom ukr\u00e1n hadihaj\u00f3ra, amelyeket elfoglalt, a leg\u00e9nys\u00e9g\u00fcket pedig letart\u00f3ztatta \u00e9s tiltott hat\u00e1r\u00e1tl\u00e9p\u00e9s c\u00edm\u00e9n elj\u00e1r\u00e1st ind\u00edtott ellen\u00fck.<br \/>\n    Kijev szerint az ukr\u00e1n haj\u00f3k el\u0151re jelezt\u00e9k \u00e1thalad\u00e1si sz\u00e1nd\u00e9kukat a Kercsi-szoroson, ez\u00e9rt az orosz f\u00e9l indokolatlanul nyitott r\u00e1juk t\u00fczet. Moszkva viszont azt \u00e1ll\u00edtja, hogy az ukr\u00e1n j\u00e1rm\u0171vek megs\u00e9rtett\u00e9k Oroszorsz\u00e1g ter\u00fcleti vizeit, \u00e9s a figyelmeztet\u0151 l\u00f6v\u00e9seket is semmibe v\u00e9ve a Kercsi-szoros fel\u00e9 haladtak, amelyen az \u00e1thaj\u00f3z\u00e1st Moszkva enged\u00e9lyhez k\u00f6ti.(MTI)<\/p>\n","protected":false},"excerpt":{"rendered":"<p>Megsz\u0171nt az egy h\u00f3napra elrendelt a hadi\u00e1llapot Ukrajn\u00e1ban &#8211; jelentette be Petro Porosenko ukr\u00e1n eln\u00f6k szerd\u00e1n a Nemzetbiztons\u00e1gi \u00e9s V\u00e9delmi Tan\u00e1cs (RNBO) \u00fcl\u00e9s\u00e9n.<\/p>\n","protected":false},"author":1001003,"featured_media":0,"comment_status":"closed","ping_status":"open","sticky":false,"template":"","format":"standard","meta":[],"categories":[12],"tags":[],"_links":{"self":[{"href":"https:\/\/gazdasagportal.hu\/index.php\/wp-json\/wp\/v2\/posts\/112192"}],"collection":[{"href":"https:\/\/gazdasagportal.hu\/index.php\/wp-json\/wp\/v2\/posts"}],"about":[{"href":"https:\/\/gazdasagportal.hu\/index.php\/wp-json\/wp\/v2\/types\/post"}],"author":[{"embeddable":true,"href":"https:\/\/gazdasagportal.hu\/index.php\/wp-json\/wp\/v2\/users\/1001003"}],"replies":[{"embeddable":true,"href":"https:\/\/gazdasagportal.hu\/index.php\/wp-json\/wp\/v2\/comments?post=112192"}],"version-history":[{"count":1,"href":"https:\/\/gazdasagportal.hu\/index.php\/wp-json\/wp\/v2\/posts\/112192\/revisions"}],"predecessor-version":[{"id":112193,"href":"https:\/\/gazdasagportal.hu\/index.php\/wp-json\/wp\/v2\/posts\/112192\/revisions\/112193"}],"wp:attachment":[{"href":"https:\/\/gazdasagportal.hu\/index.php\/wp-json\/wp\/v2\/media?parent=112192"}],"wp:term":[{"taxonomy":"category","embeddable":true,"href":"https:\/\/gazdasagportal.hu\/index.php\/wp-json\/wp\/v2\/categories?post=112192"},{"taxonomy":"post_tag","embeddable":true,"href":"https:\/\/gazdasagportal.hu\/index.php\/wp-json\/wp\/v2\/tags?post=112192"}],"curies":[{"name":"wp","href":"https:\/\/api.w.org\/{rel}","templated":true}]}}