{"id":112188,"date":"2018-12-26T13:06:44","date_gmt":"2018-12-26T12:06:44","guid":{"rendered":"http:\/\/gazdasagportal.hu\/?p=112188"},"modified":"2018-12-26T10:07:39","modified_gmt":"2018-12-26T09:07:39","slug":"evertekelo-a-koszovoval-valo-vita-arnyekot-vetett-2018-ra-szerbia-szamara","status":"publish","type":"post","link":"https:\/\/gazdasagportal.hu\/index.php\/evertekelo-a-koszovoval-valo-vita-arnyekot-vetett-2018-ra-szerbia-szamara\/","title":{"rendered":"\u00c9v\u00e9rt\u00e9kel\u0151 &#8211; A Koszov\u00f3val val\u00f3 vita \u00e1rny\u00e9kot vetett 2018-ra Szerbia sz\u00e1m\u00e1ra"},"content":{"rendered":"<p><strong>Az \u00e9v elej\u00e9re \u00e9s a 2018-as esztend\u0151 v\u00e9g\u00e9re is jutott konfliktus Szerbia \u00e9s Koszov\u00f3 k\u00f6z\u00f6tt, Belgr\u00e1d \u00e9s Pristina kapcsolata szemernyit sem javult, s\u0151t \u00e9v k\u00f6zben t\u00f6bbsz\u00f6r is pattan\u00e1sig fesz\u00fclt a k\u00e9t szomsz\u00e9d viszonya, \u00e9s Szerbia hosszabb-r\u00f6videbb id\u0151re a kapcsolatok normaliz\u00e1l\u00e1s\u00e1t c\u00e9lz\u00f3 p\u00e1rbesz\u00e9det is berekesztette.<\/strong><!--more--><\/p>\n<div class=\"ads-in-post1\"><div id=\"gazdasagportal.hu_fullbanner_wideboard\"><\/div>\r\n<\/div>\n<p>    Az \u00e9v nem a megszokott, lass\u00fa temp\u00f3ban kezd\u0151d\u00f6tt, az idei szerb-koszov\u00f3i fejlem\u00e9nyeket m\u00e1r r\u00f6gt\u00f6n a janu\u00e1r megalapozta, amikor lel\u0151tt\u00e9k Oliver Ivanovic vezet\u0151 koszov\u00f3i szerb politikust az \u00e9szak-koszov\u00f3i Kosovska Mitrovic\u00e1ban. Az \u00fcgyben m\u00e9g mindig nyomoz a koszov\u00f3i \u00e9s a szerb rend\u0151rs\u00e9g, gyilkosai \u00e9s azok felbujt\u00f3i m\u00e1ig nem ismertek. A tettesek mozg\u00f3 aut\u00f3b\u00f3l l\u0151ttek r\u00e1, amikor p\u00e1rtj\u00e1nak sz\u00e9kh\u00e1z\u00e1ba akart bel\u00e9pni. K\u00fcl\u00f6nb\u00f6z\u0151 elm\u00e9letek jelentek meg, amelyek szerint az alb\u00e1noknak \u00e9s a szerbeknek is \u00e9rdek\u00fckben \u00e1llhatott a m\u00e9rs\u00e9kelt politikusnak tartott Oliver Ivanovic meggyilkol\u00e1sa, n\u00e9zeteivel ugyanis egyik f\u00e9l sem \u00e9rtett egyet teljesen.<br \/>\n    T\u00f6bb mint egy\u00e9ves sz\u00fcnet ut\u00e1n \u00e9ppen a mer\u00e9nylet napjaiban folytat\u00f3dott volna a Szerbia \u00e9s Koszov\u00f3 viszony\u00e1t rendez\u0151 p\u00e1rbesz\u00e9d, \u00e1m a gyilkoss\u00e1g h\u00edr\u00e9re a szerb deleg\u00e1ci\u00f3 lemondta a megbesz\u00e9l\u00e9st. 2018-ban ez volt az els\u0151 ilyen alkalom, amelyet sz\u00e1mos tov\u00e1bbi k\u00f6vetett.<br \/>\n<div class=\"ads-in-post2\"><script async src=\"https:\/\/pagead2.googlesyndication.com\/pagead\/js\/adsbygoogle.js\"><\/script>\r\n<ins class=\"adsbygoogle\"\r\n     style=\"display:block\"\r\n     data-ad-format=\"fluid\"\r\n     data-ad-layout-key=\"-6t+ed+2i-1n-4w\"\r\n     data-ad-client=\"ca-pub-1959107119989764\"\r\n     data-ad-slot=\"4008251320\"><\/ins>\r\n<script>\r\n     (adsbygoogle = window.adsbygoogle || []).push({});\r\n<\/script><\/div>\n    A fesz\u00fclts\u00e9geket tov\u00e1bb gerjesztette, hogy Aleksandar Vucic szerb eln\u00f6k szeptemberben Koszov\u00f3ba l\u00e1togatott, hogy t\u00e1mogat\u00e1s\u00e1r\u00f3l biztos\u00edtsa az ott \u00e9l\u0151 szerbeket, n\u00e9h\u00e1ny h\u00e9ttel k\u00e9s\u0151bb pedig Hashim Thaci koszov\u00f3i \u00e1llamf\u0151 is ugyanazon a ter\u00fcleten, a Gazivoda-t\u00f3n\u00e1l tett l\u00e1togat\u00e1st. A mesters\u00e9ges t\u00f3 \u00e9s v\u00edzer\u0151m\u0171 rendk\u00edv\u00fcl fontos Koszov\u00f3 v\u00edz- \u00e9s \u00e1ramell\u00e1t\u00e1sa sz\u00e1m\u00e1ra, ir\u00e1ny\u00edt\u00e1suk \u00e9vek \u00f3ta vit\u00e1t okoz Szerbia \u00e9s Koszov\u00f3 k\u00f6z\u00f6tt. A g\u00e1t jelenleg a Szerbi\u00e1hoz h\u0171 koszov\u00f3i szerb kisebbs\u00e9g fel\u00fcgyelete alatt \u00e1ll.<br \/>\n    Hashim Thaci gazivodai l\u00e1togat\u00e1s\u00e1t a Rosu koszov\u00f3i k\u00fcl\u00f6nleges rend\u0151ri alakulat biztos\u00edtotta, ami felh\u00e1bor\u00edtotta a szerbeket, mert a br\u00fcsszeli k\u00f6zvet\u00edt\u00e9ssel 2013-ban megk\u00f6t\u00f6tt szerb-koszov\u00f3i meg\u00e1llapod\u00e1sban foglaltak tiltj\u00e1k a k\u00fcl\u00f6nleges rend\u0151ri egys\u00e9g \u00c9szak-Koszov\u00f3ba vonul\u00e1s\u00e1t a NATO \u00e9s a helyi szerb vezet\u00e9s beleegyez\u00e9se n\u00e9lk\u00fcl. Ugyan\u00edgy reag\u00e1ltak a szerbek akkor is, amikor novemberben a Rosu n\u00e9gy koszov\u00f3i szerbet fogott el Oliver Ivanovic meggyilkol\u00e1s\u00e1val \u00f6sszef\u00fcgg\u00e9sben. A szerbek szerint nem volt sz\u00fcks\u00e9g a rend\u0151ri akci\u00f3ra, az csup\u00e1n a helyiek megf\u00e9leml\u00edt\u00e9s\u00e9t szolg\u00e1lta.<br \/>\n    Tov\u00e1bb korb\u00e1csolta az indulatokat, hogy a koszov\u00f3i vezet\u00e9s sz\u00e1z sz\u00e1zal\u00e9kra n\u00f6velte a Szerbi\u00e1b\u00f3l \u00e9rkez\u0151 \u00e1ruk v\u00e1mj\u00e1t. A koszov\u00f3i politikusok szerint az int\u00e9zked\u00e9st mindaddig nem vonj\u00e1k vissza, am\u00edg Szerbia nem ismeri el Koszov\u00f3 f\u00fcggetlens\u00e9g\u00e9t, a hivatalos Belgr\u00e1d szerint azonban erre soha nem ker\u00fcl sor. A v\u00e1memel\u00e9s k\u00f6zvetlen kiv\u00e1lt\u00f3 oka az volt, hogy Szerbia sikeres lobbiz\u00e1sa miatt nem vett\u00e9k fel Koszov\u00f3t az Interpol nemzetk\u00f6zi rend\u0151ri szervezetbe. Az m\u00e1r csak olaj volt a t\u0171zre, hogy Pristina decemberben neh\u00e9zfegyverzetet is haszn\u00e1l\u00f3 hadseregg\u00e9 alak\u00edtotta az addig k\u00f6nny\u0171fegyverzet\u0171 biztons\u00e1gi er\u0151ket. Belgr\u00e1d szerint a l\u00e9p\u00e9s a koszov\u00f3i szerb kisebbs\u00e9get \u00e9s Szerbi\u00e1t is vesz\u00e9lyezteti, \u00e9s destabiliz\u00e1lja a t\u00e9rs\u00e9get.<br \/>\n    Eur\u00f3pai integr\u00e1ci\u00f3 szempontj\u00e1b\u00f3l felem\u00e1s \u00e9ve volt Szerbi\u00e1nak, n\u00e9gy csatlakoz\u00e1si fejezetet nyitott meg Br\u00fcsszel Belgr\u00e1ddal, \u00e9s ezzel 16-ra n\u0151tt a megnyitott t\u00e1rgyal\u00e1si fejezetek sz\u00e1ma, \u00e1m tov\u00e1bbi 19-r\u0151l m\u00e9g sz\u00f3 sem esett. Belgr\u00e1d folyamatosan 4-5 fejezet megnyit\u00e1s\u00e1t tervezte, ez\u00e9rt kudarck\u00e9nt \u00e9lte meg, hogy j\u00faniusban \u00e9s decemberben is csak k\u00e9t-k\u00e9t fejezet ny\u00edlt meg.<br \/>\n    A 2018-as esztend\u0151 sem telhetett el v\u00e1laszt\u00e1sok n\u00e9lk\u00fcl ebben a nyugat-balk\u00e1ni orsz\u00e1gban, ez\u00fattal a kisebbs\u00e9gi \u00f6nkorm\u00e1nyzatok k\u00e9pvisel\u0151ir\u0151l d\u00f6nt\u00f6ttek az \u00e1llampolg\u00e1rok. A vajdas\u00e1gi Magyar Nemzeti Tan\u00e1cs (MNT) 35 hely\u00e9\u00e9rt k\u00e9t list\u00e1n 70 jel\u00f6lt versengett. A legnagyobb d\u00e9lvid\u00e9ki magyar p\u00e1rt, a Vajdas\u00e1gi Magyar Sz\u00f6vets\u00e9g \u00e1ltal t\u00e1mogatott Magyar \u00d6sszefog\u00e1s elnevez\u00e9s\u0171 lista v\u00e9g\u00fcl 30, m\u00edg a Magyar Mozgalom &#8211; Zsoldos Ferenc nev\u0171 lista 5 mand\u00e1tumot szerzett. Az MNT eln\u00f6ke Hajnal Jen\u0151 maradt.<br \/>\n    Az \u00e9v v\u00e9g\u00e9n lez\u00e1rult a magyar korm\u00e1ny vajdas\u00e1gi gazdas\u00e1gfejleszt\u00e9si programj\u00e1nak els\u0151 szakasza. A 2016-2018-as id\u0151szakra vonatkoz\u00f3 programban a legnagyobb hangs\u00falyt a mez\u0151gazdas\u00e1gra, az idegenforgalomra, valamint a kis- \u00e9s k\u00f6zepes v\u00e1llalkoz\u00e1sok fejleszt\u00e9s\u00e9re helyezt\u00e9k, a c\u00e9l pedig a fiatalok k\u00fclf\u00f6ldre v\u00e1ndorl\u00e1s\u00e1nak meg\u00e1ll\u00edt\u00e1sa, valamint a folyamat visszaford\u00edt\u00e1sa volt. Az ut\u00f3bbi h\u00e1rom \u00e9vben mintegy 70 milli\u00e1rd forintnyi fejleszt\u00e9s val\u00f3sult meg, ebb\u0151l 23 \u00fczem \u00e9p\u00fclt fel, \u00e9s t\u00edzezer vajdas\u00e1gi magyar v\u00e1llalkoz\u00f3t \u00e9s csal\u00e1dot tudtak t\u00e1mogatni, biztos\u00edtott\u00e1k a gazdas\u00e1ga fejleszt\u00e9s\u00e9t, illetve a lakhat\u00e1s, valamint a vid\u00e9ki gazd\u00e1lkod\u00e1s felt\u00e9teleit. A tervek szerint a program a k\u00f6vetkez\u0151 \u00e9vekben is folytat\u00f3dik, a k\u00f6vetkez\u0151 szakaszban az idegenforgalom fejleszt\u00e9se ker\u00fcl el\u0151t\u00e9rbe.<br \/>\n    A sajt\u00f3ban megjelent inform\u00e1ci\u00f3k szerint a 2019-es \u00e9v belpolitikai szempontb\u00f3l az idein\u00e9l sokkal izgalmasabb lesz, ugyanis a j\u00f3l \u00e9rtes\u00fclt forr\u00e1sok szerint tavasszal el\u0151rehozott v\u00e1laszt\u00e1sokra, \u00e9s ak\u00e1r n\u00e9pszavaz\u00e1sra is lehet sz\u00e1m\u00edtani Szerbi\u00e1ban.(MTI)<\/p>\n","protected":false},"excerpt":{"rendered":"<p>Az \u00e9v elej\u00e9re \u00e9s a 2018-as esztend\u0151 v\u00e9g\u00e9re is jutott konfliktus Szerbia \u00e9s Koszov\u00f3 k\u00f6z\u00f6tt, Belgr\u00e1d \u00e9s Pristina kapcsolata szemernyit sem javult, s\u0151t \u00e9v k\u00f6zben t\u00f6bbsz\u00f6r is pattan\u00e1sig fesz\u00fclt a k\u00e9t szomsz\u00e9d viszonya, \u00e9s Szerbia hosszabb-r\u00f6videbb id\u0151re a kapcsolatok normaliz\u00e1l\u00e1s\u00e1t c\u00e9lz\u00f3 p\u00e1rbesz\u00e9det is berekesztette.<\/p>\n","protected":false},"author":1001003,"featured_media":0,"comment_status":"closed","ping_status":"open","sticky":false,"template":"","format":"standard","meta":[],"categories":[12,246],"tags":[],"_links":{"self":[{"href":"https:\/\/gazdasagportal.hu\/index.php\/wp-json\/wp\/v2\/posts\/112188"}],"collection":[{"href":"https:\/\/gazdasagportal.hu\/index.php\/wp-json\/wp\/v2\/posts"}],"about":[{"href":"https:\/\/gazdasagportal.hu\/index.php\/wp-json\/wp\/v2\/types\/post"}],"author":[{"embeddable":true,"href":"https:\/\/gazdasagportal.hu\/index.php\/wp-json\/wp\/v2\/users\/1001003"}],"replies":[{"embeddable":true,"href":"https:\/\/gazdasagportal.hu\/index.php\/wp-json\/wp\/v2\/comments?post=112188"}],"version-history":[{"count":1,"href":"https:\/\/gazdasagportal.hu\/index.php\/wp-json\/wp\/v2\/posts\/112188\/revisions"}],"predecessor-version":[{"id":112189,"href":"https:\/\/gazdasagportal.hu\/index.php\/wp-json\/wp\/v2\/posts\/112188\/revisions\/112189"}],"wp:attachment":[{"href":"https:\/\/gazdasagportal.hu\/index.php\/wp-json\/wp\/v2\/media?parent=112188"}],"wp:term":[{"taxonomy":"category","embeddable":true,"href":"https:\/\/gazdasagportal.hu\/index.php\/wp-json\/wp\/v2\/categories?post=112188"},{"taxonomy":"post_tag","embeddable":true,"href":"https:\/\/gazdasagportal.hu\/index.php\/wp-json\/wp\/v2\/tags?post=112188"}],"curies":[{"name":"wp","href":"https:\/\/api.w.org\/{rel}","templated":true}]}}