{"id":112184,"date":"2018-12-26T11:03:34","date_gmt":"2018-12-26T10:03:34","guid":{"rendered":"http:\/\/gazdasagportal.hu\/?p=112184"},"modified":"2018-12-26T10:05:05","modified_gmt":"2018-12-26T09:05:05","slug":"londoni-elemzok-kina-a-vartnal-kesobb-elozi-meg-az-amerikai-gazdasagot","status":"publish","type":"post","link":"https:\/\/gazdasagportal.hu\/index.php\/londoni-elemzok-kina-a-vartnal-kesobb-elozi-meg-az-amerikai-gazdasagot\/","title":{"rendered":"Londoni elemz\u0151k: K\u00edna a v\u00e1rtn\u00e1l k\u00e9s\u0151bb el\u0151zi meg az amerikai gazdas\u00e1got"},"content":{"rendered":"<p><strong>Londoni p\u00e9nz\u00fcgyi elemz\u0151k szerint az Egyes\u00fclt \u00c1llamokkal v\u00edvott kereskedelmi konfliktus hossz\u00fa t\u00e1v\u00fa visszah\u00faz\u00f3 \u00e9s \u00e1rfolyamgyeng\u00edt\u0151 hat\u00e1sai miatt K\u00edna az eddig v\u00e1rtn\u00e1l k\u00e9s\u0151bb, a 2030-as \u00e9vek elej\u00e9n veheti \u00e1t az els\u0151 helyet az amerikai gazdas\u00e1gt\u00f3l a vil\u00e1g legnagyobb gazdas\u00e1gainak ranglist\u00e1j\u00e1n.<\/strong><!--more--><\/p>\n<div class=\"ads-in-post1\"><div id=\"gazdasagportal.hu_fullbanner_wideboard\"><\/div>\r\n<\/div>\n<p>    Az egyik legtekint\u00e9lyesebb londoni gazdas\u00e1gi-\u00fczleti elemz\u0151c\u00e9g, a Centre for Economics and Business Research (CEBR) minden \u00e9v v\u00e9g\u00e9n \u00f6ssze\u00e1ll\u00edtja a k\u00f6vetkez\u0151 m\u00e1sf\u00e9l \u00e9vtizedre sz\u00f3l\u00f3 progn\u00f3zis\u00e1t a vil\u00e1g vezet\u0151 gazdas\u00e1gi er\u0151centrumainak sorrendj\u00e9r\u0151l, a doll\u00e1rban foly\u00f3 \u00e1ron sz\u00e1molt nomin\u00e1lis hazai \u00f6sszterm\u00e9k (GDP) alapj\u00e1n.<br \/>\n    Szerd\u00e1n ismertetett 240 oldalas, 193 orsz\u00e1got rangsorol\u00f3 \u00e9ves elemz\u00e9s\u00fckben (CEBR World Economic League Table, WELT 2019) a c\u00e9g szak\u00e9rt\u0151i k\u00f6z\u00f6lt\u00e9k: jelenlegi v\u00e1rakoz\u00e1suk szerint az Egyes\u00fclt \u00c1llamok \u00e9s K\u00edna 2032-ben cser\u00e9l helyet a legnagyobb gazdas\u00e1gok glob\u00e1lis ranglist\u00e1j\u00e1nak els\u0151 k\u00e9t hely\u00e9n.<br \/>\n    A CEBR a tavalyi WELT-tanulm\u00e1nyban ugyanezt m\u00e9g 2030-ra j\u00f3solta. Az idei el\u0151rejelz\u00e9s szerz\u0151i hangs\u00falyozt\u00e1k ugyanakkor, hogy az Egyes\u00fclt \u00c1llamokkal kialakult kereskedelmi h\u00e1bor\u00fa m\u00e1r \u00e9rezteti hat\u00e1s\u00e1t a k\u00ednai feldolgoz\u00f3szektorban, \u00e9s a k\u00ednai gazdas\u00e1g n\u00f6veked\u00e9si \u00fcteme m\u00e1ris meredeken lassul. A CEBR szerint ezt a legjobban K\u00edna kereskedelmi partnereinek exportteljes\u00edtm\u00e9nye illusztr\u00e1lja: Ausztr\u00e1lia k\u00ednai exportja tavaly p\u00e9ld\u00e1ul 21,8 sz\u00e1zal\u00e9kkal emelkedett, az id\u00e9n azonban j\u00f3r\u00e9szt stagn\u00e1lt.<br \/>\n<div class=\"ads-in-post2\"><script async src=\"https:\/\/pagead2.googlesyndication.com\/pagead\/js\/adsbygoogle.js\"><\/script>\r\n<ins class=\"adsbygoogle\"\r\n     style=\"display:block\"\r\n     data-ad-format=\"fluid\"\r\n     data-ad-layout-key=\"-6t+ed+2i-1n-4w\"\r\n     data-ad-client=\"ca-pub-1959107119989764\"\r\n     data-ad-slot=\"4008251320\"><\/ins>\r\n<script>\r\n     (adsbygoogle = window.adsbygoogle || []).push({});\r\n<\/script><\/div>\n    Az amerikai importv\u00e1mok komoly probl\u00e9m\u00e1t okoznak a k\u00ednai gazdas\u00e1gnak. A teljes k\u00ednai exportnak k\u00f6r\u00fclbel\u00fcl az \u00f6t\u00f6de ir\u00e1nyul k\u00f6zvetlen\u00fcl az Egyes\u00fclt \u00c1llamokba, de a k\u00f6zvetett exportot \u00e9s egy\u00e9b csatorn\u00e1kat is figyelembe v\u00e9ve val\u00f3sz\u00edn\u0171bbnek t\u0171nik, hogy a teljes k\u00ednai kivitelnek val\u00f3j\u00e1ban a harmad\u00e1t v\u00e9gs\u0151 soron az amerikai fogyaszt\u00f3k v\u00e1s\u00e1rolj\u00e1k meg &#8211; \u00e1ll a CEBR szerdai elemz\u00e9s\u00e9ben.<br \/>\n    A c\u00e9g a k\u00f6vetkez\u0151 m\u00e1sf\u00e9l \u00e9vtizedre folyamatszer\u0171en lassul\u00f3 k\u00ednai gazdas\u00e1gi n\u00f6veked\u00e9ssel sz\u00e1mol. Szerdai el\u0151rejelz\u00e9se szerint a k\u00ednai hazai \u00f6sszterm\u00e9k 2018 \u00e9s 2023 k\u00f6z\u00f6tt \u00e9ves \u00e1tlagban 5,4 sz\u00e1zal\u00e9kkal, a 2023-2028-as id\u0151szakban \u00e9vente \u00e1tlagosan 4,1 sz\u00e1zal\u00e9kkal, a 2028-t\u00f3l 2033-ig terjed\u0151 id\u0151szakban 4 sz\u00e1zal\u00e9kos \u00e9vi \u00e1tlagos \u00fctemben b\u0151v\u00fcl.<br \/>\n    A CEBR hangs\u00falyozza: ez az el\u0151rejelz\u00e9s is arra a felt\u00e9telez\u00e9sre alapul, hogy a k\u00ednai gazdas\u00e1g elker\u00fcli a kem\u00e9ny landol\u00e1st, \u00e9s az Egyes\u00fclt \u00c1llamokkal kialakult kereskedelmi visz\u00e1lyt siker\u00fcl megnyugtat\u00f3 m\u00f3don rendezni.<br \/>\n    Mindezek alapj\u00e1n &#8211; \u00e9s felt\u00e9telezve azt is, hogy a lazul\u00f3 k\u00ednai monet\u00e1ris politika a k\u00ednai valuta \u00e1rfolyamgyeng\u00fcl\u00e9s\u00e9vel j\u00e1r &#8211; jutottak a CEBR londoni elemz\u0151i arra a k\u00f6vetkeztet\u00e9sre, hogy K\u00edna az eddig v\u00e1rt 2030 helyett 2032-ben lesz a vil\u00e1g legnagyobb gazdas\u00e1ga.<br \/>\n    A c\u00e9g modellsz\u00e1m\u00edt\u00e1sai alapj\u00e1n a mozg\u00f3 15 \u00e9ves el\u0151rejelz\u00e9si id\u0151szak v\u00e9g\u00e9re &#8211; amely 2019-t\u0151l sz\u00e1molva ez\u00fattal 2033-ig tart &#8211; a k\u00ednai hazai \u00f6sszterm\u00e9k nomin\u00e1lis \u00e9rt\u00e9ke meghaladja a 37 700 milli\u00e1rd doll\u00e1rt, az amerikai GDP-\u00e9rt\u00e9k ugyanabban az esztend\u0151ben viszont 35 416 milli\u00e1rd doll\u00e1r lesz.<br \/>\n    A CEBR szerd\u00e1n bemutatott \u00faj WELT-el\u0151rejelz\u00e9se szerint a glob\u00e1lis bizonytalans\u00e1gok ellen\u00e9re tov\u00e1bbra is val\u00f3sz\u00edn\u0171, hogy a XXI. sz\u00e1zad az \u00e1zsiai gazdas\u00e1gok \u00e9vsz\u00e1zada lesz.<br \/>\n    A c\u00e9g hangs\u00falyozza, hogy 2003-ban a vil\u00e1g legnagyobb gazdas\u00e1gainak fels\u0151 \u00f6t\u00f6s mez\u0151ny\u00e9ben az Egyes\u00fclt \u00c1llamok, Jap\u00e1n \u00e9s h\u00e1rom eur\u00f3pai orsz\u00e1g &#8211; N\u00e9metorsz\u00e1g, az Egyes\u00fclt Kir\u00e1lys\u00e1g \u00e9s Franciaorsz\u00e1g &#8211; szerepelt. Harminc \u00e9vvel k\u00e9s\u0151bb, 2033-ban azonban az Egyes\u00fclt \u00c1llamok mellett v\u00e1rhat\u00f3an h\u00e1rom \u00e1zsiai orsz\u00e1g, az addigra m\u00e1r val\u00f3sz\u00edn\u0171leg a vil\u00e1g legnagyobb gazdas\u00e1g\u00e1v\u00e1 el\u0151l\u00e9p\u0151 K\u00edna, a harmadik helyre felz\u00e1rk\u00f3z\u00f3 India \u00e9s a negyedik helyezett Jap\u00e1n, valamint egyetlen eur\u00f3pai gazdas\u00e1g, az \u00f6t\u00f6dik helyre ker\u00fcl\u0151 N\u00e9metorsz\u00e1g alkotja majd az \u00f6t\u00f6s \u00e9lmez\u0151nyt.<br \/>\n    A CEBR hossz\u00fa t\u00e1v\u00fa progn\u00f3zisa szerint a magyar gazdas\u00e1g helyez\u00e9se az id\u00e9n a vizsg\u00e1lt 193 gazdas\u00e1g teljes mez\u0151ny\u00e9n bel\u00fcl az 57. helyen stabiliz\u00e1l\u00f3dik a doll\u00e1rban m\u00e9rt hazai \u00f6sszterm\u00e9k alapj\u00e1n, \u00e9s ezt a poz\u00edci\u00f3t Magyarorsz\u00e1g a 2033-ig sz\u00f3l\u00f3 el\u0151rejelz\u00e9si id\u0151szak v\u00e9g\u00e9ig megtartja. A h\u00e1z modellsz\u00e1m\u00edt\u00e1sai szerint a magyar nomin\u00e1lis GDP-\u00e9rt\u00e9k abban az \u00e9vben 335,4 milli\u00e1rd doll\u00e1r lesz.(MTI)<\/p>\n","protected":false},"excerpt":{"rendered":"<p>Londoni p\u00e9nz\u00fcgyi elemz\u0151k szerint az Egyes\u00fclt \u00c1llamokkal v\u00edvott kereskedelmi konfliktus hossz\u00fa t\u00e1v\u00fa visszah\u00faz\u00f3 \u00e9s \u00e1rfolyamgyeng\u00edt\u0151 hat\u00e1sai miatt K\u00edna az eddig v\u00e1rtn\u00e1l k\u00e9s\u0151bb, a 2030-as \u00e9vek elej\u00e9n veheti \u00e1t az els\u0151 helyet az amerikai gazdas\u00e1gt\u00f3l a vil\u00e1g legnagyobb gazdas\u00e1gainak ranglist\u00e1j\u00e1n.<\/p>\n","protected":false},"author":1001003,"featured_media":59804,"comment_status":"closed","ping_status":"open","sticky":false,"template":"","format":"standard","meta":[],"categories":[146,246],"tags":[],"_links":{"self":[{"href":"https:\/\/gazdasagportal.hu\/index.php\/wp-json\/wp\/v2\/posts\/112184"}],"collection":[{"href":"https:\/\/gazdasagportal.hu\/index.php\/wp-json\/wp\/v2\/posts"}],"about":[{"href":"https:\/\/gazdasagportal.hu\/index.php\/wp-json\/wp\/v2\/types\/post"}],"author":[{"embeddable":true,"href":"https:\/\/gazdasagportal.hu\/index.php\/wp-json\/wp\/v2\/users\/1001003"}],"replies":[{"embeddable":true,"href":"https:\/\/gazdasagportal.hu\/index.php\/wp-json\/wp\/v2\/comments?post=112184"}],"version-history":[{"count":1,"href":"https:\/\/gazdasagportal.hu\/index.php\/wp-json\/wp\/v2\/posts\/112184\/revisions"}],"predecessor-version":[{"id":112185,"href":"https:\/\/gazdasagportal.hu\/index.php\/wp-json\/wp\/v2\/posts\/112184\/revisions\/112185"}],"wp:featuredmedia":[{"embeddable":true,"href":"https:\/\/gazdasagportal.hu\/index.php\/wp-json\/wp\/v2\/media\/59804"}],"wp:attachment":[{"href":"https:\/\/gazdasagportal.hu\/index.php\/wp-json\/wp\/v2\/media?parent=112184"}],"wp:term":[{"taxonomy":"category","embeddable":true,"href":"https:\/\/gazdasagportal.hu\/index.php\/wp-json\/wp\/v2\/categories?post=112184"},{"taxonomy":"post_tag","embeddable":true,"href":"https:\/\/gazdasagportal.hu\/index.php\/wp-json\/wp\/v2\/tags?post=112184"}],"curies":[{"name":"wp","href":"https:\/\/api.w.org\/{rel}","templated":true}]}}