{"id":112178,"date":"2018-12-26T04:01:42","date_gmt":"2018-12-26T03:01:42","guid":{"rendered":"http:\/\/gazdasagportal.hu\/?p=112178"},"modified":"2018-12-25T21:03:11","modified_gmt":"2018-12-25T20:03:11","slug":"ujra-megnyilhat-a-balkan-a-bevandorlok-elott-az-alkotmanyjogasz-szerint","status":"publish","type":"post","link":"https:\/\/gazdasagportal.hu\/index.php\/ujra-megnyilhat-a-balkan-a-bevandorlok-elott-az-alkotmanyjogasz-szerint\/","title":{"rendered":"\u00dajra megny\u00edlhat a Balk\u00e1n a bev\u00e1ndorl\u00f3k el\u0151tt az alkotm\u00e1nyjog\u00e1sz szerint"},"content":{"rendered":"<p><strong>A T\u00f6r\u00f6korsz\u00e1gban tart\u00f3zkod\u00f3 bev\u00e1ndorl\u00f3k is tudj\u00e1k, hogy a balk\u00e1ni \u00fatvonal el\u0151bb-ut\u00f3bb \u00fajra megny\u00edlhat el\u0151tt\u00fck Eur\u00f3pa fel\u00e9 &#8211; mondta ifj. Lomnici Zolt\u00e1n az M1 aktu\u00e1lis csatorna reggeli m\u0171sor\u00e1ban kedden. <\/strong><!--more--><\/p>\n<div class=\"ads-in-post1\"><div id=\"gazdasagportal.hu_fullbanner_wideboard\"><\/div>\r\n<\/div>\n<p>    Az alkotm\u00e1nyjog\u00e1sz szerint a migr\u00e1nsok be\u00e1raml\u00e1sa T\u00f6r\u00f6korsz\u00e1gba nem sz\u0171nt meg, az ottani korm\u00e1ny pedig &#8211; mint fogalmazott &#8211; el\u0151bb-ut\u00f3bb ism\u00e9t tov\u00e1bbengedi \u0151ket a Balk\u00e1nra.<br \/>\n    Az EU-n bel\u00fcli szabad mozg\u00e1s miatt a k\u00f6z\u00f6ss\u00e9g valamennyi \u00e1llam\u00e1ra vesz\u00e9lyt hoz, ha csak egy is megengedi bev\u00e1ndorl\u00f3k \u00e9rkez\u00e9s\u00e9t ak\u00e1r sz\u00e1razf\u00f6ld\u00f6n, ak\u00e1r a tengerek fel\u0151l &#8211; tette hozz\u00e1.<br \/>\n    Lomnici Zolt\u00e1n szerint a kereszt\u00e9ny Eur\u00f3pa kereszt\u00e9ny-muszlim Eur\u00f3p\u00e1v\u00e1 v\u00e1lhat \u00e9vtizedek alatt, a k\u00e9t k\u00f6z\u00f6ss\u00e9g azonban szavai szerint rendszerszinten nem k\u00e9pes az egy\u00fctt\u00e9l\u00e9sre.(MTI)<\/p>\n","protected":false},"excerpt":{"rendered":"<p>A T\u00f6r\u00f6korsz\u00e1gban tart\u00f3zkod\u00f3 bev\u00e1ndorl\u00f3k is tudj\u00e1k, hogy a balk\u00e1ni \u00fatvonal el\u0151bb-ut\u00f3bb \u00fajra megny\u00edlhat el\u0151tt\u00fck Eur\u00f3pa fel\u00e9 &#8211; mondta ifj. Lomnici Zolt\u00e1n az M1 aktu\u00e1lis csatorna reggeli m\u0171sor\u00e1ban kedden.<\/p>\n","protected":false},"author":1001003,"featured_media":0,"comment_status":"closed","ping_status":"open","sticky":false,"template":"","format":"standard","meta":[],"categories":[4,12],"tags":[],"_links":{"self":[{"href":"https:\/\/gazdasagportal.hu\/index.php\/wp-json\/wp\/v2\/posts\/112178"}],"collection":[{"href":"https:\/\/gazdasagportal.hu\/index.php\/wp-json\/wp\/v2\/posts"}],"about":[{"href":"https:\/\/gazdasagportal.hu\/index.php\/wp-json\/wp\/v2\/types\/post"}],"author":[{"embeddable":true,"href":"https:\/\/gazdasagportal.hu\/index.php\/wp-json\/wp\/v2\/users\/1001003"}],"replies":[{"embeddable":true,"href":"https:\/\/gazdasagportal.hu\/index.php\/wp-json\/wp\/v2\/comments?post=112178"}],"version-history":[{"count":1,"href":"https:\/\/gazdasagportal.hu\/index.php\/wp-json\/wp\/v2\/posts\/112178\/revisions"}],"predecessor-version":[{"id":112179,"href":"https:\/\/gazdasagportal.hu\/index.php\/wp-json\/wp\/v2\/posts\/112178\/revisions\/112179"}],"wp:attachment":[{"href":"https:\/\/gazdasagportal.hu\/index.php\/wp-json\/wp\/v2\/media?parent=112178"}],"wp:term":[{"taxonomy":"category","embeddable":true,"href":"https:\/\/gazdasagportal.hu\/index.php\/wp-json\/wp\/v2\/categories?post=112178"},{"taxonomy":"post_tag","embeddable":true,"href":"https:\/\/gazdasagportal.hu\/index.php\/wp-json\/wp\/v2\/tags?post=112178"}],"curies":[{"name":"wp","href":"https:\/\/api.w.org\/{rel}","templated":true}]}}