{"id":112162,"date":"2018-12-24T19:45:37","date_gmt":"2018-12-24T18:45:37","guid":{"rendered":"http:\/\/gazdasagportal.hu\/?p=112162"},"modified":"2018-12-24T19:45:37","modified_gmt":"2018-12-24T18:45:37","slug":"izraelben-feloszlott-a-kormanykoalicio-aprilis-9-en-elorehozott-valasztasokat-tartanak","status":"publish","type":"post","link":"https:\/\/gazdasagportal.hu\/index.php\/izraelben-feloszlott-a-kormanykoalicio-aprilis-9-en-elorehozott-valasztasokat-tartanak\/","title":{"rendered":"Izraelben feloszlott a korm\u00e1nykoal\u00edci\u00f3, \u00e1prilis 9-\u00e9n el\u0151rehozott v\u00e1laszt\u00e1sokat tartanak"},"content":{"rendered":"<p><strong>A koal\u00edci\u00f3s p\u00e1rtok vezet\u0151inek h\u00e9tf\u0151i tan\u00e1cskoz\u00e1s\u00e1n elhat\u00e1rozt\u00e1k az izraeli parlament, a kneszet feloszlat\u00e1s\u00e1t \u00e9s \u00faj v\u00e1laszt\u00e1sok ki\u00edr\u00e1s\u00e1t \u00e1prilis 9-re, miut\u00e1n nem siker\u00fclt d\u0171l\u0151re jutniuk az ultraortodoxok katonai beh\u00edv\u00e1s\u00e1r\u00f3l sz\u00f3l\u00f3 t\u00f6rv\u00e9nyr\u0151l &#8211; jelentette a Jedi\u00f3t Ahron\u00f3t c\u00edm\u0171 \u00fajs\u00e1g honlapja, a ynet h\u00e9tf\u0151n. <\/strong><!--more--><\/p>\n<div class=\"ads-in-post1\"><div id=\"gazdasagportal.hu_fullbanner_wideboard\"><\/div>\r\n<\/div>\n<p>    A kneszet v\u00e1rhat\u00f3an szerd\u00e1n oszlatja fel mag\u00e1t, hogy h\u00e9t h\u00f3nappal el\u0151re lehessen hozni a parlament sz\u00e1zh\u00fasz \u00faj k\u00e9pvisel\u0151j\u00e9nek a megv\u00e1laszt\u00e1s\u00e1t. A d\u00f6nt\u00e9s oka, hogy nem tudtak meg\u00e1llapodni az ultraortodox fiatalok katonai bevonul\u00e1s\u00e1nak szab\u00e1lyoz\u00e1s\u00e1r\u00f3l, noha err\u0151l egy b\u00edr\u00f3s\u00e1gi hat\u00e1rozat nyom\u00e1n legk\u00e9s\u0151bb janu\u00e1r 15-ig d\u00f6nteni\u00fck kellett volna.  El\u0151z\u0151leg a novemberben ellenz\u00e9kbe vonult Izrael a Haz\u00e1nk (Jiszrael B\u00e9t\u00e9nu) p\u00e1rt bejelentette, hogy nem szavaz a koal\u00edci\u00f3val, \u00e9s a Van j\u00f6v\u0151nk (Jes At\u00edd) p\u00e1rt is k\u00f6z\u00f6lte, hogy ellenzi a k\u00e9sz\u00fcl\u0151 t\u00f6rv\u00e9nyjavaslatot. \u00cdgy kev\u00e9s es\u00e9lye volt a mind\u00f6ssze egy f\u0151s t\u00f6bbs\u00e9ggel, hatvanegy mand\u00e1tummal rendelkez\u0151 korm\u00e1nynak, hogy kereszt\u00fclvigye akarat\u00e1t a szavaz\u00e1son.<br \/>\n    &#8222;A k\u00f6lts\u00e9gvet\u00e9si \u00e9s a nemzeti felel\u0151ss\u00e9g \u00e9rdek\u00e9ben a koal\u00edci\u00f3 p\u00e1rtjainak vezet\u0151i egyhang\u00falag meg\u00e1llapodtak abban, hogy feloszlatj\u00e1k a kneszetet \u00e9s \u00e1prilis elej\u00e9re \u00faj v\u00e1laszt\u00e1sokat hirdetnek egy n\u00e9gy teljes \u00e9vig tart\u00f3 id\u0151szak ut\u00e1n&#8221;- \u00e1llt a koal\u00edci\u00f3 hivatalos k\u00f6zlem\u00e9ny\u00e9ben.<br \/>\n<div class=\"ads-in-post2\"><script async src=\"https:\/\/pagead2.googlesyndication.com\/pagead\/js\/adsbygoogle.js\"><\/script>\r\n<ins class=\"adsbygoogle\"\r\n     style=\"display:block\"\r\n     data-ad-format=\"fluid\"\r\n     data-ad-layout-key=\"-6t+ed+2i-1n-4w\"\r\n     data-ad-client=\"ca-pub-1959107119989764\"\r\n     data-ad-slot=\"4008251320\"><\/ins>\r\n<script>\r\n     (adsbygoogle = window.adsbygoogle || []).push({});\r\n<\/script><\/div>\n    A helyi t\u00f6rv\u00e9nyek szerint a jelenlegi korm\u00e1ny hivatalban marad eg\u00e9szen az \u00faj kabinet felesk\u00fcdt\u00e9ig. A jobboldali Likud p\u00e1rt \u00e9l\u00e9n \u00e1ll\u00f3 Benj\u00e1min Netanjahunak ez m\u00e1r a negyedik korm\u00e1nyf\u0151i ciklusa volt, el\u0151sz\u00f6r 1996 \u00e9s 1999 k\u00f6z\u00f6tt vezette Izraelt, majd 2009-es visszat\u00e9r\u00e9se \u00f3ta folyamatosan.<br \/>\n    Netanjahu ellen t\u00f6bb korrupci\u00f3s b\u0171n\u00fcgyi nyomoz\u00e1s indult az ut\u00f3bbi \u00e9vekben, s a rend\u0151rs\u00e9g a rendelkez\u00e9s\u00e9re \u00e1ll\u00f3 bizony\u00edt\u00e9kok alapj\u00e1n h\u00e1rom \u00fcgyet v\u00e1demel\u00e9si javaslattal adott \u00e1t az \u00fcgy\u00e9szs\u00e9gnek. A d\u00f6nt\u00e9s jelenleg Avih\u00e1j Mandelblitt \u00e1llam\u00fcgy\u00e9sz kez\u00e9ben van, aki v\u00e1rhat\u00f3an h\u00e1rom h\u00f3napon bel\u00fcl, teh\u00e1t elvileg m\u00e9g a v\u00e1laszt\u00e1sok el\u0151tt bejelenti, hogy v\u00e1dat emel-e Netanjahu ellen.<br \/>\n    Az ellenz\u00e9k \u00fcdv\u00f6z\u00f6lte a v\u00e1laszt\u00e1sok el\u0151rehoz\u00e1s\u00e1t. &#8222;Az eddigi legrosszabb korm\u00e1ny hazamegy. Izraelnek gyors rehabilit\u00e1ci\u00f3ra van sz\u00fcks\u00e9ge ez ut\u00e1n a katasztr\u00f3fa ut\u00e1n. Korrupt hatalom ez, amely fel\u00e1ldozta a demokr\u00e1ci\u00e1t, eladta a biztons\u00e1gunkat, \u00e9s diplom\u00e1ciai elszigetelts\u00e9gbe, valamint gazdas\u00e1gi deficitbe vezetett&#8221; &#8211; \u00edrta a Twitteren Mer\u00e1v Michaeli, az ellenz\u00e9ki Cionista T\u00e1bor parlamenti k\u00e9pvisel\u0151je.(MTI)<\/p>\n","protected":false},"excerpt":{"rendered":"<p>A koal\u00edci\u00f3s p\u00e1rtok vezet\u0151inek h\u00e9tf\u0151i tan\u00e1cskoz\u00e1s\u00e1n elhat\u00e1rozt\u00e1k az izraeli parlament, a kneszet feloszlat\u00e1s\u00e1t \u00e9s \u00faj v\u00e1laszt\u00e1sok ki\u00edr\u00e1s\u00e1t \u00e1prilis 9-re, miut\u00e1n nem siker\u00fclt d\u0171l\u0151re jutniuk az ultraortodoxok katonai beh\u00edv\u00e1s\u00e1r\u00f3l sz\u00f3l\u00f3 t\u00f6rv\u00e9nyr\u0151l &#8211; jelentette a Jedi\u00f3t Ahron\u00f3t c\u00edm\u0171 \u00fajs\u00e1g honlapja, a ynet h\u00e9tf\u0151n.<\/p>\n","protected":false},"author":1001003,"featured_media":0,"comment_status":"closed","ping_status":"open","sticky":false,"template":"","format":"standard","meta":[],"categories":[16,5],"tags":[],"_links":{"self":[{"href":"https:\/\/gazdasagportal.hu\/index.php\/wp-json\/wp\/v2\/posts\/112162"}],"collection":[{"href":"https:\/\/gazdasagportal.hu\/index.php\/wp-json\/wp\/v2\/posts"}],"about":[{"href":"https:\/\/gazdasagportal.hu\/index.php\/wp-json\/wp\/v2\/types\/post"}],"author":[{"embeddable":true,"href":"https:\/\/gazdasagportal.hu\/index.php\/wp-json\/wp\/v2\/users\/1001003"}],"replies":[{"embeddable":true,"href":"https:\/\/gazdasagportal.hu\/index.php\/wp-json\/wp\/v2\/comments?post=112162"}],"version-history":[{"count":1,"href":"https:\/\/gazdasagportal.hu\/index.php\/wp-json\/wp\/v2\/posts\/112162\/revisions"}],"predecessor-version":[{"id":112163,"href":"https:\/\/gazdasagportal.hu\/index.php\/wp-json\/wp\/v2\/posts\/112162\/revisions\/112163"}],"wp:attachment":[{"href":"https:\/\/gazdasagportal.hu\/index.php\/wp-json\/wp\/v2\/media?parent=112162"}],"wp:term":[{"taxonomy":"category","embeddable":true,"href":"https:\/\/gazdasagportal.hu\/index.php\/wp-json\/wp\/v2\/categories?post=112162"},{"taxonomy":"post_tag","embeddable":true,"href":"https:\/\/gazdasagportal.hu\/index.php\/wp-json\/wp\/v2\/tags?post=112162"}],"curies":[{"name":"wp","href":"https:\/\/api.w.org\/{rel}","templated":true}]}}