{"id":112069,"date":"2018-12-21T04:04:44","date_gmt":"2018-12-21T03:04:44","guid":{"rendered":"http:\/\/gazdasagportal.hu\/?p=112069"},"modified":"2018-12-20T22:08:06","modified_gmt":"2018-12-20T21:08:06","slug":"ader-janos-alairta-a-munka-torvenykonyve-modositasat","status":"publish","type":"post","link":"https:\/\/gazdasagportal.hu\/index.php\/ader-janos-alairta-a-munka-torvenykonyve-modositasat\/","title":{"rendered":"\u00c1der J\u00e1nos al\u00e1\u00edrta a munka t\u00f6rv\u00e9nyk\u00f6nyve m\u00f3dos\u00edt\u00e1s\u00e1t"},"content":{"rendered":"<p><strong>A k\u00f6zt\u00e1rsas\u00e1gi eln\u00f6k al\u00e1\u00edrta a munka t\u00f6rv\u00e9nyk\u00f6nyve m\u00f3dos\u00edt\u00e1s\u00e1t &#8211;  tette k\u00f6zz\u00e9 a K\u00f6zt\u00e1rsas\u00e1gi Eln\u00f6ki Hivatal cs\u00fct\u00f6rt\u00f6k\u00f6n a honlapj\u00e1n \u00c1der J\u00e1nos nyilatkozat\u00e1t. <\/strong><!--more--><\/p>\n<div class=\"ads-in-post1\"><div id=\"gazdasagportal.hu_fullbanner_wideboard\"><\/div>\r\n<\/div>\n<p>    Az \u00e1llamf\u0151 a honlapra felker\u00fclt nyilatkozat\u00e1ban ismerteti, hogy a m\u00f3dos\u00edt\u00e1st &#8211; amit az Orsz\u00e1ggy\u0171l\u00e9s december 12-\u00e9n fogadott el &#8211; h\u00e1rom szempontb\u00f3l vizsg\u00e1lta meg.<br \/>\n    Els\u0151k\u00e9nt meg\u00e1llap\u00edtotta, hogy a m\u00f3dos\u00edt\u00e1s nem \u00fctk\u00f6zik az alapt\u00f6rv\u00e9ny rendelkez\u00e9seibe, \u00edgy jogszer\u0171 keretek k\u00f6z\u00f6tt, alkotm\u00e1nyosan nem kifog\u00e1solhat\u00f3. M\u00e1sodszor \u00f6sszevetette az \u00faj t\u00fal\u00f3ra-szab\u00e1lyoz\u00e1s rendelkez\u00e9seit m\u00e1s eur\u00f3pai orsz\u00e1gok\u00e9val \u00e9s meg\u00e1llap\u00edtotta, hogy sz\u00e1mos orsz\u00e1gban &#8211; p\u00e9ld\u00e1ul Egyes\u00fclt Kir\u00e1lys\u00e1g, D\u00e1nia, \u00cdrorsz\u00e1g, Csehorsz\u00e1g &#8211; a t\u00fal\u00f3ra m\u00e9rt\u00e9ke a magyarorsz\u00e1gival megegyez\u0151 vagy azt meghalad\u00f3 m\u00e9rt\u00e9k\u0171. Harmadszor megvizsg\u00e1lta, hogy a munka t\u00f6rv\u00e9nyk\u00f6nyv\u00e9nek m\u00f3dos\u00edt\u00e1sa mik\u00e9nt \u00e9rinti Magyarorsz\u00e1g n\u00e9gy \u00e9s f\u00e9lmilli\u00f3 munkav\u00e1llal\u00f3j\u00e1t, cs\u00f6kkentek-e a munkav\u00e1llal\u00f3k v\u00e9delm\u00e9t szolg\u00e1l\u00f3 garanci\u00e1k.<br \/>\n<div class=\"ads-in-post2\"><script async src=\"https:\/\/pagead2.googlesyndication.com\/pagead\/js\/adsbygoogle.js\"><\/script>\r\n<ins class=\"adsbygoogle\"\r\n     style=\"display:block\"\r\n     data-ad-format=\"fluid\"\r\n     data-ad-layout-key=\"-6t+ed+2i-1n-4w\"\r\n     data-ad-client=\"ca-pub-1959107119989764\"\r\n     data-ad-slot=\"4008251320\"><\/ins>\r\n<script>\r\n     (adsbygoogle = window.adsbygoogle || []).push({});\r\n<\/script><\/div>\n    A k\u00f6zt\u00e1rsas\u00e1gi eln\u00f6k meg\u00e1llap\u00edtotta, hogy a munka t\u00f6rv\u00e9nyk\u00f6nyv\u00e9nek a munkav\u00e1llal\u00f3kat v\u00e9d\u0151 rendelkez\u00e9sei nem csorbultak, s\u0151t, az eddigin\u00e9l t\u00f6bb t\u00fal\u00f3r\u00e1t csak a munkav\u00e1llal\u00f3 el\u0151zetes \u00edr\u00e1sbeli hozz\u00e1j\u00e1rul\u00e1s\u00e1t k\u00f6vet\u0151en lehet v\u00e9gezni; a munkaad\u00f3 nem b\u00fcntetheti a munkav\u00e1llal\u00f3t az\u00e9rt, mert t\u00falmunk\u00e1t nem v\u00e1llal, vagy a t\u00falmunka v\u00e1llal\u00e1s\u00e1ra vonatkoz\u00f3 kor\u00e1bbi nyilatkozat\u00e1t visszavonja; a kollekt\u00edv szerz\u0151d\u00e9sek csak a munkav\u00e1llal\u00f3 jav\u00e1ra t\u00e9rhetnek el az \u00faj szab\u00e1lyokt\u00f3l; a t\u00falmunk\u00e1\u00e9rt j\u00e1r\u00f3 d\u00edjaz\u00e1st ezut\u00e1n is v\u00e1ltozatlan felt\u00e9telekkel fizethetik ki a munkaad\u00f3k; nem sz\u0171k\u00fclt a szakszervezetek azon lehet\u0151s\u00e9ge, hogy a munkav\u00e1llal\u00f3knak a kollekt\u00edv szerz\u0151d\u00e9sek r\u00e9v\u00e9n m\u00e9g nagyobb v\u00e9delmet biztos\u00edtsanak.<br \/>\n    &#8222;Mindezen szempontok alapj\u00e1n, a mai napon elrendeltem a t\u00f6rv\u00e9ny kihirdet\u00e9s\u00e9t&#8221; &#8211; olvashat\u00f3 az \u00e1llamf\u0151 nyilatkozat\u00e1ban.<br \/>\n    \u00c1der J\u00e1nos hangs\u00falyozta: &#8222;a munka t\u00f6rv\u00e9nyk\u00f6nyv\u00e9nek m\u00f3dos\u00edt\u00e1sa az aggodalmak ellen\u00e9re sem lehet akad\u00e1lya annak, hogy a munkav\u00e1llal\u00f3k kar\u00e1csonya \u00e1ldott, a k\u00e9t \u00fcnnep k\u00f6z\u00f6tti id\u0151szak b\u00e9k\u00e9s, az \u00faj esztend\u0151 pedig nyugodt legyen&#8221;.<br \/>\n    &#8222;Magyarorsz\u00e1g minden polg\u00e1r\u00e1nak szeretetteljes kar\u00e1csonyt, a csal\u00e1d \u00e9s a bar\u00e1tok k\u00f6r\u00e9ben \u00f6r\u00f6mteli perceket \u00e9s boldog \u00faj \u00e9vet k\u00edv\u00e1nok!&#8221; &#8211; z\u00e1rul a k\u00f6zt\u00e1rsas\u00e1gi eln\u00f6k nyilatkozata.(MTI)<\/p>\n","protected":false},"excerpt":{"rendered":"<p>A k\u00f6zt\u00e1rsas\u00e1gi eln\u00f6k al\u00e1\u00edrta a munka t\u00f6rv\u00e9nyk\u00f6nyve m\u00f3dos\u00edt\u00e1s\u00e1t &#8211; tette k\u00f6zz\u00e9 a K\u00f6zt\u00e1rsas\u00e1gi Eln\u00f6ki Hivatal cs\u00fct\u00f6rt\u00f6k\u00f6n a honlapj\u00e1n \u00c1der J\u00e1nos nyilatkozat\u00e1t.<\/p>\n","protected":false},"author":1001003,"featured_media":0,"comment_status":"closed","ping_status":"open","sticky":false,"template":"","format":"standard","meta":[],"categories":[4,19],"tags":[],"_links":{"self":[{"href":"https:\/\/gazdasagportal.hu\/index.php\/wp-json\/wp\/v2\/posts\/112069"}],"collection":[{"href":"https:\/\/gazdasagportal.hu\/index.php\/wp-json\/wp\/v2\/posts"}],"about":[{"href":"https:\/\/gazdasagportal.hu\/index.php\/wp-json\/wp\/v2\/types\/post"}],"author":[{"embeddable":true,"href":"https:\/\/gazdasagportal.hu\/index.php\/wp-json\/wp\/v2\/users\/1001003"}],"replies":[{"embeddable":true,"href":"https:\/\/gazdasagportal.hu\/index.php\/wp-json\/wp\/v2\/comments?post=112069"}],"version-history":[{"count":1,"href":"https:\/\/gazdasagportal.hu\/index.php\/wp-json\/wp\/v2\/posts\/112069\/revisions"}],"predecessor-version":[{"id":112070,"href":"https:\/\/gazdasagportal.hu\/index.php\/wp-json\/wp\/v2\/posts\/112069\/revisions\/112070"}],"wp:attachment":[{"href":"https:\/\/gazdasagportal.hu\/index.php\/wp-json\/wp\/v2\/media?parent=112069"}],"wp:term":[{"taxonomy":"category","embeddable":true,"href":"https:\/\/gazdasagportal.hu\/index.php\/wp-json\/wp\/v2\/categories?post=112069"},{"taxonomy":"post_tag","embeddable":true,"href":"https:\/\/gazdasagportal.hu\/index.php\/wp-json\/wp\/v2\/tags?post=112069"}],"curies":[{"name":"wp","href":"https:\/\/api.w.org\/{rel}","templated":true}]}}