{"id":1120,"date":"2013-01-25T07:46:33","date_gmt":"2013-01-25T06:46:33","guid":{"rendered":"http:\/\/stockportal.hu\/?p=1120"},"modified":"2013-01-25T07:46:33","modified_gmt":"2013-01-25T06:46:33","slug":"japan-atdolgozza-vedelmi-programjait","status":"publish","type":"post","link":"https:\/\/gazdasagportal.hu\/index.php\/japan-atdolgozza-vedelmi-programjait\/","title":{"rendered":"Jap\u00e1n \u00e1tdolgozza v\u00e9delmi programjait"},"content":{"rendered":"<p><strong>Felf\u00fcggeszti az el\u0151z\u0151 korm\u00e1ny \u00e1ltal kidolgozott biztons\u00e1gpolitikai int\u00e9zked\u00e9seket a jap\u00e1n kabinet, \u00faj v\u00e9delmi strat\u00e9gi\u00e1t \u00e9s k\u00f6z\u00e9pt\u00e1v\u00fa hadi beszerz\u00e9si programot dolgoz ki &#8211; k\u00f6z\u00f6lte p\u00e9nteken a v\u00e9delmi miniszter.<!--more--><\/strong><\/p>\n<p>Onodera Icunori a r\u00e9gi\u00f3 &#8222;egyre s\u00falyosabb&#8221; biztons\u00e1gi k\u00f6rnyezet\u00e9vel indokolta a tervezett l\u00e9p\u00e9seket.<br \/>\nToki\u00f3 \u00c9szak-Korea tavaly decemberi rak\u00e9tatesztj\u00e9vel, valamint K\u00edna sorozatos hat\u00e1rs\u00e9rt\u00e9seivel indokolta a l\u00e9p\u00e9st, miut\u00e1n k\u00ednai haj\u00f3k \u00e9s rep\u00fcl\u0151k a k\u00f6zelm\u00faltban sz\u00e1mos alkalommal bel\u00e9ptek Jap\u00e1n parti vizeire, illetve l\u00e9gter\u00e9be egy Peking \u00e1ltal vitatott kelet-k\u00ednai-tengeri szigetcsoport k\u00f6zel\u00e9ben.<br \/>\nA kor\u00e1bbi &#8211; eredetileg \u00f6t \u00e9vre sz\u00f3l\u00f3 &#8211; v\u00e9delmi strat\u00e9gi\u00e1t \u00e9s beszerz\u00e9si programot az el\u0151z\u0151 korm\u00e1ny 2010 v\u00e9g\u00e9n fogadta el.<br \/>\nA programok felf\u00fcggeszt\u00e9s\u00e9vel p\u00e1rhuzamos p\u00e9nteken a kabinet \u00e1tmeneti v\u00e9delmi strat\u00e9gi\u00e1t fogadott el, amelynek \u00e9rtelm\u00e9ben az \u00e1prilisban kezd\u0151d\u0151 2013-as k\u00f6lts\u00e9gvet\u00e9si \u00e9vben 11 \u00e9v ut\u00e1n el\u0151sz\u00f6r n\u00f6velik majd a hadi kiad\u00e1sok m\u00e9rt\u00e9k\u00e9t a szigetorsz\u00e1gban.<br \/>\nAz \u00e1tmeneti program szerint Toki\u00f3 fejleszteni fogja v\u00e9delmi k\u00e9pess\u00e9geit, hogy megv\u00e9dje ter\u00fcleti \u00e9ps\u00e9g\u00e9t, valamint m\u00e9ly\u00edteni akarja az amerikai-jap\u00e1n katonai sz\u00f6vets\u00e9get annak f\u00e9ny\u00e9ben, hogy \u00c9szak-Korea &#8222;tov\u00e1bbra is bizonytalans\u00e1got kelt\u0151 t\u00e9nyez\u0151&#8221; a r\u00e9gi\u00f3ban, K\u00edna pedig &#8222;n\u00f6velte aktivit\u00e1s\u00e1t&#8221; a Jap\u00e1n k\u00f6zel\u00e9ben tal\u00e1lhat\u00f3 vizeken.<br \/>\nAz \u00faj v\u00e9delmi strat\u00e9gi\u00e1t \u00e9v v\u00e9g\u00e9ig fogja kidolgozni a kabinet. (MTI)<\/p>\n","protected":false},"excerpt":{"rendered":"<p>Felf\u00fcggeszti az el\u0151z\u0151 korm\u00e1ny \u00e1ltal kidolgozott biztons\u00e1gpolitikai int\u00e9zked\u00e9seket a jap\u00e1n kabinet, \u00faj v\u00e9delmi strat\u00e9gi\u00e1t \u00e9s k\u00f6z\u00e9pt\u00e1v\u00fa hadi beszerz\u00e9si programot dolgoz ki &#8211; k\u00f6z\u00f6lte p\u00e9nteken a v\u00e9delmi miniszter.<\/p>\n","protected":false},"author":1,"featured_media":1121,"comment_status":"closed","ping_status":"closed","sticky":false,"template":"","format":"standard","meta":[],"categories":[14],"tags":[],"_links":{"self":[{"href":"https:\/\/gazdasagportal.hu\/index.php\/wp-json\/wp\/v2\/posts\/1120"}],"collection":[{"href":"https:\/\/gazdasagportal.hu\/index.php\/wp-json\/wp\/v2\/posts"}],"about":[{"href":"https:\/\/gazdasagportal.hu\/index.php\/wp-json\/wp\/v2\/types\/post"}],"author":[{"embeddable":true,"href":"https:\/\/gazdasagportal.hu\/index.php\/wp-json\/wp\/v2\/users\/1"}],"replies":[{"embeddable":true,"href":"https:\/\/gazdasagportal.hu\/index.php\/wp-json\/wp\/v2\/comments?post=1120"}],"version-history":[{"count":1,"href":"https:\/\/gazdasagportal.hu\/index.php\/wp-json\/wp\/v2\/posts\/1120\/revisions"}],"predecessor-version":[{"id":1122,"href":"https:\/\/gazdasagportal.hu\/index.php\/wp-json\/wp\/v2\/posts\/1120\/revisions\/1122"}],"wp:featuredmedia":[{"embeddable":true,"href":"https:\/\/gazdasagportal.hu\/index.php\/wp-json\/wp\/v2\/media\/1121"}],"wp:attachment":[{"href":"https:\/\/gazdasagportal.hu\/index.php\/wp-json\/wp\/v2\/media?parent=1120"}],"wp:term":[{"taxonomy":"category","embeddable":true,"href":"https:\/\/gazdasagportal.hu\/index.php\/wp-json\/wp\/v2\/categories?post=1120"},{"taxonomy":"post_tag","embeddable":true,"href":"https:\/\/gazdasagportal.hu\/index.php\/wp-json\/wp\/v2\/tags?post=1120"}],"curies":[{"name":"wp","href":"https:\/\/api.w.org\/{rel}","templated":true}]}}