{"id":111982,"date":"2018-12-18T17:21:11","date_gmt":"2018-12-18T16:21:11","guid":{"rendered":"http:\/\/gazdasagportal.hu\/?p=111982"},"modified":"2018-12-18T15:22:22","modified_gmt":"2018-12-18T14:22:22","slug":"uj-vezerigazgatoja-van-a-szerencsejatek-zrt-nek","status":"publish","type":"post","link":"https:\/\/gazdasagportal.hu\/index.php\/uj-vezerigazgatoja-van-a-szerencsejatek-zrt-nek\/","title":{"rendered":"\u00daj vez\u00e9rigazgat\u00f3ja van a Szerencsej\u00e1t\u00e9k Zrt.-nek"},"content":{"rendered":"<p><strong>B\u00e1rtfai-Mager Andrea nemzeti vagyon kezel\u00e9s\u00e9\u00e9rt felel\u0151s t\u00e1rca n\u00e9lk\u00fcli miniszter Czepek G\u00e1bort nevezte ki a Szerencsej\u00e1t\u00e9k Zrt. \u00e9l\u00e9re &#8211; k\u00f6z\u00f6lte a miniszter sajt\u00f3oszt\u00e1lya kedden az MTI-vel.<\/strong><!--more--><\/p>\n<div class=\"ads-in-post1\"><div id=\"gazdasagportal.hu_fullbanner_wideboard\"><\/div>\r\n<\/div>\n    A k\u00f6zlem\u00e9ny szerint Czepek G\u00e1bor a vez\u00e9rigazgat\u00f3i feladatai ell\u00e1t\u00e1sa mellett a j\u00f6v\u0151ben miniszteri biztosk\u00e9nt seg\u00edti B\u00e1rtfai-Mager Andrea munk\u00e1j\u00e1t.<br \/>\n    Az egyes kiemelt jelent\u0151s\u00e9g\u0171 \u00e1llami vagyongazd\u00e1lkod\u00e1si feladatok ell\u00e1t\u00e1s\u00e1ra kinevezett miniszteri biztos feladata lesz a Nemzeti Eszk\u00f6zkezel\u0151 Programban r\u00e9sztvev\u0151k otthonteremt\u00e9s\u00e9nek biztos\u00edt\u00e1s\u00e1r\u00f3l sz\u00f3l\u00f3 t\u00f6rv\u00e9ny feladatainak koordin\u00e1l\u00e1sa, a magyar \u00e1llam tulajdon\u00e1ban l\u00e9v\u0151 ingatlanvagyon felm\u00e9r\u00e9s\u00e9ben, valamint ezek hasznos\u00edt\u00e1s\u00e1ra vonatkoz\u00f3 koncepci\u00f3 kidolgoz\u00e1s\u00e1ban val\u00f3 r\u00e9szv\u00e9tel.<br \/>\n    A fentieken t\u00fal ell\u00e1tja az \u00e1llami magas\u00e9p\u00edt\u00e9si beruh\u00e1z\u00e1sok megval\u00f3s\u00edt\u00e1s\u00e1r\u00f3l sz\u00f3l\u00f3 t\u00f6rv\u00e9ny koordin\u00e1ci\u00f3s feladatait, tov\u00e1bb\u00e1 r\u00e9szt vesz a miniszter \u00e1ltal meghat\u00e1rozott egyedi \u00fcgyek kezel\u00e9s\u00e9ben is.<br \/>\n<div class=\"ads-in-post2\"><script async src=\"https:\/\/pagead2.googlesyndication.com\/pagead\/js\/adsbygoogle.js\"><\/script>\r\n<ins class=\"adsbygoogle\"\r\n     style=\"display:block\"\r\n     data-ad-format=\"fluid\"\r\n     data-ad-layout-key=\"-6t+ed+2i-1n-4w\"\r\n     data-ad-client=\"ca-pub-1959107119989764\"\r\n     data-ad-slot=\"4008251320\"><\/ins>\r\n<script>\r\n     (adsbygoogle = window.adsbygoogle || []).push({});\r\n<\/script><\/div>\n    Czepek G\u00e1bor kor\u00e1bban a K\u00f6zigazgat\u00e1si \u00e9s Igazs\u00e1g\u00fcgyi Miniszt\u00e9rium igazs\u00e1g\u00fcgyi \u00e9s mag\u00e1njogi jogalkot\u00e1s\u00e9rt felel\u0151s helyettes \u00e1llamtitk\u00e1ra volt, majd a Nemzeti Fejleszt\u00e9si Miniszt\u00e9rium k\u00f6zigazgat\u00e1si \u00e1llamtitk\u00e1ri tiszts\u00e9g\u00e9t t\u00f6lt\u00f6tte be. Kinevez\u00e9s\u00e9t megel\u0151z\u0151en \u00e1llami vagyongazd\u00e1lkod\u00e1s\u00e9rt felel\u0151s \u00e1llamtitk\u00e1rk\u00e9nt tev\u00e9kenykedett. Kor\u00e1bban a GYSEV Zrt. aleln\u00f6ki \u00e9s a R\u00e1ba Nyrt. fel\u00fcgyel\u0151bizotts\u00e1g\u00e1nak eln\u00f6ki tiszts\u00e9g\u00e9t is ell\u00e1tta &#8211; tett\u00e9k hozz\u00e1.<br \/>\n    Braun M\u00e1rton, a t\u00e1voz\u00f3 vez\u00e9rigazgat\u00f3 2015 nyar\u00e1t\u00f3l \u00e1llt a Szerencsej\u00e1t\u00e9k Zrt. \u00e9l\u00e9n &#8211; \u00edrt\u00e1k.<br \/>\n(MTI)<\/p>\n","protected":false},"excerpt":{"rendered":"<p>B\u00e1rtfai-Mager Andrea nemzeti vagyon kezel\u00e9s\u00e9\u00e9rt felel\u0151s t\u00e1rca n\u00e9lk\u00fcli miniszter Czepek G\u00e1bort nevezte ki a Szerencsej\u00e1t\u00e9k Zrt. \u00e9l\u00e9re &#8211; k\u00f6z\u00f6lte a miniszter sajt\u00f3oszt\u00e1lya kedden az MTI-vel.<\/p>\n","protected":false},"author":1,"featured_media":0,"comment_status":"closed","ping_status":"open","sticky":false,"template":"","format":"standard","meta":[],"categories":[4,19],"tags":[],"_links":{"self":[{"href":"https:\/\/gazdasagportal.hu\/index.php\/wp-json\/wp\/v2\/posts\/111982"}],"collection":[{"href":"https:\/\/gazdasagportal.hu\/index.php\/wp-json\/wp\/v2\/posts"}],"about":[{"href":"https:\/\/gazdasagportal.hu\/index.php\/wp-json\/wp\/v2\/types\/post"}],"author":[{"embeddable":true,"href":"https:\/\/gazdasagportal.hu\/index.php\/wp-json\/wp\/v2\/users\/1"}],"replies":[{"embeddable":true,"href":"https:\/\/gazdasagportal.hu\/index.php\/wp-json\/wp\/v2\/comments?post=111982"}],"version-history":[{"count":1,"href":"https:\/\/gazdasagportal.hu\/index.php\/wp-json\/wp\/v2\/posts\/111982\/revisions"}],"predecessor-version":[{"id":111983,"href":"https:\/\/gazdasagportal.hu\/index.php\/wp-json\/wp\/v2\/posts\/111982\/revisions\/111983"}],"wp:attachment":[{"href":"https:\/\/gazdasagportal.hu\/index.php\/wp-json\/wp\/v2\/media?parent=111982"}],"wp:term":[{"taxonomy":"category","embeddable":true,"href":"https:\/\/gazdasagportal.hu\/index.php\/wp-json\/wp\/v2\/categories?post=111982"},{"taxonomy":"post_tag","embeddable":true,"href":"https:\/\/gazdasagportal.hu\/index.php\/wp-json\/wp\/v2\/tags?post=111982"}],"curies":[{"name":"wp","href":"https:\/\/api.w.org\/{rel}","templated":true}]}}