{"id":111966,"date":"2018-12-18T12:40:59","date_gmt":"2018-12-18T11:40:59","guid":{"rendered":"http:\/\/gazdasagportal.hu\/?p=111966"},"modified":"2018-12-18T12:40:59","modified_gmt":"2018-12-18T11:40:59","slug":"europai-szamvevoszek-javitani-kell-a-civil-szervezeteknek-juttatott-tamogatas-atlathatosagat","status":"publish","type":"post","link":"https:\/\/gazdasagportal.hu\/index.php\/europai-szamvevoszek-javitani-kell-a-civil-szervezeteknek-juttatott-tamogatas-atlathatosagat\/","title":{"rendered":"Eur\u00f3pai Sz\u00e1mvev\u0151sz\u00e9k: jav\u00edtani kell a civil szervezeteknek juttatott t\u00e1mogat\u00e1s \u00e1tl\u00e1that\u00f3s\u00e1g\u00e1t"},"content":{"rendered":"<p><strong>\u00c1tl\u00e1that\u00f3bb\u00e1 kell tenni t\u00f6bbek k\u00f6z\u00f6tt a humanit\u00e1rius \u00e9s fejleszt\u00e9si seg\u00e9lyek, valamint a k\u00f6rnyezetv\u00e9delem \u00e9s a kult\u00fara ter\u00fclet\u00e9n a civil szervezetek k\u00f6zrem\u0171k\u00f6d\u00e9s\u00e9vel felhaszn\u00e1lt uni\u00f3s forr\u00e1sok felhaszn\u00e1l\u00e1s\u00e1t &#8211; ezt \u00e1llap\u00edtotta meg egyebek mellett a luxembourgi sz\u00e9khely\u0171 Eur\u00f3pai Sz\u00e1mvev\u0151sz\u00e9k kedden k\u00f6zz\u00e9tett jelent\u00e9s\u00e9ben.<\/strong><!--more--><\/p>\n<div class=\"ads-in-post1\"><div id=\"gazdasagportal.hu_fullbanner_wideboard\"><\/div>\r\n<\/div>\n<p>    Mint k\u00f6z\u00f6lt\u00e9k, 2014 \u00e9s 2017 k\u00f6z\u00f6tt az Eur\u00f3pai Bizotts\u00e1g a becsl\u00e9sek szerint 11,3 milli\u00e1rd eur\u00f3t ir\u00e1nyzott el\u0151 nem korm\u00e1nyzati szervezetek \u00e1ltali felhaszn\u00e1l\u00e1sra.<br \/>\n    A sz\u00e1mvev\u0151k jelent\u00e9s\u00fckben arra figyelmeztettek, hogy jelenleg nem megb\u00edzhat\u00f3 az a rendszer, amely alapj\u00e1n az Eur\u00f3pai Bizotts\u00e1g civil szervezetk\u00e9nt sorolja be a szervezeteket. V\u00e9lem\u00e9ny\u00fck szerint az uni\u00f3s bizotts\u00e1g nem kezeli el\u00e9gg\u00e9 \u00e1tl\u00e1that\u00f3an az uni\u00f3s forr\u00e1sok civil szervezetek \u00e1ltali felhaszn\u00e1l\u00e1s\u00e1t.<br \/>\n    Meg\u00e1llap\u00edtott\u00e1k, am\u00edg a civilek \u00e1ltal ir\u00e1ny\u00edtott kezdem\u00e9nyez\u00e9sek kiv\u00e1laszt\u00e1sa \u00e1ltal\u00e1ban \u00e1tl\u00e1that\u00f3 m\u00f3don t\u00f6rt\u00e9nik, a k\u00fcl\u00f6nf\u00e9le bizotts\u00e1gi f\u0151oszt\u00e1lyok nem kezelik egys\u00e9gesen a harmadik felek \u00e1ltal tov\u00e1bbadott t\u00e1mogat\u00e1sok k\u00e9rd\u00e9s\u00e9t. Az ellen\u0151rz\u00f6tt ENSZ-szervezetek nem mindig \u00e1tl\u00e1that\u00f3 elj\u00e1r\u00e1s keret\u00e9ben v\u00e1lasztj\u00e1k ki a k\u00f6zrem\u0171k\u00f6d\u0151 civil szervezeteket &#8211; emelt\u00e9k ki.<br \/>\n    A jelent\u00e9stev\u0151k r\u00e1mutattak, hogy nem egys\u00e9ges a civil szervezetek \u00e1ltal felhaszn\u00e1lt uni\u00f3s forr\u00e1sokkal kapcsolatos inform\u00e1ci\u00f3k gy\u0171jt\u00e9se sem, \u00e9s a bizotts\u00e1g &#8211; k\u00fcl\u00f6n\u00f6sen a nemzetk\u00f6zi civil szervezetekb\u0151l \u00e1ll\u00f3 h\u00e1l\u00f3zatok \u00e9s k\u00f6zvetett ir\u00e1ny\u00edt\u00e1s\u00fa projektek tekintet\u00e9ben &#8211; nem rendelkezik \u00e1tfog\u00f3 inform\u00e1ci\u00f3kkal.<br \/>\n<div class=\"ads-in-post2\"><script async src=\"https:\/\/pagead2.googlesyndication.com\/pagead\/js\/adsbygoogle.js\"><\/script>\r\n<ins class=\"adsbygoogle\"\r\n     style=\"display:block\"\r\n     data-ad-format=\"fluid\"\r\n     data-ad-layout-key=\"-6t+ed+2i-1n-4w\"\r\n     data-ad-client=\"ca-pub-1959107119989764\"\r\n     data-ad-slot=\"4008251320\"><\/ins>\r\n<script>\r\n     (adsbygoogle = window.adsbygoogle || []).push({});\r\n<\/script><\/div>\n    A sz\u00e1mvev\u0151sz\u00e9k az aj\u00e1nlotta az Eur\u00f3pai Bizotts\u00e1gnak, hogy sz\u00e1mviteli rendszer\u00e9ben jav\u00edtsa a civil szervezetekr\u0151l nyilv\u00e1ntartott inform\u00e1ci\u00f3k megb\u00edzhat\u00f3s\u00e1g\u00e1t. Ellen\u0151rizze a szab\u00e1lyok \u00e9s elj\u00e1r\u00e1sok alkalmaz\u00e1s\u00e1t azokban az esetekben, amikor harmadik felek adnak tov\u00e1bb t\u00e1mogat\u00e1sokat civil szervezeteknek. V\u00e9lem\u00e9ny\u00fck szerint jav\u00edtani kell a civilek \u00e1ltal felhaszn\u00e1lt uni\u00f3s forr\u00e1sokkal kapcsolatos inform\u00e1ci\u00f3k gy\u0171jt\u00e9s\u00e9t. Egys\u00e9ges megk\u00f6zel\u00edt\u00e9st kell elfogadni a nem korm\u00e1nyzati szervezeteknek biztos\u00edtott finansz\u00edroz\u00e1ssal kapcsolatos r\u00e9szletes adatok k\u00f6zz\u00e9t\u00e9tel\u00e9r\u0151l, valamint ellen\u0151rizni kell, hogy az ENSZ-szervezetek teljes \u00e9s pontos adatokat tesznek-e k\u00f6zz\u00e9 a civil szervezeteknek juttatott uni\u00f3s forr\u00e1sokr\u00f3l.(MTI)<\/p>\n","protected":false},"excerpt":{"rendered":"<p>\u00c1tl\u00e1that\u00f3bb\u00e1 kell tenni t\u00f6bbek k\u00f6z\u00f6tt a humanit\u00e1rius \u00e9s fejleszt\u00e9si seg\u00e9lyek, valamint a k\u00f6rnyezetv\u00e9delem \u00e9s a kult\u00fara ter\u00fclet\u00e9n a civil szervezetek k\u00f6zrem\u0171k\u00f6d\u00e9s\u00e9vel felhaszn\u00e1lt uni\u00f3s forr\u00e1sok felhaszn\u00e1l\u00e1s\u00e1t &#8211; ezt \u00e1llap\u00edtotta meg egyebek mellett a luxembourgi sz\u00e9khely\u0171 Eur\u00f3pai Sz\u00e1mvev\u0151sz\u00e9k kedden k\u00f6zz\u00e9tett jelent\u00e9s\u00e9ben.<\/p>\n","protected":false},"author":1,"featured_media":0,"comment_status":"closed","ping_status":"open","sticky":false,"template":"","format":"standard","meta":[],"categories":[12,246],"tags":[],"_links":{"self":[{"href":"https:\/\/gazdasagportal.hu\/index.php\/wp-json\/wp\/v2\/posts\/111966"}],"collection":[{"href":"https:\/\/gazdasagportal.hu\/index.php\/wp-json\/wp\/v2\/posts"}],"about":[{"href":"https:\/\/gazdasagportal.hu\/index.php\/wp-json\/wp\/v2\/types\/post"}],"author":[{"embeddable":true,"href":"https:\/\/gazdasagportal.hu\/index.php\/wp-json\/wp\/v2\/users\/1"}],"replies":[{"embeddable":true,"href":"https:\/\/gazdasagportal.hu\/index.php\/wp-json\/wp\/v2\/comments?post=111966"}],"version-history":[{"count":1,"href":"https:\/\/gazdasagportal.hu\/index.php\/wp-json\/wp\/v2\/posts\/111966\/revisions"}],"predecessor-version":[{"id":111967,"href":"https:\/\/gazdasagportal.hu\/index.php\/wp-json\/wp\/v2\/posts\/111966\/revisions\/111967"}],"wp:attachment":[{"href":"https:\/\/gazdasagportal.hu\/index.php\/wp-json\/wp\/v2\/media?parent=111966"}],"wp:term":[{"taxonomy":"category","embeddable":true,"href":"https:\/\/gazdasagportal.hu\/index.php\/wp-json\/wp\/v2\/categories?post=111966"},{"taxonomy":"post_tag","embeddable":true,"href":"https:\/\/gazdasagportal.hu\/index.php\/wp-json\/wp\/v2\/tags?post=111966"}],"curies":[{"name":"wp","href":"https:\/\/api.w.org\/{rel}","templated":true}]}}