{"id":111936,"date":"2018-12-17T17:44:19","date_gmt":"2018-12-17T16:44:19","guid":{"rendered":"http:\/\/gazdasagportal.hu\/?p=111936"},"modified":"2018-12-17T17:26:00","modified_gmt":"2018-12-17T16:26:00","slug":"kizartak-a-moszkvahoz-hu-ukran-ortodox-egyhazbol-az-egyhazegyesitesben-reszt-vevo-metropolitakat","status":"publish","type":"post","link":"https:\/\/gazdasagportal.hu\/index.php\/kizartak-a-moszkvahoz-hu-ukran-ortodox-egyhazbol-az-egyhazegyesitesben-reszt-vevo-metropolitakat\/","title":{"rendered":"Kiz\u00e1rt\u00e1k a Moszkv\u00e1hoz h\u0171 ukr\u00e1n ortodox egyh\u00e1zb\u00f3l az egyh\u00e1zegyes\u00edt\u00e9sben r\u00e9szt vev\u0151 metropolit\u00e1kat"},"content":{"rendered":"<p><strong>Szakad\u00e1roknak min\u0151s\u00edtette, ez\u00e9rt kiz\u00e1rta \u00e9s megfosztotta egyh\u00e1zi tiszts\u00e9g\u00e9t\u0151l az ukr\u00e1n ortodox egyh\u00e1z Moszkv\u00e1hoz h\u0171 &#8222;sz\u00e1rnya&#8221; h\u00e9tf\u0151n azt a k\u00e9t metropolit\u00e1j\u00e1t, aki r\u00e9szt vett szombaton Kijevben az ukrajnai ortodox egyh\u00e1zakat egyes\u00edt\u0151 gy\u0171l\u00e9sen &#8211; sz\u00e1molt be a tszn.ua ukr\u00e1n h\u00edrport\u00e1l Kliment \u00e9rsekre, az egyh\u00e1zszervezet sajt\u00f3oszt\u00e1ly\u00e1nak vezet\u0151j\u00e9re hivatkozva.<\/strong><!--more--><\/p>\n<div class=\"ads-in-post1\"><div id=\"gazdasagportal.hu_fullbanner_wideboard\"><\/div>\r\n<\/div>\n<p>    A moszkvai patriark\u00e1tus ukr\u00e1n ortodox egyh\u00e1za h\u00e9tf\u0151n, Onufrij metropolita eln\u00f6klet\u00e9vel rendk\u00edv\u00fcli gy\u0171l\u00e9st tartott a kijevi Pecserszka Lavra kolostor- \u00e9s templomkomplexumban, hogy megvitassa a szombati egyh\u00e1zegyes\u00edt\u00e9s nyom\u00e1n kialakult helyzetet. A tan\u00e1cskoz\u00e1son olyan d\u00f6nt\u00e9s sz\u00fcletett, hogy Szimeon vinnicjai \u00e9s Olekszandr perejaszlav-hmelnickiji metropolit\u00e1kat, akik szembehelyezkedtek az egyh\u00e1zszervezet vezet\u00e9s\u00e9nek d\u00f6nt\u00e9s\u00e9vel &#8211; mely megtiltotta a r\u00e9szv\u00e9telt az egyh\u00e1zegyes\u00edt\u0151 gy\u0171l\u00e9sen &#8211; tiszts\u00e9g\u00fckt\u0151l val\u00f3 megfoszt\u00e1ssal, egyh\u00e1zi feladataik al\u00f3li felment\u00e9ssel, s\u0151t,  egyes orosz forr\u00e1sok szerint egyh\u00e1zi \u00e1tokkal is b\u00fcnteti, ami\u00e9rt csatlakoztak az \u00faj egys\u00e9ges, Moszkv\u00e1t\u00f3l f\u00fcggetlen ukr\u00e1n ortodox egyh\u00e1zhoz.<br \/>\n    Szimeon hely\u00e9re Varszonofij \u00e9rseket nevezt\u00e9k ki &#8211; \u00edrta a sztrana.ua h\u00edrport\u00e1l. Orosz h\u00edrport\u00e1lok szerint Olekszandr metropolita hely\u00e9re pedig Gyionyiszij arkimandrit\u00e1t nevezt\u00e9k ki.<br \/>\n    Szimeon viszont vas\u00e1rnap Vinnicj\u00e1ban a liturgia ut\u00e1n bejelentette a h\u00edveknek, hogy csatlakozott az \u00faj egys\u00e9ges ukr\u00e1n ortodox egyh\u00e1zhoz, kik\u00e9rte v\u00e9lem\u00e9ny\u00fcket, mire az egyh\u00e1zi k\u00f6z\u00f6ss\u00e9g tan\u00e1csa \u00e9s a h\u00edvek is egyar\u00e1nt t\u00e1mogat\u00e1sukr\u00f3l biztos\u00edtott\u00e1k &#8211; adott h\u00edrt h\u00e9tf\u0151n Vladiszlav Demcsenko, a vinnicjai p\u00fcsp\u00f6ks\u00e9g sajt\u00f3oszt\u00e1ly\u00e1nak vezet\u0151je.<br \/>\n<div class=\"ads-in-post2\"><script async src=\"https:\/\/pagead2.googlesyndication.com\/pagead\/js\/adsbygoogle.js\"><\/script>\r\n<ins class=\"adsbygoogle\"\r\n     style=\"display:block\"\r\n     data-ad-format=\"fluid\"\r\n     data-ad-layout-key=\"-6t+ed+2i-1n-4w\"\r\n     data-ad-client=\"ca-pub-1959107119989764\"\r\n     data-ad-slot=\"4008251320\"><\/ins>\r\n<script>\r\n     (adsbygoogle = window.adsbygoogle || []).push({});\r\n<\/script><\/div>\n    A rendk\u00edv\u00fcli gy\u0171l\u00e9s v\u00e9gezt\u00e9vel a Moszkv\u00e1hoz h\u0171 ukr\u00e1n ortodox egyh\u00e1z kijelentette, hogy nem ismeri el az \u00faj \u00f6n\u00e1ll\u00f3 ukr\u00e1n ortodox egyh\u00e1zat, amelyet a szombaton hozott l\u00e9tre &#8222;k\u00e9t nem k\u00e1noni szervezet&#8221;. &#8222;Ukrajn\u00e1nak tov\u00e1bbra is egy k\u00e1noni ortodox egyh\u00e1za van, ez pedig a moszkvai patriark\u00e1tus ukr\u00e1n ortodox egyh\u00e1za, amelyet Onufrij metropolita vezet&#8221; &#8211; sz\u00f6gezte le Antonyij boriszpili \u00e9s bovari metropolita, egyh\u00e1zi \u00fcgyviv\u0151 az egyh\u00e1zszervezet honlapj\u00e1n k\u00f6zz\u00e9tett videofelv\u00e9telen.<br \/>\n    Szombaton az egyh\u00e1zegyes\u00edt\u0151 gy\u0171l\u00e9sen a kijevi patriark\u00e1tushoz tartoz\u00f3 Jepifanyij metropolit\u00e1t v\u00e1lasztott\u00e1k meg az \u00faj egys\u00e9ges ukr\u00e1n ortodox egyh\u00e1z vezet\u0151j\u00e9v\u00e9, aki janu\u00e1r 6-ra hivatalos megh\u00edv\u00e1st kapott Isztambulba, ahol az \u00fcnnepi liturgia keret\u00e9ben fogja a tervek szerint I. Bartolomaiosz konstantin\u00e1polyi \u00f6kumenikus p\u00e1tri\u00e1rka \u00e1tadni neki a tomoszt, vagyis az ukr\u00e1n ortodox egyh\u00e1z autokef\u00e1li\u00e1j\u00e1t (\u00f6n\u00e1ll\u00f3s\u00e1g\u00e1t) kimond\u00f3 iratot.<br \/>\n    Petro Porosenko ukr\u00e1n eln\u00f6k \u00e1prilisban fordult I. Bartolomaiosz konstantin\u00e1polyi \u00f6kumenikus p\u00e1tri\u00e1rk\u00e1hoz azzal a k\u00e9r\u00e9ssel, hogy adjon \u00f6n\u00e1ll\u00f3s\u00e1got a most m\u00e9g az orosz ortodox egyh\u00e1z joghat\u00f3s\u00e1ga al\u00e1 tartoz\u00f3 &#8211; r\u00e1ad\u00e1sul megosztott &#8211; ukr\u00e1n ortodox egyh\u00e1znak. Az elj\u00e1r\u00e1si rend szerint ezt azon orsz\u00e1g vezet\u0151j\u00e9nek kell hivatalosan kezdem\u00e9nyeznie az \u00f6kumenikus p\u00e1tri\u00e1rk\u00e1n\u00e1l, amelyben az adott ortodox egyh\u00e1z m\u0171k\u00f6dik.<br \/>\n    Konstantin\u00e1poly el\u0151bb kinyilv\u00e1n\u00edtotta, hogy joga van az \u00f6kumenikus p\u00e1tri\u00e1rk\u00e1nak d\u00f6nteni a k\u00e9rd\u00e9sben, tov\u00e1bb\u00e1 visszavette Moszkv\u00e1t\u00f3l joghat\u00f3s\u00e1g\u00e1t az ukr\u00e1n ortodox egyh\u00e1z f\u00f6l\u00f6tt. A konstantin\u00e1polyi szin\u00f3dus okt\u00f3ber elej\u00e9n \u00fagy d\u00f6nt\u00f6tt, hogy amint l\u00e9trej\u00f6n az egyes\u00edtett ukr\u00e1n ortodox egyh\u00e1z, az \u00f6kumenikus p\u00e1tri\u00e1rka megadja az \u00faj egyh\u00e1zvezet\u0151nek a tomoszt, vagyis az \u00f6n\u00e1ll\u00f3s\u00e1gr\u00f3l sz\u00f3l\u00f3 iratot.<br \/>\n    Ennek \u00e9rdek\u00e9ben egyes\u00edteni kellett az Ukrajn\u00e1ban m\u0171k\u00f6d\u0151 ortodox egyh\u00e1zat, amely h\u00e1rom k\u00fcl\u00f6n szervezetre szakadt: a Moszkv\u00e1hoz h\u0171 &#8222;sz\u00e1rnyra&#8221;, a kijevi patriark\u00e1tus ukr\u00e1n ortodox egyh\u00e1z\u00e1ra &#8211; amely ezen a n\u00e9ven 1992-ben szakadt ki Filaret p\u00e1tri\u00e1rka vezet\u00e9s\u00e9vel m\u00e1r akkor azzal az ig\u00e9nnyel, hogy Ukrajn\u00e1nak Oroszorsz\u00e1gt\u00f3l f\u00fcggetlen, saj\u00e1t nemzeti ortodox egyh\u00e1za legyen &#8211; \u00e9s az el\u0151bbi kett\u0151n\u00e9l egy j\u00f3val kisebbre, az \u00fagynevezett autokef\u00e1l ortodox egyh\u00e1zra. Szombaton mindh\u00e1rom egyh\u00e1zi szervezetb\u0151l voltak r\u00e9sztvev\u0151k az egyh\u00e1zegyes\u00edt\u0151 gy\u0171l\u00e9sen.<br \/>\n    Moszkva viszont a kijevi patriark\u00e1tust \u00e9s az autokef\u00e1l ukr\u00e1n ortodox egyh\u00e1zat nem ismeri el legitimnek, szakad\u00e1rnak tekinti \u0151ket, ez\u00e9rt ellenezte az egyh\u00e1zegyes\u00edt\u00e9st, az ukr\u00e1n ortodox egyh\u00e1z \u00f6n\u00e1ll\u00f3v\u00e1 v\u00e1l\u00e1s\u00e1t pedig az orosz vil\u00e1gi \u00e9s politikai vezet\u00e9s egyar\u00e1nt az \u00e9vezred egyh\u00e1zszakad\u00e1s\u00e1nak nevezi.(MTI)<\/p>\n","protected":false},"excerpt":{"rendered":"<p>Szakad\u00e1roknak min\u0151s\u00edtette, ez\u00e9rt kiz\u00e1rta \u00e9s megfosztotta egyh\u00e1zi tiszts\u00e9g\u00e9t\u0151l az ukr\u00e1n ortodox egyh\u00e1z Moszkv\u00e1hoz h\u0171 &#8222;sz\u00e1rnya&#8221; h\u00e9tf\u0151n azt a k\u00e9t metropolit\u00e1j\u00e1t, aki r\u00e9szt vett szombaton Kijevben az ukrajnai ortodox egyh\u00e1zakat egyes\u00edt\u0151 gy\u0171l\u00e9sen &#8211; sz\u00e1molt be a tszn.ua ukr\u00e1n h\u00edrport\u00e1l Kliment \u00e9rsekre, az egyh\u00e1zszervezet sajt\u00f3oszt\u00e1ly\u00e1nak vezet\u0151j\u00e9re hivatkozva.<\/p>\n","protected":false},"author":1,"featured_media":0,"comment_status":"closed","ping_status":"open","sticky":false,"template":"","format":"standard","meta":[],"categories":[12],"tags":[],"_links":{"self":[{"href":"https:\/\/gazdasagportal.hu\/index.php\/wp-json\/wp\/v2\/posts\/111936"}],"collection":[{"href":"https:\/\/gazdasagportal.hu\/index.php\/wp-json\/wp\/v2\/posts"}],"about":[{"href":"https:\/\/gazdasagportal.hu\/index.php\/wp-json\/wp\/v2\/types\/post"}],"author":[{"embeddable":true,"href":"https:\/\/gazdasagportal.hu\/index.php\/wp-json\/wp\/v2\/users\/1"}],"replies":[{"embeddable":true,"href":"https:\/\/gazdasagportal.hu\/index.php\/wp-json\/wp\/v2\/comments?post=111936"}],"version-history":[{"count":1,"href":"https:\/\/gazdasagportal.hu\/index.php\/wp-json\/wp\/v2\/posts\/111936\/revisions"}],"predecessor-version":[{"id":111937,"href":"https:\/\/gazdasagportal.hu\/index.php\/wp-json\/wp\/v2\/posts\/111936\/revisions\/111937"}],"wp:attachment":[{"href":"https:\/\/gazdasagportal.hu\/index.php\/wp-json\/wp\/v2\/media?parent=111936"}],"wp:term":[{"taxonomy":"category","embeddable":true,"href":"https:\/\/gazdasagportal.hu\/index.php\/wp-json\/wp\/v2\/categories?post=111936"},{"taxonomy":"post_tag","embeddable":true,"href":"https:\/\/gazdasagportal.hu\/index.php\/wp-json\/wp\/v2\/tags?post=111936"}],"curies":[{"name":"wp","href":"https:\/\/api.w.org\/{rel}","templated":true}]}}