{"id":111934,"date":"2018-12-17T17:15:01","date_gmt":"2018-12-17T16:15:01","guid":{"rendered":"http:\/\/gazdasagportal.hu\/?p=111934"},"modified":"2018-12-17T17:15:01","modified_gmt":"2018-12-17T16:15:01","slug":"ukran-miniszterelnok-a-kercsi-szorosban-brutalis-tamadas-tortent-oroszorszag-reszerol","status":"publish","type":"post","link":"https:\/\/gazdasagportal.hu\/index.php\/ukran-miniszterelnok-a-kercsi-szorosban-brutalis-tamadas-tortent-oroszorszag-reszerol\/","title":{"rendered":"Ukr\u00e1n minisztereln\u00f6k: a Kercsi-szorosban brut\u00e1lis t\u00e1mad\u00e1s t\u00f6rt\u00e9nt Oroszorsz\u00e1g r\u00e9sz\u00e9r\u0151l"},"content":{"rendered":"<p><strong>A Fekete-tengeren, a Kercsi-szoros k\u00f6zel\u00e9ben nem provok\u00e1ci\u00f3, nem is agresszi\u00f3 t\u00f6rt\u00e9nt az orosz hader\u0151 r\u00e9sz\u00e9r\u0151l, hanem brut\u00e1lis t\u00e1mad\u00e1s \u00e9rte a f\u00fcggetlen Ukrajn\u00e1t, f\u00fcggetlen flott\u00e1j\u00e1t \u00e9s leg\u00e9nys\u00e9g\u00e9t &#8211; jelentette ki Volodimir Hrojszman ukr\u00e1n minisztereln\u00f6k Br\u00fcsszelben, az EU-Ukrajna T\u00e1rsul\u00e1si Tan\u00e1cs \u00fcl\u00e9s\u00e9t k\u00f6vet\u0151en h\u00e9tf\u0151n.<\/strong><!--more--><\/p>\n<div class=\"ads-in-post1\"><div id=\"gazdasagportal.hu_fullbanner_wideboard\"><\/div>\r\n<\/div>\n<p>    Hrojszman \u00fajs\u00e1g\u00edr\u00f3i k\u00e9rd\u00e9sre v\u00e1laszolva arra h\u00edvta fel a figyelmet, hogy Ukrajna elleni barb\u00e1r, agressz\u00edv t\u00e1mad\u00e1snak tekinthet\u0151 az, hogy ukr\u00e1n katon\u00e1k vannak orosz fogs\u00e1gban k\u00f6zel egy h\u00f3napja.<br \/>\n    Az ukr\u00e1n minisztereln\u00f6k hangs\u00falyozta, konkr\u00e9t cselekedeteket v\u00e1r a b\u00e9ke \u00e9rdek\u00e9ben Moszkva r\u00e9sz\u00e9r\u0151l, a diplom\u00e1ciai szab\u00e1lyok betart\u00e1s\u00e1t k\u00e9rte sz\u00e1mon \u00e9s az ukr\u00e1n katon\u00e1k szabadon enged\u00e9s\u00e9t k\u00f6vetelte. Ukrajna szabads\u00e1g\u00e1ba val\u00f3 beavatkoz\u00e1snak nevezte a tengeri \u00fatvonalak lez\u00e1r\u00e1st \u00e9s szigor\u00fa ellen\u0151rz\u00e9s\u00e9t, valamint a Kercsi-szoroson \u00e1t a Kr\u00edm f\u00e9lszigetre vezet\u0151 h\u00edd meg\u00e9p\u00edt\u00e9s\u00e9t.<br \/>\n    Az Eur\u00f3pai Uni\u00f3 \u00e1ltal Oroszorsz\u00e1g ellen bevezetett szankci\u00f3kkal kapcsolatban \u00fagy v\u00e9lekedett, amennyiben Moszkva nem teljes\u00edti a nemzetk\u00f6zi szerz\u0151d\u00e9sekben v\u00e1llalt k\u00f6teless\u00e9geit, &#8222;amennyiben az agresszor folytatja agresszi\u00f3j\u00e1t&#8221;, \u00e9s a korl\u00e1toz\u00f3 int\u00e9zked\u00e9seket m\u00e9gis fel akarn\u00e1k oldani, az az emberi jogok semmibev\u00e9tel\u00e9t  a nemzetk\u00f6zi meg\u00e1llapod\u00e1sok felr\u00fag\u00e1s\u00e1nak \u00e9s a hamis h\u00edrek terjeszt\u00e9s\u00e9nek elfogad\u00e1s\u00e1t, valamint a gyilkoss\u00e1gok \u00e9s kibert\u00e1mad\u00e1sok el nem ismer\u00e9s\u00e9t jelenten\u00e9. Ez az \u00e9rt\u00e9kek el\u00e9rt\u00e9ktelened\u00e9s\u00e9hez vezetne &#8211; tette hozz\u00e1 az ukr\u00e1n minisztereln\u00f6k.<br \/>\n<div class=\"ads-in-post2\"><script async src=\"https:\/\/pagead2.googlesyndication.com\/pagead\/js\/adsbygoogle.js\"><\/script>\r\n<ins class=\"adsbygoogle\"\r\n     style=\"display:block\"\r\n     data-ad-format=\"fluid\"\r\n     data-ad-layout-key=\"-6t+ed+2i-1n-4w\"\r\n     data-ad-client=\"ca-pub-1959107119989764\"\r\n     data-ad-slot=\"4008251320\"><\/ins>\r\n<script>\r\n     (adsbygoogle = window.adsbygoogle || []).push({});\r\n<\/script><\/div>\n    Federica Mogherini, az Eur\u00f3pai Uni\u00f3 (EU) k\u00fcl- \u00e9s biztons\u00e1gpolitikai f\u0151k\u00e9pvisel\u0151je megism\u00e9telte kor\u00e1bbi kijelent\u00e9s\u00e9t, amely szerint az uni\u00f3t aggodalommal t\u00f6lti el a Kercsi-szoros k\u00f6rny\u00e9k\u00e9n \u00e9s Azovi-tengeren kialakult helyzet elm\u00e9rgesed\u00e9se, valamint az Oroszorsz\u00e1g \u00e1ltal elk\u00f6vetett nemzetk\u00f6zi jogs\u00e9rt\u00e9sek. Meger\u0151s\u00edtette, hogy az uni\u00f3 elk\u00f6telezett a nemzetk\u00f6zi jog, Ukrajna ter\u00fcleti egys\u00e9ge \u00e9s f\u00fcggetlens\u00e9ge mellett, valamint el\u00edt\u00e9li a Kr\u00edm-f\u00e9lsziget jogellenes annekt\u00e1l\u00e1s\u00e1t. A f\u0151k\u00e9pvisel\u0151 arra eml\u00e9keztetett, hogy az uni\u00f3 ism\u00e9telten felsz\u00f3l\u00edtja Oroszorsz\u00e1got minden elfogott ukr\u00e1n tenger\u00e9sz azonnali szabadon bocs\u00e1t\u00e1s\u00e1ra, a lefoglalt haj\u00f3k visszaszolg\u00e1ltat\u00e1s\u00e1ra \u00e9s annak biztos\u00edt\u00e1s\u00e1ra, hogy valamennyi haj\u00f3 szabadon \u00e1thaladhasson a Kercsi-szoroson.<br \/>\n    Egyebek mellett arra eml\u00e9keztetett, hogy p\u00e9nteken az Eur\u00f3pai Uni\u00f3 \u00fajabb f\u00e9l \u00e9vvel meghosszabb\u00edtotta az Oroszorsz\u00e1ggal szemben bevezetett gazdas\u00e1gi szankci\u00f3kat, mivel nem t\u00f6rt\u00e9nt el\u0151rel\u00e9p\u00e9s a minszki meg\u00e1llapod\u00e1sok v\u00e9grehajt\u00e1s\u00e1ban.<br \/>\n    November 25-\u00e9n a Fekete-tengeren, a Kercsi-szoros k\u00f6zel\u00e9ben, a Kr\u00edm partjait\u00f3l 13-14 tengeri m\u00e9rf\u00f6ldre az orosz parti \u0151rs\u00e9g t\u00fczet nyitott h\u00e1rom kisebb ukr\u00e1n hadihaj\u00f3ra, amelyeket elfoglalt, a 24 f\u0151nyi leg\u00e9nys\u00e9g\u00fcket elfogta, ellen\u00fck tiltott hat\u00e1r\u00e1tl\u00e9p\u00e9s c\u00edm\u00e9n elj\u00e1r\u00e1st ind\u00edtott.(MTI)<\/p>\n","protected":false},"excerpt":{"rendered":"<p>A Fekete-tengeren, a Kercsi-szoros k\u00f6zel\u00e9ben nem provok\u00e1ci\u00f3, nem is agresszi\u00f3 t\u00f6rt\u00e9nt az orosz hader\u0151 r\u00e9sz\u00e9r\u0151l, hanem brut\u00e1lis t\u00e1mad\u00e1s \u00e9rte a f\u00fcggetlen Ukrajn\u00e1t, f\u00fcggetlen flott\u00e1j\u00e1t \u00e9s leg\u00e9nys\u00e9g\u00e9t &#8211; jelentette ki Volodimir Hrojszman ukr\u00e1n minisztereln\u00f6k Br\u00fcsszelben, az EU-Ukrajna T\u00e1rsul\u00e1si Tan\u00e1cs \u00fcl\u00e9s\u00e9t k\u00f6vet\u0151en h\u00e9tf\u0151n.<\/p>\n","protected":false},"author":1,"featured_media":0,"comment_status":"closed","ping_status":"open","sticky":false,"template":"","format":"standard","meta":[],"categories":[12],"tags":[],"_links":{"self":[{"href":"https:\/\/gazdasagportal.hu\/index.php\/wp-json\/wp\/v2\/posts\/111934"}],"collection":[{"href":"https:\/\/gazdasagportal.hu\/index.php\/wp-json\/wp\/v2\/posts"}],"about":[{"href":"https:\/\/gazdasagportal.hu\/index.php\/wp-json\/wp\/v2\/types\/post"}],"author":[{"embeddable":true,"href":"https:\/\/gazdasagportal.hu\/index.php\/wp-json\/wp\/v2\/users\/1"}],"replies":[{"embeddable":true,"href":"https:\/\/gazdasagportal.hu\/index.php\/wp-json\/wp\/v2\/comments?post=111934"}],"version-history":[{"count":1,"href":"https:\/\/gazdasagportal.hu\/index.php\/wp-json\/wp\/v2\/posts\/111934\/revisions"}],"predecessor-version":[{"id":111935,"href":"https:\/\/gazdasagportal.hu\/index.php\/wp-json\/wp\/v2\/posts\/111934\/revisions\/111935"}],"wp:attachment":[{"href":"https:\/\/gazdasagportal.hu\/index.php\/wp-json\/wp\/v2\/media?parent=111934"}],"wp:term":[{"taxonomy":"category","embeddable":true,"href":"https:\/\/gazdasagportal.hu\/index.php\/wp-json\/wp\/v2\/categories?post=111934"},{"taxonomy":"post_tag","embeddable":true,"href":"https:\/\/gazdasagportal.hu\/index.php\/wp-json\/wp\/v2\/tags?post=111934"}],"curies":[{"name":"wp","href":"https:\/\/api.w.org\/{rel}","templated":true}]}}